{"id":493919,"date":"2025-10-27T20:41:14","date_gmt":"2025-10-27T20:41:14","guid":{"rendered":"https:\/\/www.europesays.com\/fr\/493919\/"},"modified":"2025-10-27T20:41:14","modified_gmt":"2025-10-27T20:41:14","slug":"la-nouvelle-salle-du-masters-1000-de-paris-plait-deja","status":"publish","type":"post","link":"https:\/\/www.europesays.com\/fr\/493919\/","title":{"rendered":"la nouvelle salle du Masters 1000 de Paris pla\u00eet d\u00e9j\u00e0"},"content":{"rendered":"<p class=\"insetTitle\">Les infos \u00e0 retenir<\/p>\n<p><strong>Retour gagnant pour Dimitrov, qui \u00e9c\u0153ure Mpetshi Perricard<\/strong><\/p>\n<p>Presque quatre mois apr\u00e8s sa d\u00e9chirure du pectoral en huiti\u00e8mes de finale de Wimbledon face \u00e0 <a href=\"https:\/\/www.ledauphine.com\/p\/jannik-sinner\" target=\"_blank\" rel=\"nofollow noopener\">Jannik Sinner<\/a>, Grigor Dimitrov a sign\u00e9 un retour gagnant ce lundi, sur le court Central de Paris La D\u00e9fense Arena. Finaliste \u00e0 Paris il y a deux ans, le Bulgare de 34 ans a domin\u00e9 en 1h35 <a href=\"https:\/\/www.ledauphine.com\/p\/giovanni-mpetshi-perricard\" target=\"_blank\" rel=\"nofollow noopener\">Giovanni Mpetshi Perricard<\/a>. Tout proche de se d\u00e9tacher dans le premier set, le Fran\u00e7ais a c\u00e9d\u00e9 dans le tie-break, avant de totalement s\u2019\u00e9crouler dans la seconde manche (7-6 (5), 6-1). L\u2019\u00e9pilogue ou presque d\u2019une saison de la confirmation tr\u00e8s d\u00e9licate pour le jeune Lyonnais, d\u00e9j\u00e0 battu d\u2019entr\u00e9e \u00e0 B\u00e2le la semaine derni\u00e8re par Joao Fonseca. Dimitrov poursuit lui sa route, \u00e9galement engag\u00e9 en double avec Nicolas Mahut, qui dispute \u00e0 43 ans le dernier tournoi de sa longue carri\u00e8re.<\/p>\n<p><strong>Rinderknech attend son cousin au 2e tour<\/strong><\/p>\n<p>A peine deux semaines apr\u00e8s leur finale surprise \u00e0 Shanghai, Arthur Rinderknech et Valentin Vacherot pourraient se retrouver au 2e tour \u00e0 Paris. Le premier a en tout cas rempli sa part du contrat, pour son premier match en indoor. Engag\u00e9 ce mardi en double aux c\u00f4t\u00e9s de Giovanni Mpetshi Perricard, Rinderknech ne pourra pas encourager des gradins son cousin, oppos\u00e9 d\u00e8s 11h sur le central au Tch\u00e8que Jiri Lehecka (n\u00b014). \u00ab\u00a0Je serai s\u00fbrement sur le court d\u2019\u00e9chauffement. Je suivrai d\u2019un \u0153il, peut-\u00eatre que Lucas (Pouille, son coach ndlr) regardera. Cette fois-ci, c\u2019est moi qui suis le premier \u00e0 jouer, c\u2019est \u00e0 lui de me suivre. Je pr\u00e9f\u00e8re aussi comme \u00e7a, parce que c\u2019\u00e9tait bien fatiguant \u00e0 Shanghai \u00bb, a d\u00e9clar\u00e9 le Fran\u00e7ais.<\/p>\n<p><strong>Royer, jamais deux sans trois<\/strong>\u00a0<\/p>\n<p>Finaliste sortant du tournoi, <a href=\"https:\/\/www.ledauphine.com\/sport\/2025\/10\/27\/ugo-humbert-finaliste-en-2024-declare-forfait-pour-le-masters-1000-de-paris\" target=\"_blank\" rel=\"nofollow noopener\">Ugo Humbert ne d\u00e9couvrira pas les courts de Paris La D\u00e9fense Arena cette ann\u00e9e.<\/a> Touch\u00e9 au dos samedi en demi-finales \u00e0 B\u00e2le, la m\u00eame blessure qui l\u2019avait d\u00e9j\u00e0 \u00e9loign\u00e9 des courts ces derniers mois, le n\u00b01 fran\u00e7ais\/Lorrain a \u00e9t\u00e9 contraint de renoncer. Son forfait fait les affaires de Valentin Royer, rep\u00each\u00e9 apr\u00e8s sa d\u00e9faite dimanche au second tour des qualifications. D\u00e9j\u00e0 lucky loser \u00e0 Bruxelles puis \u00e0 B\u00e2le, Royer devient le premier joueur du circuit \u00e0 b\u00e9n\u00e9ficier de ce statut pour la troisi\u00e8me semaine d\u2019affil\u00e9e. Le 59e mondial aura fort \u00e0 faire ce mardi, oppos\u00e9 \u00e0 l\u2019Espagnol Alejandro Davidovich Fokina (n\u00b015), tombeur d\u2019Humbert et finaliste dimanche en Suisse.<\/p>\n<p><strong>Muller stoppe l\u2019h\u00e9morragie<\/strong><\/p>\n<p>Alexandre Muller a mis lundi fin \u00e0 une s\u00e9rie de quatre d\u00e9faites cons\u00e9cutives sur le circuit principal, solide vainqueur en 1h30 de l\u2019Am\u00e9ricain Brandon Nakashima (6-2, 7-5). Le 44e mondial tentera d\u2019encha\u00eener face au Canadien Felix Auger-Aliassime ou \u00e0 l\u2019Argentin Francisco Comesana. Ce serait une premi\u00e8re pour l\u2019Aixois depuis la mi-mai.<\/p>\n<p class=\"insetSignature\">Thomas Moulin, \u00e0 Nanterre<\/p>\n","protected":false},"excerpt":{"rendered":"Les infos \u00e0 retenir Retour gagnant pour Dimitrov, qui \u00e9c\u0153ure Mpetshi Perricard Presque quatre mois apr\u00e8s sa d\u00e9chirure&hellip;\n","protected":false},"author":2,"featured_media":493920,"comment_status":"","ping_status":"","sticky":false,"template":"","format":"standard","meta":{"footnotes":""},"categories":[1888],"tags":[11,1777,674,107,1011,27,12,626,25,517,1947,1467],"class_list":{"0":"post-493919","1":"post","2":"type-post","3":"status-publish","4":"format-standard","5":"has-post-thumbnail","7":"category-paris","8":"tag-actualites","9":"tag-eu","10":"tag-europe","11":"tag-fil-info","12":"tag-fr","13":"tag-france","14":"tag-news","15":"tag-paris","16":"tag-republique-francaise","17":"tag-sport","18":"tag-sport-national","19":"tag-tennis"},"share_on_mastodon":{"url":"https:\/\/pubeurope.com\/@fr\/115448072361710465","error":""},"_links":{"self":[{"href":"https:\/\/www.europesays.com\/fr\/wp-json\/wp\/v2\/posts\/493919","targetHints":{"allow":["GET"]}}],"collection":[{"href":"https:\/\/www.europesays.com\/fr\/wp-json\/wp\/v2\/posts"}],"about":[{"href":"https:\/\/www.europesays.com\/fr\/wp-json\/wp\/v2\/types\/post"}],"author":[{"embeddable":true,"href":"https:\/\/www.europesays.com\/fr\/wp-json\/wp\/v2\/users\/2"}],"replies":[{"embeddable":true,"href":"https:\/\/www.europesays.com\/fr\/wp-json\/wp\/v2\/comments?post=493919"}],"version-history":[{"count":0,"href":"https:\/\/www.europesays.com\/fr\/wp-json\/wp\/v2\/posts\/493919\/revisions"}],"wp:featuredmedia":[{"embeddable":true,"href":"https:\/\/www.europesays.com\/fr\/wp-json\/wp\/v2\/media\/493920"}],"wp:attachment":[{"href":"https:\/\/www.europesays.com\/fr\/wp-json\/wp\/v2\/media?parent=493919"}],"wp:term":[{"taxonomy":"category","embeddable":true,"href":"https:\/\/www.europesays.com\/fr\/wp-json\/wp\/v2\/categories?post=493919"},{"taxonomy":"post_tag","embeddable":true,"href":"https:\/\/www.europesays.com\/fr\/wp-json\/wp\/v2\/tags?post=493919"}],"curies":[{"name":"wp","href":"https:\/\/api.w.org\/{rel}","templated":true}]}}