{"id":493923,"date":"2025-10-27T20:43:17","date_gmt":"2025-10-27T20:43:17","guid":{"rendered":"https:\/\/www.europesays.com\/fr\/493923\/"},"modified":"2025-10-27T20:43:17","modified_gmt":"2025-10-27T20:43:17","slug":"entre-lukraine-et-la-russie-une-guerre-vue-du-ciel-liberation","status":"publish","type":"post","link":"https:\/\/www.europesays.com\/fr\/493923\/","title":{"rendered":"entre l\u2019Ukraine et la Russie, une guerre vue du ciel \u2013 Lib\u00e9ration"},"content":{"rendered":"<p class=\"sc-cPiKLX AiZTS text-element\">Quelques jours plus t\u00f4t, vendredi 24 octobre, un drone ukrainien avait d\u00e9j\u00e0 heurt\u00e9 un immeuble \u00e0 Krasnogorsk, dans la r\u00e9gion de Moscou, faisant cinq bless\u00e9s. Dans leur sillage, les drones ont touch\u00e9 un minibus pr\u00e8s de la fronti\u00e8re russo-ukrainienne, tuant le chauffeur sur le coup et blessant cinq passagers.<\/p>\n<p class=\"sc-cPiKLX AiZTS text-element\">A l\u2019inverse, ces sept derniers jours, la Russie aurait lanc\u00e9 pr\u00e8s de 1 200 drones contre l\u2019Ukraine, a indiqu\u00e9 Volodymyr Zelensky dans une vid\u00e9o publi\u00e9e dimanche 26 octobre sur son compte Facebook. Des frappes quotidiennes qui, selon le chef de l\u2019Etat ukrainien, visent \u00abdes enfants et des infrastructures civiles\u00bb, y compris au-del\u00e0 des territoires occup\u00e9s. <\/p>\n<p class=\"sc-cPiKLX AiZTS text-element\">Parmi les cibles r\u00e9centes : un immeuble r\u00e9sidentiel \u00e0 Kyiv, <\/p>\n","protected":false},"excerpt":{"rendered":"Quelques jours plus t\u00f4t, vendredi 24 octobre, un drone ukrainien avait d\u00e9j\u00e0 heurt\u00e9 un immeuble \u00e0 Krasnogorsk, dans&hellip;\n","protected":false},"author":2,"featured_media":493924,"comment_status":"","ping_status":"","sticky":false,"template":"","format":"standard","meta":{"footnotes":""},"categories":[1590],"tags":[11,554,1777,674,12,132,220,297],"class_list":{"0":"post-493923","1":"post","2":"type-post","3":"status-publish","4":"format-standard","5":"has-post-thumbnail","7":"category-ukraine","8":"tag-actualites","9":"tag-defense","10":"tag-eu","11":"tag-europe","12":"tag-news","13":"tag-russie","14":"tag-ukraine","15":"tag-ukraine-la-crise"},"share_on_mastodon":{"url":"https:\/\/pubeurope.com\/@fr\/115448080286438803","error":""},"_links":{"self":[{"href":"https:\/\/www.europesays.com\/fr\/wp-json\/wp\/v2\/posts\/493923","targetHints":{"allow":["GET"]}}],"collection":[{"href":"https:\/\/www.europesays.com\/fr\/wp-json\/wp\/v2\/posts"}],"about":[{"href":"https:\/\/www.europesays.com\/fr\/wp-json\/wp\/v2\/types\/post"}],"author":[{"embeddable":true,"href":"https:\/\/www.europesays.com\/fr\/wp-json\/wp\/v2\/users\/2"}],"replies":[{"embeddable":true,"href":"https:\/\/www.europesays.com\/fr\/wp-json\/wp\/v2\/comments?post=493923"}],"version-history":[{"count":0,"href":"https:\/\/www.europesays.com\/fr\/wp-json\/wp\/v2\/posts\/493923\/revisions"}],"wp:featuredmedia":[{"embeddable":true,"href":"https:\/\/www.europesays.com\/fr\/wp-json\/wp\/v2\/media\/493924"}],"wp:attachment":[{"href":"https:\/\/www.europesays.com\/fr\/wp-json\/wp\/v2\/media?parent=493923"}],"wp:term":[{"taxonomy":"category","embeddable":true,"href":"https:\/\/www.europesays.com\/fr\/wp-json\/wp\/v2\/categories?post=493923"},{"taxonomy":"post_tag","embeddable":true,"href":"https:\/\/www.europesays.com\/fr\/wp-json\/wp\/v2\/tags?post=493923"}],"curies":[{"name":"wp","href":"https:\/\/api.w.org\/{rel}","templated":true}]}}