{"id":493942,"date":"2025-10-27T20:54:14","date_gmt":"2025-10-27T20:54:14","guid":{"rendered":"https:\/\/www.europesays.com\/fr\/493942\/"},"modified":"2025-10-27T20:54:14","modified_gmt":"2025-10-27T20:54:14","slug":"toujours-a-la-recherche-dune-victoire-en-top-14-perpignan-officialise-la-mise-en-retrait-de-franck-azema-lequipe","status":"publish","type":"post","link":"https:\/\/www.europesays.com\/fr\/493942\/","title":{"rendered":"Toujours \u00e0 la recherche d&#039;une victoire en Top 14, Perpignan officialise la \u00abmise en retrait\u00bb de Franck Az\u00e9ma &#8211; L&#039;\u00c9quipe"},"content":{"rendered":"<ol>\n<li><a href=\"https:\/\/news.google.com\/rss\/articles\/CBMi6AFBVV95cUxPcVBhR3JIdTRqWnh0RmhUVHdEcU1IRFltVHRzY2pHWVotWi02cTZXVHp1cjVKTEQ3UWlvV0xYV2VCcnR3VmtrZUppWDdDaXhXNGRNLWg0LU9mNVdIa3c1VHhzT1Y1NTU4N3JrSjBoaWFTb2toMy1hT1BZdEh0RG1BVVRnVXl1aWRLN20wSnZTbHVkYUY4czlNbWdyNllibUtNQjEwM2g1Qy1DWFpTV2ZtM2NtQmVHdzlETmMwaVlaVVhwY1d6SXpSWkxFTEhNd2JwTUNULXZiX3J5MFdwMUNCREpqWDl0ME9p?oc=5\" target=\"_blank\" rel=\"nofollow noopener\">Toujours \u00e0 la recherche d&rsquo;une victoire en Top 14, Perpignan officialise la \u00abmise en retrait\u00bb de Franck Az\u00e9ma<\/a>&nbsp;&nbsp;L&rsquo;\u00c9quipe<\/li>\n<li><a href=\"https:\/\/news.google.com\/rss\/articles\/CBMimAJBVV95cUxQeDhRZWplQ1oyODA5UE5UMy1MazZKMGpBNkZabUNpNjMyNktDdFlUWTA3TmxDanE1OGRfa0ZoaHR6WW16cXFvaVowZHd2c2c1Qml3V3RRY3FRQ0d6aXB4WGJRZ2t5V0dLUlBQVzFQSHZTSUdQRFVHUjRZLXRCOEdDX2p0MHdOZkQyZk5LQnY1Z05YaEF3ekZVMTZSclFnWUp3c1dVNW9kYzA2N3h5Z2ttUV9jcUYzdGViMVBaLXdmZFI3bk9KUXMwLXBLaHE5cnpPR0ZXbmVSVVVwNktoLXJaVlJTNkVVVVBaYzUzb0dpa3RrMi1mVEpCSHN4MXRhUU9YM0V4ZDdMaFY1Yi1PRnkzOXlEX2ViT281?oc=5\" target=\"_blank\" rel=\"nofollow noopener\">Top 14 &#8211; L\u2019USAP a act\u00e9 la mise en retrait du manager Franck Az\u00e9ma : comment s\u2019est pass\u00e9e la journ\u00e9e de lundi et que va-t-il se passer d\u00e9sormais<\/a>&nbsp;&nbsp;L&rsquo;Ind\u00e9pendant<\/li>\n<li><a href=\"https:\/\/news.google.com\/rss\/articles\/CBMi-AFBVV95cUxQaDRNVkhpSG5hVGhxUlVqeTVZVDRwODFMNVNkb1RKcHpYTVBpbzA1ZTJvVzU3dk5SNkxFOWhaQ09YMGdXZFRybHY2bV95VkE2RU1WRHpqMUkyVkRqaFphbnQ0TFhkdlEzLUNKdUdxSXJPVnBUbGNYMWNTWFF6VjZrTjB1ZmJzMVlndTlkSVJ0dnYwT1FvNXVVRW5DVmluR2poM2JiamxrTWZ4b1RscHRoWDBzLUdBcUNlRlJCeFFxeG44MmhjYmZlQS16WVJWSlA3UENHSjA0eXhsZzZxcEpEY1E0OXBONEZmTG0tVUE3SU9QY3ZCOUVJZA?oc=5\" target=\"_blank\" rel=\"nofollow noopener\">Un Grand Huit fatal: Franck Az\u00e9ma \u00e9cart\u00e9 de ses fonctions \u00e0 Perpignan apr\u00e8s le d\u00e9but de saison d\u00e9sastreux<\/a>&nbsp;&nbsp;RMC Sport<\/li>\n<li><a href=\"https:\/\/news.google.com\/rss\/articles\/CBMiggJBVV95cUxPOEtmMkdGbHFRMUlPUnFHQnVLNThWblNPeUI3SlpDa1UtaW9PbmZRWmFHbTI1QVVCak9XeFpqeEhHeUY4emtvWHo5MmVBYTRJREdyckZHNEZYV3FBU0Nwb3NYMEV2TWZEUnVwTjlYR1FyWFRpeEZQNkhEVWJHenVnWUZBWTYzeEhEVXFDMDZYZW5fZzRIdk4xbElxeWR1MVRJdk5MSlpoY3pFX0hGQldYbHRRWkdDT21sYlluQ2VuZWNVbXhNbGJBMUVXbE05LU5QUFRYeGxOdFBicUQ5Y1ZLTEZ5d0Q5Z0lGN3FDbTktcEd3cFVrb2ZrWFhibmgyRmdmZUE?oc=5\" target=\"_blank\" rel=\"nofollow noopener\">Rugby (Top 14). Des supporters irr\u00e9prochables, une \u00e9quipe visiteuse qui nettoie son vestiaire : USM et USAP se quittent bons amis<\/a>&nbsp;&nbsp;ladepeche.fr<\/li>\n<li><a href=\"https:\/\/news.google.com\/rss\/articles\/CBMixAFBVV95cUxPYTlzbjVjbW5YdDVvcktiRGxDa0RPbm1YMVZjbHRWaVFxWFlleVg4Ynh5YTVCSllvajdhSVlaT19iNWRqYklidE9aVktmOEtKTVZjX2Vub00tX21jS0wyRFdnYkdkZ1ZXdk5pVTRrcl9MV0t4aWdDVFBPckZZM1dCMVQ5T3ZKWU5QRk5qRWdCdllkWkpvTmdvVFAyN1ZXckFCaWtXb3d3cXFqRWZweWVWRDZaQ0hhMnNYc1pvSWU3a0dIRjN5?oc=5\" target=\"_blank\" rel=\"nofollow noopener\">Top 14 \u2013 Pour l\u2019instant, Perpignan est la pire \u00e9quipe de l\u2019histoire du championnat<\/a>&nbsp;&nbsp;Rugbyrama<\/li>\n<\/ol>\n","protected":false},"excerpt":{"rendered":"Toujours \u00e0 la recherche d&rsquo;une victoire en Top 14, Perpignan officialise la \u00abmise en retrait\u00bb de Franck Az\u00e9ma&nbsp;&nbsp;L&rsquo;\u00c9quipe&hellip;\n","protected":false},"author":2,"featured_media":493943,"comment_status":"","ping_status":"","sticky":false,"template":"","format":"standard","meta":{"footnotes":""},"categories":[1416],"tags":[1011,27,479,1468,60],"class_list":{"0":"post-493942","1":"post","2":"type-post","3":"status-publish","4":"format-standard","5":"has-post-thumbnail","7":"category-rugby","8":"tag-fr","9":"tag-france","10":"tag-rugby","11":"tag-rugby-football","12":"tag-sports"},"share_on_mastodon":{"url":"https:\/\/pubeurope.com\/@fr\/115448123527976715","error":""},"_links":{"self":[{"href":"https:\/\/www.europesays.com\/fr\/wp-json\/wp\/v2\/posts\/493942","targetHints":{"allow":["GET"]}}],"collection":[{"href":"https:\/\/www.europesays.com\/fr\/wp-json\/wp\/v2\/posts"}],"about":[{"href":"https:\/\/www.europesays.com\/fr\/wp-json\/wp\/v2\/types\/post"}],"author":[{"embeddable":true,"href":"https:\/\/www.europesays.com\/fr\/wp-json\/wp\/v2\/users\/2"}],"replies":[{"embeddable":true,"href":"https:\/\/www.europesays.com\/fr\/wp-json\/wp\/v2\/comments?post=493942"}],"version-history":[{"count":0,"href":"https:\/\/www.europesays.com\/fr\/wp-json\/wp\/v2\/posts\/493942\/revisions"}],"wp:featuredmedia":[{"embeddable":true,"href":"https:\/\/www.europesays.com\/fr\/wp-json\/wp\/v2\/media\/493943"}],"wp:attachment":[{"href":"https:\/\/www.europesays.com\/fr\/wp-json\/wp\/v2\/media?parent=493942"}],"wp:term":[{"taxonomy":"category","embeddable":true,"href":"https:\/\/www.europesays.com\/fr\/wp-json\/wp\/v2\/categories?post=493942"},{"taxonomy":"post_tag","embeddable":true,"href":"https:\/\/www.europesays.com\/fr\/wp-json\/wp\/v2\/tags?post=493942"}],"curies":[{"name":"wp","href":"https:\/\/api.w.org\/{rel}","templated":true}]}}