{"id":493949,"date":"2025-10-27T21:01:17","date_gmt":"2025-10-27T21:01:17","guid":{"rendered":"https:\/\/www.europesays.com\/fr\/493949\/"},"modified":"2025-10-27T21:01:17","modified_gmt":"2025-10-27T21:01:17","slug":"jetais-mort-donc-jen-ai-profite-pour-letonnante-anecdote-de-stephane-monpetit-eliott-a-propos-de-la-scene-a-la-morgue","status":"publish","type":"post","link":"https:\/\/www.europesays.com\/fr\/493949\/","title":{"rendered":"\u00ab\u00a0J&rsquo;\u00e9tais mort donc j&rsquo;en ai profit\u00e9 pour&#8230;\u00a0\u00bb, l&rsquo;\u00e9tonnante anecdote de St\u00e9phane Monpetit (Eliott) \u00e0 propos de la sc\u00e8ne \u00e0 la morgue"},"content":{"rendered":"<p>T\u00e9l\u00e9-Loisirs a interview\u00e9 St\u00e9phane Monpetit, dont le personnage d&rsquo;Eliott, dans Un si grand soleil sur France 3, est mort. L&rsquo;occasion pour le com\u00e9dien de r\u00e9v\u00e9ler une anecdote amusante.<\/p>\n<p>L&rsquo;\u00e9pisode d&rsquo;<b>Un si grand soleil<\/b> diffus\u00e9 le vendredi 24 octobre 2025 a marqu\u00e9 l&rsquo;histoire du feuilleton et les millions de fans le suivant quotidiennement sur France 3. Ce soir-l\u00e0, Eliott Faure, pr\u00e9sent depuis la toute premi\u00e8re saison en 2018, est en effet <a href=\"https:\/\/www.programme-tv.net\/news\/series-tv\/390426-un-si-grand-soleil-en-avance-eliott-est-mort-pauline-sort-du-coma-le-resume-de-l-episode-1778-du-jeudi-23-octobre-2025\/\" data-api-deeplink=\"teleloisirs:\/\/news\/390426\" rel=\"nofollow noopener\" target=\"_blank\">retrouv\u00e9 mort, gisant dans une mare de sang<\/a>. Un v\u00e9ritable choc pour Eve, sa m\u00e8re, et une secousse qui va sans aucun doute avoir de profondes r\u00e9pliques \u00e0 Montpellier. Pour son interpr\u00e8te, <a href=\"https:\/\/www.programme-tv.net\/news\/series-tv\/390048-un-si-grand-soleil-il-y-a-forcement-un-moment-ou-on-se-dit-qu-on-n-a-pas-ete-assez-bon-stephane-monpetit-reagit-a-la-mort-d-eliott\/\" data-api-deeplink=\"teleloisirs:\/\/news\/390048\" rel=\"nofollow noopener\" target=\"_blank\">St\u00e9phane Monpetit, qui au micro de T\u00e9l\u00e9-Loisirs s&rsquo;est dit serein \u00e0 propos de son d\u00e9part d&rsquo;USGS<\/a>, c&rsquo;est aussi le d\u00e9but d&rsquo;un nouveau chapitre. Mais avant de quitter d\u00e9finitivement Un si grand soleil, l&rsquo;acteur a encore quelques \u00ab\u00a0obligations\u00a0\u00bb de pr\u00e9sence. Et notamment dans l&rsquo;\u00e9pisode de ce lundi 27 octobre 2025 durant lequel le corps sans vie d&rsquo;Eliott est pr\u00e9sent\u00e9 \u00e0 sa m\u00e8re \u00e0 l&rsquo;institut m\u00e9dico-l\u00e9gal. Et oui, c&rsquo;est bien St\u00e9phane Monpetit qui interpr\u00e8te son personnage mort. Une exp\u00e9rience \u00e0 la fois \u00e9tonnante et introspective, comme il l&rsquo;a confi\u00e9, une nouvelle fois en exclusivit\u00e9, \u00e0 T\u00e9l\u00e9-Loisirs.<\/p>\n<p>                        Un si grand soleil : \u00ab\u00a0J&rsquo;\u00e9tais mort donc j&rsquo;en ai profit\u00e9 pour&#8230;\u00a0\u00bb, l&rsquo;\u00e9tonnante anecdote de St\u00e9phane Monpetit (Eliott) \u00e0 propos de la sc\u00e8ne \u00e0 la morgue<\/p>\n<p>\u00c0 quoi pensait St\u00e9phane Monpetit lorsqu&rsquo;il gisait ainsi sur la table de la morgue d&rsquo;Un si grand soleil ? La r\u00e9ponse du com\u00e9dien risque de vous surprendre. \u00ab\u00a0J&rsquo;en ai profit\u00e9 pour dire au revoir \u00e0 mon personnage une derni\u00e8re fois, lors de la derni\u00e8re prise. Je pouvais me le formuler parce que je n&rsquo;\u00e9tais pas en jeu. J&rsquo;\u00e9tais mort. C&rsquo;\u00e9tait assez marrant de dire ainsi au revoir \u00e0 son personnage\u00a0\u00bb r\u00e9v\u00e8le-t-il, tout en glissant qu&rsquo;il devait tout de m\u00eame faire attention \u00e0 un d\u00e9tail pas si anodin que cela : \u00ab\u00a0Je devais faire en sorte de ne pas respirer trop fort pour ne pas que le drap qui couvre mon corps ondule !\u00a0\u00bb Apr\u00e8s cette derni\u00e8re prestation, St\u00e9phane Monpetit a eu droit \u00e0 \u00ab\u00a0son\u00a0\u00bb moment : \u00ab\u00a0L&rsquo;\u00e9quipe m&rsquo;a applaudi. La production m&rsquo;a remerci\u00e9. C&rsquo;\u00e9tait un tr\u00e8s beau moment.\u00a0\u00bb<\/p>\n<p>            Un si grand soleil : \u00ab\u00a0Emma Colberti est une com\u00e9dienne exceptionnelle\u00a0\u00bb, St\u00e9phane Monpetit ne tarit pas d&rsquo;\u00e9loges sur l&rsquo;interpr\u00e8te de la m\u00e8re d&rsquo;Eliott<\/p>\n<p>Quant \u00e0 sa camarade <a href=\"https:\/\/www.programme-tv.net\/biographie\/1193-colberti-emma\/\" data-link-people=\"962dbc1a-9d51-4062-967e-266280a2f76c\" rel=\"nofollow noopener\" target=\"_blank\">Emma Colberti<\/a>, qui joue donc Eve, sa m\u00e8re, <a href=\"https:\/\/www.programme-tv.net\/news\/series-tv\/390563-un-si-grand-soleil-en-avance-eve-est-devastee-par-la-mort-d-eliott-elodie-et-pauline-se-retrouvent-le-resume-de-l-episode-1779-du-lundi-27-octobre-2025\/\" data-api-deeplink=\"teleloisirs:\/\/news\/390563\" rel=\"nofollow noopener\" target=\"_blank\">d\u00e9vast\u00e9e par la mort d&rsquo;Eliott<\/a>, St\u00e9phane Monpetit n&rsquo;a que des compliments aux l\u00e8vres : \u00ab\u00a0Elle est une com\u00e9dienne exceptionnelle. D&rsquo;autant plus dans mes sc\u00e8nes d&rsquo;\u00e9motion. Je pense que [cette sc\u00e8ne] va \u00eatre tr\u00e8s bonne. Malheureusement, je ne l&rsquo;ai pas vue. Je la d\u00e9couvrirai comme les t\u00e9l\u00e9spectateurs !\u00a0\u00bb Rendez-vous donc, avec St\u00e9phane Monpetit, ce lundi 27 octobre 2025 \u00e0 20h45 pour l&rsquo;in\u00e9dit d&rsquo;Un si grand soleil sur France 3 !<\/p>\n","protected":false},"excerpt":{"rendered":"T\u00e9l\u00e9-Loisirs a interview\u00e9 St\u00e9phane Monpetit, dont le personnage d&rsquo;Eliott, dans Un si grand soleil sur France 3, est&hellip;\n","protected":false},"author":2,"featured_media":493950,"comment_status":"","ping_status":"","sticky":false,"template":"","format":"standard","meta":{"footnotes":""},"categories":[1359],"tags":[244,3934,58,59,1011,27,876,2173,973,5251,9766],"class_list":{"0":"post-493949","1":"post","2":"type-post","3":"status-publish","4":"format-standard","5":"has-post-thumbnail","7":"category-people","8":"tag-commentaire","9":"tag-coulisses","10":"tag-divertissement","11":"tag-entertainment","12":"tag-fr","13":"tag-france","14":"tag-france-3","15":"tag-interview","16":"tag-people","17":"tag-tu00e9lu00e9-loisirs","18":"tag-un-si-grand-soleil"},"share_on_mastodon":{"url":"https:\/\/pubeurope.com\/@fr\/115448151086489162","error":""},"_links":{"self":[{"href":"https:\/\/www.europesays.com\/fr\/wp-json\/wp\/v2\/posts\/493949","targetHints":{"allow":["GET"]}}],"collection":[{"href":"https:\/\/www.europesays.com\/fr\/wp-json\/wp\/v2\/posts"}],"about":[{"href":"https:\/\/www.europesays.com\/fr\/wp-json\/wp\/v2\/types\/post"}],"author":[{"embeddable":true,"href":"https:\/\/www.europesays.com\/fr\/wp-json\/wp\/v2\/users\/2"}],"replies":[{"embeddable":true,"href":"https:\/\/www.europesays.com\/fr\/wp-json\/wp\/v2\/comments?post=493949"}],"version-history":[{"count":0,"href":"https:\/\/www.europesays.com\/fr\/wp-json\/wp\/v2\/posts\/493949\/revisions"}],"wp:featuredmedia":[{"embeddable":true,"href":"https:\/\/www.europesays.com\/fr\/wp-json\/wp\/v2\/media\/493950"}],"wp:attachment":[{"href":"https:\/\/www.europesays.com\/fr\/wp-json\/wp\/v2\/media?parent=493949"}],"wp:term":[{"taxonomy":"category","embeddable":true,"href":"https:\/\/www.europesays.com\/fr\/wp-json\/wp\/v2\/categories?post=493949"},{"taxonomy":"post_tag","embeddable":true,"href":"https:\/\/www.europesays.com\/fr\/wp-json\/wp\/v2\/tags?post=493949"}],"curies":[{"name":"wp","href":"https:\/\/api.w.org\/{rel}","templated":true}]}}