{"id":493953,"date":"2025-10-27T21:04:12","date_gmt":"2025-10-27T21:04:12","guid":{"rendered":"https:\/\/www.europesays.com\/fr\/493953\/"},"modified":"2025-10-27T21:04:12","modified_gmt":"2025-10-27T21:04:12","slug":"le-candidat-tarnais-de-lamour-est-dans-le-pre-finit-dans-le-fosse-sous-les-yeux-de-sa-belle","status":"publish","type":"post","link":"https:\/\/www.europesays.com\/fr\/493953\/","title":{"rendered":"Le candidat tarnais de L&rsquo;amour est dans le pr\u00e9 finit&#8230; dans le foss\u00e9, sous les yeux de sa belle"},"content":{"rendered":"<p>            Par<br \/>\n        <strong><br \/>\n            <a href=\"https:\/\/actu.fr\/auteur\/gilles-rolland\" title=\"Consulter tous les articles de Gilles Rolland\" target=\"_blank\" rel=\"noopener\">Gilles Rolland<\/a><br \/>\n        <\/strong><\/p>\n<p>        Publi\u00e9 le<\/p>\n<p>            27 oct. 2025 \u00e0 20h02        <\/p>\n<p>Tous les ans, des candidats de <a href=\"https:\/\/actu.fr\/tag\/lamour-est-dans-le-pre\" target=\"_blank\" rel=\"noopener\">L<strong>\u2019amour est dans le pr\u00e9<\/strong><\/a> parviennent \u00e0 tirer leur \u00e9pingle du jeu et se d\u00e9marquer de leurs camarades. Certains y arrivent gr\u00e2ce \u00e0 leur charme fou, \u00e0 leur audace ou simplement en \u00e9tant \u00ab<strong>\u2009bruts de d\u00e9coffrage\u2009\u00bb<\/strong>. Un peu comme<strong> Jean-Louis<\/strong>, l\u2019\u00e9leveur tarnais de 53\u00a0ans, qui, dans l\u2019\u00e9pisode du <strong>lundi 27\u00a0octobre 2025<\/strong>, a une nouvelle fois tir\u00e9 la couverture \u00e0 lui\u2026 Involontairement cette fois.<\/p>\n<p>La faute aux respounchous<\/p>\n<p class=\" wall-content\">D\u00e9j\u00e0 remarqu\u00e9 en raison de ses <strong>habitudes alimentaires matinales<\/strong>, avec sa g\u00e9n\u00e9reuse assiette d\u2019abats, Jean-Louis a d\u00e9sormais accueilli ses deux pr\u00e9tendantes chez lui. L\u2019occasion pour le quinquag\u00e9naire de pr\u00e9senter ses invit\u00e9es \u00e0 son entourage mais aussi de d\u00e9voiler son quotidien. Quitte \u00e0 prendre des risques, en allant ramasser des <strong>respounchous<\/strong>, cette plante sauvage des bords de route, qui, dans la gastronomie populaire tarnaise, tient une place \u00e0 part.<\/p>\n<p>\u00ab\u2009Tomber\u2009\u00bb amoureux<\/p>\n<p class=\" wall-content\">C\u2019est dans l\u2019\u00e9pisode de ce soir que Jean-Louis, ravi de faire d\u00e9couvrir \u00e0 Soso sa passion pour le respounchous, va lourdement tomber dans un <strong>foss\u00e9<\/strong>. Une chute qui, heureusement, n\u2019a occasionn\u00e9 aucune blessure \u00e0 Jean-Louis, si ce n\u2019est quelques \u00e9raflures possibles \u00e0 son ego. Soso, de son c\u00f4t\u00e9, loin de s\u2019\u00e9mouvoir, se contentant de lancer un \u00ab\u2009V\u2019la mon Jean-Louis tomb\u00e9 par terre\u2009!\u2009\u00bb, sans toutefois faire le moindre geste pour aider son prince charmant. Une d\u00e9sinvolture qui aidera peut-\u00eatre l\u2019agriculteur \u00e0 <strong>faire son choix<\/strong> quand le moment fatidique sera venu\u2026<\/p>\n<p>    <a href=\"https:\/\/www.facebook.com\/plugins\/video.php?height=476&amp;href=https%3A%2F%2Fwww.facebook.com%2FLAEDLP%2Fvideos%2F658936297052926%2F&amp;show_text=false&amp;width=350&amp;t=0\" title=\"Ouvrie le lien\" target=\"_blank\" rel=\"noopener\">Cliquez ici pour visualiser le contenu<\/a><\/p>\n<p>Vid\u00e9os : en ce moment sur Actu<\/p>\n<p class=\" wall-content\">Jean-Louis qui pour rappel, a re\u00e7u \u00e0 son domicile <strong>deux Sophie<\/strong>, une brune et une blonde. La brune que le Tarnais appelle par son pr\u00e9nom, pr\u00e9f\u00e9rant surnommer la blonde Soso, histoire de ne pas se m\u00e9langer les pinceaux. Car m\u00eame dans le pr\u00e9, l\u2019amour, c\u2019est aussi une question de m\u00e9thode\u2026<\/p>\n<p class=\" wall-content\">Personnalisez votre actualit\u00e9 en ajoutant vos villes et m\u00e9dias en favori avec <a href=\"https:\/\/moncompte.actu.fr\" title=\"D\u00e9couvez Mon Actu\" rel=\"nofollow noopener\" data-trk=\"{&quot;cta&quot;:{&quot;action&quot;:&quot;https:\\\/\\\/moncompte.actu.fr&quot;,&quot;category&quot;:&quot;mon compte&quot;,&quot;from&quot;:&quot;article footer&quot;,&quot;name&quot;:&quot;Mon actu&quot;,&quot;type&quot;:&quot;cta&quot;}}\" target=\"_blank\">Mon Actu<\/a>.<\/p>\n","protected":false},"excerpt":{"rendered":"Par Gilles Rolland Publi\u00e9 le 27 oct. 2025 \u00e0 20h02 Tous les ans, des candidats de L\u2019amour est&hellip;\n","protected":false},"author":2,"featured_media":493954,"comment_status":"","ping_status":"","sticky":false,"template":"","format":"standard","meta":{"footnotes":""},"categories":[1356],"tags":[58,59,1011,27,1757,9307,252,1364],"class_list":{"0":"post-493953","1":"post","2":"type-post","3":"status-publish","4":"format-standard","5":"has-post-thumbnail","7":"category-television","8":"tag-divertissement","9":"tag-entertainment","10":"tag-fr","11":"tag-france","12":"tag-insolite","13":"tag-lamour-est-dans-le-pre","14":"tag-television","15":"tag-tv"},"share_on_mastodon":{"url":"https:\/\/pubeurope.com\/@fr\/115448163091005990","error":""},"_links":{"self":[{"href":"https:\/\/www.europesays.com\/fr\/wp-json\/wp\/v2\/posts\/493953","targetHints":{"allow":["GET"]}}],"collection":[{"href":"https:\/\/www.europesays.com\/fr\/wp-json\/wp\/v2\/posts"}],"about":[{"href":"https:\/\/www.europesays.com\/fr\/wp-json\/wp\/v2\/types\/post"}],"author":[{"embeddable":true,"href":"https:\/\/www.europesays.com\/fr\/wp-json\/wp\/v2\/users\/2"}],"replies":[{"embeddable":true,"href":"https:\/\/www.europesays.com\/fr\/wp-json\/wp\/v2\/comments?post=493953"}],"version-history":[{"count":0,"href":"https:\/\/www.europesays.com\/fr\/wp-json\/wp\/v2\/posts\/493953\/revisions"}],"wp:featuredmedia":[{"embeddable":true,"href":"https:\/\/www.europesays.com\/fr\/wp-json\/wp\/v2\/media\/493954"}],"wp:attachment":[{"href":"https:\/\/www.europesays.com\/fr\/wp-json\/wp\/v2\/media?parent=493953"}],"wp:term":[{"taxonomy":"category","embeddable":true,"href":"https:\/\/www.europesays.com\/fr\/wp-json\/wp\/v2\/categories?post=493953"},{"taxonomy":"post_tag","embeddable":true,"href":"https:\/\/www.europesays.com\/fr\/wp-json\/wp\/v2\/tags?post=493953"}],"curies":[{"name":"wp","href":"https:\/\/api.w.org\/{rel}","templated":true}]}}