{"id":493963,"date":"2025-10-27T21:09:13","date_gmt":"2025-10-27T21:09:13","guid":{"rendered":"https:\/\/www.europesays.com\/fr\/493963\/"},"modified":"2025-10-27T21:09:13","modified_gmt":"2025-10-27T21:09:13","slug":"avant-le-jt-de-france-2-lea-salame-a-ete-recalee-par-ce-grand-patron-a-cause-de-son-physique-pas-de-libanaiseries","status":"publish","type":"post","link":"https:\/\/www.europesays.com\/fr\/493963\/","title":{"rendered":"Avant le JT de France 2, L\u00e9a Salam\u00e9 a \u00e9t\u00e9 recal\u00e9e par ce grand patron \u00e0 cause de son physique : \u00ab\u00a0Pas de libanaiseries\u00a0\u00bb"},"content":{"rendered":"<p>Son arriv\u00e9e \u00e0 la t\u00eate du journal de 20 heures de France 2 n&rsquo;est<br \/>\npas de tout repos. En effet, les critiques concernant les<br \/>\nperformances de la journaliste se multiplient, mais il en faut plus<br \/>\npour l&rsquo;intimider. <strong>L\u00e9a Salam\u00e9<\/strong> a en effet depuis ses<br \/>\nd\u00e9buts dans le m\u00e9tier d\u00fb se battre pour gagner sa place. La<br \/>\ncompagne de Rapha\u00ebl Glucksmann s&rsquo;est d&rsquo;ailleurs confi\u00e9e sur ces<br \/>\n<strong>difficult\u00e9s<\/strong>.<\/p>\n<p><a href=\"https:\/\/www.mariefrance.fr\/news-people\/lea-salame-couple-raphael-glucksmann-pourquoi-celebre-compagnon-parler-1214850.html\" target=\"_blank\" rel=\"noopener\">L\u00e9a Salam\u00e9<\/a> devait prendre ses<br \/>\ncong\u00e9s et \u00eatre remplac\u00e9e \u00e0 la t\u00eate du JT de 20 heures de France 2 \u00e0<br \/>\npartir du lundi 27 octobre 2025, mais elle a finalement quitt\u00e9<br \/>\nl\u2019antenne d\u00e8s le mercredi 22 octobre. C\u2019est ainsi Jean-Baptiste<br \/>\nMarteau qui a assur\u00e9 la pr\u00e9sentation du journal sur la cha\u00eene<br \/>\npublique \u00e0 compter de cette date. Depuis, m\u00eame si les rumeurs se<br \/>\nmultiplient, <strong>la journaliste n&rsquo;a pas l&rsquo;intention de laisser<br \/>\nsa place<\/strong>.<\/p>\n<p>Les combats de L\u00e9a Salam\u00e9<\/p>\n<p>L\u00e9a Salam\u00e9 a d\u00e9j\u00e0 une longue carri\u00e8re derri\u00e8re elle. Apr\u00e8s avoir<br \/>\nd\u00e9but\u00e9 sur LCI, elle rejoint France 24 en 2007 o\u00f9 elle couvre<br \/>\nl\u2019actualit\u00e9 internationale. Elle poursuit sur i&gt;T\u00e9l\u00e9, avant de<br \/>\nse faire conna\u00eetre du grand public sur France 2 en participant \u00e0<br \/>\nl\u2019\u00e9mission On n\u2019est pas couch\u00e9 aux c\u00f4t\u00e9s de <a href=\"https:\/\/www.mariefrance.fr\/news-people\/laurent-ruquier-accuse-de-trahison-par-jean-marie-bigard-il-regle-ses-comptes-avec-lhumoriste-fidele-jusquau-bout-1205956.html\" target=\"_blank\" rel=\"noopener\">Laurent Ruquier<\/a>. Depuis 2025,<br \/>\nelle pr\u00e9sente le journal de 20h de France 2, mais rien ne lui a \u00e9t\u00e9<br \/>\ndonn\u00e9, <strong>\u00ab\u00a0j\u2019ai parfois connu des \u00e9pisodes<br \/>\ndifficiles\u00a0\u00bb<\/strong>, explique-t-elle.<\/p>\n<p>Si L\u00e9a Salam\u00e9 a d\u00fb se battre tout au long de sa carri\u00e8re, elle a<br \/>\naussi affront\u00e9 des d\u00e9mons int\u00e9rieurs. Longtemps, elle a souffert de<br \/>\ncomplexes li\u00e9s \u00e0 son apparence. \u00c0 46 ans, anniversaire qu\u2019elle<br \/>\nc\u00e9l\u00e8bre ce lundi 27 octobre, la journaliste du 20 heures de France<br \/>\n2 porte d\u00e9sormais un regard plus indulgent sur son parcours.<br \/>\n\u00ab\u00a0On \u00e9tait dans le monde de Ken et Barbie et <strong>je n\u2019\u00e9tais<br \/>\npas Barbie\u00a0\u00bb<\/strong>, expliquait-elle dans les colonnes de<br \/>\nParis Match.<\/p>\n<p><img loading=\"lazy\" decoding=\"async\" aria-describedby=\"caption-attachment-1215304\" itemprop=\"thumbnailUrl\" class=\"wp-image-1215304 img-responsive size-full\" src=\"https:\/\/www.europesays.com\/fr\/wp-content\/uploads\/2025\/10\/4-31.jpg\" alt=\"L\u00e9a Salam\u00e9 sur France 2\" width=\"1280\" height=\"720\"\/><br \/>\n\u00a9 France<br \/>\n2<\/p>\n<p id=\"caption-attachment-1215304\" class=\"wp-caption-text\">L\u00e9a<br \/>\nSalam\u00e9 se confie sur ses difficult\u00e9s.<\/p>\n<p>Pas de libanaiseries !<\/p>\n<p>L\u00e9a Salam\u00e9 a toujours \u00e9t\u00e9 fi\u00e8re de ses origines, mais elles lui<br \/>\nont aussi caus\u00e9 de nombreux questionnements sur son apparence, bien<br \/>\ndiff\u00e9rente de celle des femmes qui dominaient les \u00e9crans<br \/>\nlorsqu\u2019elle a d\u00e9but\u00e9 dans le m\u00e9tier. \u00ab\u00a0Quand j\u2019ai commenc\u00e9, au<br \/>\nd\u00e9but des cha\u00eenes d\u2019info, <strong>les pr\u00e9sentatrices \u00e9taient quasi<br \/>\ntoutes blondes aux yeux bleus\u00a0\u00bb<\/strong>, expliquait-elle dans<br \/>\nles colonnes de Elle, le 25 septembre dernier.<\/p>\n<p>Ses complexes sur son physique sont d\u00e9sormais derri\u00e8re elle,<br \/>\nmais cela n&#8217;emp\u00eache pas la journaliste de se souvenir de ses<br \/>\nmauvaises exp\u00e9riences pass\u00e9es. Ainsi, avec les dirigeants de France<br \/>\nT\u00e9l\u00e9visions, L\u00e9a Salam\u00e9 a voulu de la \u00ab\u00a0sobri\u00e9t\u00e9\u00a0\u00bb. \u00ab\u00a0Le 20 Heures<br \/>\nest un exercice d\u2019humilit\u00e9. Donc <strong>pas d\u2019imprim\u00e9s<\/strong>,<br \/>\npas de chichis, pas de dorures, <strong>pas de<br \/>\n\u2018libanaiseries\u2019<\/strong>, pas d\u2019\u0153il charbonneux non plus, rien<br \/>\nd\u2019agressif\u00a0\u00bb.<\/p>\n<p><img loading=\"lazy\" decoding=\"async\" aria-describedby=\"caption-attachment-1215301\" class=\"wp-image-1215301 img-responsive size-full\" src=\"https:\/\/www.europesays.com\/fr\/wp-content\/uploads\/2025\/10\/1-94.jpg\" alt=\"L\u00e9a Salam\u00e9 lors du JT\" width=\"1280\" height=\"720\"\/><br \/>\n\u00a9 France<br \/>\n2<\/p>\n<p id=\"caption-attachment-1215301\" class=\"wp-caption-text\">L\u00e9a<br \/>\nSalam\u00e9 complex\u00e9e par ses origines.<\/p>\n<p>L\u00e9a Salam\u00e9 a trouv\u00e9 la paix<\/p>\n<p>M\u00eame si certaines remarques ont pu la toucher par le pass\u00e9,<br \/>\nl\u2019animatrice de Quelle \u00e9poque ! a fini par s\u2019en d\u00e9tacher<br \/>\net ne plus y pr\u00eater attention. \u00ab\u00a0Il faut passer outre les<br \/>\ncritiques. Aujourd\u2019hui, pas une semaine ne s\u2019\u00e9coule sans qu\u2019une<br \/>\nm\u00e8re ne me dise : \u2018 je voudrais que ma fille soit comme<br \/>\nvous\u2019\u00a0\u00bb. Des commentaires qui lui ont fait dire que \u00ab\u00a0les<br \/>\nsouffrances de la vingtaine se sont effac\u00e9es et <strong>la r\u00e9ussite<br \/>\napaise les passions tristes\u00a0\u00bb<\/strong>.<\/p>\n<p><img loading=\"lazy\" decoding=\"async\" aria-describedby=\"caption-attachment-1215302\" class=\"wp-image-1215302 img-responsive size-full\" src=\"https:\/\/www.europesays.com\/fr\/wp-content\/uploads\/2025\/10\/2-94.jpg\" alt=\"L\u00e9a Salam\u00e9 souriante\" width=\"1280\" height=\"720\"\/><br \/>\n\u00a9 France<br \/>\n2<\/p>\n<p id=\"caption-attachment-1215302\" class=\"wp-caption-text\">L\u00e9a<br \/>\nSalam\u00e9 est en paix.<\/p>\n<p>\u00ab\u00a0J\u2019arrive \u00e0 un \u00e2ge o\u00f9 <strong>j\u2019ai coch\u00e9 mes cases<br \/>\npersonnelles<\/strong>. Mon but, d\u00e9sormais, c\u2019est la transmission.<br \/>\nJ\u2019ai fait la paix avec moi-m\u00eame\u00a0\u00bb, a-t-elle conclu visiblement<br \/>\nfi\u00e8re d\u2019avoir surmont\u00e9 les complexes qui l\u2019ont accompagn\u00e9e durant<br \/>\ndes ann\u00e9es et d&rsquo;avoir pu <a href=\"https:\/\/www.mariefrance.fr\/news-people\/lea-salame-absente-jt-france-2-journaliste-remplacee-jean-baptiste-marteau-revenir-1214584.html\" target=\"_blank\" rel=\"noopener\">atteindre ses objectifs<br \/>\nprofessionnels<\/a>.<\/p>\n","protected":false},"excerpt":{"rendered":"Son arriv\u00e9e \u00e0 la t\u00eate du journal de 20 heures de France 2 n&rsquo;est pas de tout repos.&hellip;\n","protected":false},"author":2,"featured_media":493964,"comment_status":"","ping_status":"","sticky":false,"template":"","format":"standard","meta":{"footnotes":""},"categories":[8],"tags":[21303,58,59,1011,27],"class_list":{"0":"post-493963","1":"post","2":"type-post","3":"status-publish","4":"format-standard","5":"has-post-thumbnail","7":"category-divertissement","8":"tag-buzz_nonli","9":"tag-divertissement","10":"tag-entertainment","11":"tag-fr","12":"tag-france"},"share_on_mastodon":{"url":"https:\/\/pubeurope.com\/@fr\/115448183155921782","error":""},"_links":{"self":[{"href":"https:\/\/www.europesays.com\/fr\/wp-json\/wp\/v2\/posts\/493963","targetHints":{"allow":["GET"]}}],"collection":[{"href":"https:\/\/www.europesays.com\/fr\/wp-json\/wp\/v2\/posts"}],"about":[{"href":"https:\/\/www.europesays.com\/fr\/wp-json\/wp\/v2\/types\/post"}],"author":[{"embeddable":true,"href":"https:\/\/www.europesays.com\/fr\/wp-json\/wp\/v2\/users\/2"}],"replies":[{"embeddable":true,"href":"https:\/\/www.europesays.com\/fr\/wp-json\/wp\/v2\/comments?post=493963"}],"version-history":[{"count":0,"href":"https:\/\/www.europesays.com\/fr\/wp-json\/wp\/v2\/posts\/493963\/revisions"}],"wp:featuredmedia":[{"embeddable":true,"href":"https:\/\/www.europesays.com\/fr\/wp-json\/wp\/v2\/media\/493964"}],"wp:attachment":[{"href":"https:\/\/www.europesays.com\/fr\/wp-json\/wp\/v2\/media?parent=493963"}],"wp:term":[{"taxonomy":"category","embeddable":true,"href":"https:\/\/www.europesays.com\/fr\/wp-json\/wp\/v2\/categories?post=493963"},{"taxonomy":"post_tag","embeddable":true,"href":"https:\/\/www.europesays.com\/fr\/wp-json\/wp\/v2\/tags?post=493963"}],"curies":[{"name":"wp","href":"https:\/\/api.w.org\/{rel}","templated":true}]}}