{"id":493965,"date":"2025-10-27T21:10:16","date_gmt":"2025-10-27T21:10:16","guid":{"rendered":"https:\/\/www.europesays.com\/fr\/493965\/"},"modified":"2025-10-27T21:10:16","modified_gmt":"2025-10-27T21:10:16","slug":"insolite-une-comete-visible-dans-le-ciel-de-moselle-un-rendez-vous-historique","status":"publish","type":"post","link":"https:\/\/www.europesays.com\/fr\/493965\/","title":{"rendered":"Insolite. Une com\u00e8te visible dans le ciel de Moselle\u00a0: un rendez-vous historique"},"content":{"rendered":"<p>C\u2019est une invit\u00e9e qui ne repassera pas de sit\u00f4t. La com\u00e8te C\/2025 A6 (Lemmon) traverse en ce moment notre ciel et devient observable depuis le pays messin, \u00e0 l\u2019\u0153il nu sous un bon ciel et tr\u00e8s facilement aux jumelles. D\u00e9couverte le 3\u00a0janvier 2025 par le relev\u00e9 du Mont Lemmon en Arizona (\u00c9tats-Unis), cette com\u00e8te est actuellement donn\u00e9e autour de la magnitude 4 \u00e0 5 (estimations r\u00e9centes entre 4,2 et 4,8), ce qui en fait l\u2019un des objets les plus remarquables du ciel d\u2019octobre\u00a02025.<\/p>\n<p>Pour donner un ordre d\u2019id\u00e9e\u00a0: plus un objet est \u201cfaible\u201d en magnitude, plus il est lumineux. Les \u00e9toiles les plus brillantes du ciel nocturne sont vers la magnitude 0 ou 1. \u00c0 magnitude 4, on reste th\u00e9oriquement dans le domaine du visible \u00e0 l\u2019\u0153il nu\u2026 mais il y a un pi\u00e8ge. Contrairement \u00e0 une \u00e9toile ponctuelle, une com\u00e8te est un nuage diffus\u00a0: un noyau, une chevelure (la coma) et une queue de gaz et de poussi\u00e8res. R\u00e9sultat\u00a0: en ville, sous les lampadaires, elle se noie vite. Sous un ciel un peu plus sombre \u2013 campagne autour de Metz, plateau lorrain, vall\u00e9e de la Moselle en retrait des halos lumineux \u2013, la com\u00e8te appara\u00eet comme une petite tache laiteuse verd\u00e2tre avec un d\u00e9but de queue.<\/p>\n<p>  Prochain passage dans 1\u00a0100 ans<\/p>\n<p>C\/2025 A6 (Lemmon) n\u2019est pas une com\u00e8te p\u00e9riodique courte comme la c\u00e9l\u00e8bre 1P\/Halley. C\u2019est une voyageuse lointaine, issue du Nuage d\u2019Oort, cette immense r\u00e9serve de glace et de poussi\u00e8re qui entoure le syst\u00e8me solaire lointain. Avant son passage actuel, son orbite faisait un tour complet autour du soleil en environ 1\u00a0300 \u00e0 1\u00a0400 ans. Les calculs montrent que son passage rapproch\u00e9 du soleil cette ann\u00e9e va resserrer son orbite\u00a0: apr\u00e8s novembre\u00a02025, elle devrait \u201crevenir\u201d dans environ 1\u00a0100 \u00e0 1\u00a0200 ans. Autrement dit\u00a0: si vous la manquez, rendez-vous vers l\u2019an 3175\u00a0!<\/p>\n<p>  Quand et o\u00f9 la voir depuis la Moselle\u00a0?<\/p>\n<p>C\/2025 A6 (Lemmon) a fr\u00f4l\u00e9 la Terre le 21\u00a0octobre 2025, \u00e0 environ 0,60 unit\u00e9 astronomique, soit un peu moins de 90\u00a0millions de kilom\u00e8tres. C\u2019est \u00e0 ce moment-l\u00e0 qu\u2019elle a atteint son maximum de luminosit\u00e9 vu de chez nous, aux alentours de la magnitude 4,3. M\u00eame si elle commence lentement \u00e0 faiblir apr\u00e8s ce passage, elle reste bien plac\u00e9e dans le ciel du soir pour les Messins en cette fin octobre et tout d\u00e9but novembre.<\/p>\n<p>Ce contenu est bloqu\u00e9 car vous n&rsquo;avez pas accept\u00e9 les cookies et autres traceurs.<\/p>\n<p>En cliquant sur \u00ab J\u2019accepte \u00bb, les cookies et autres traceurs seront d\u00e9pos\u00e9s et vous pourrez visualiser les contenus  (<a href=\"\" class=\"consentModule_policy\" target=\"_blank\" title=\"Consulter la politique de protection des donn\u00e9es du fournisseur\">plus d&rsquo;informations<\/a>).<\/p>\n<p>En cliquant sur \u00ab J\u2019accepte tous les cookies \u00bb, vous autorisez des d\u00e9p\u00f4ts de cookies et autres traceurs pour le stockage de vos donn\u00e9es sur nos sites et applications \u00e0 des fins de personnalisation et de ciblage publicitaire.<\/p>\n<p class=\"consentModule_secondaryText\">Vous gardez la possibilit\u00e9 de retirer votre consentement \u00e0 tout moment en consultant notre <a href=\"https:\/\/www.republicain-lorrain.fr\/protection-des-donnees\" target=\"_blank\" title=\"Consulter notre politique de protection des donn\u00e9es\" rel=\"noopener\">politique de protection des donn\u00e9es<\/a>. <br \/>&#13;<br \/>\n            <a href=\"https:\/\/www.republicain-lorrain.fr\/societe\/2025\/10\/27\/javascript:Didomi.notice.show()\" class=\"consentModule_cmp\" target=\"_blank\" rel=\"noopener\">G\u00e9rer mes choix<\/a>&#13;\n        <\/p>\n<p>&#13;<br \/>\n                        J&rsquo;accepte&#13;<br \/>\n            J&rsquo;accepte tous les cookies&#13;\n        <\/p>\n<p>Pour bien l\u2019observer, sortir apr\u00e8s le coucher du soleil, entre 19h30 et 20h. Regarder en direction du nord-ouest \u00e0 l\u2019ouest, pas trop haut sur l\u2019horizon au d\u00e9but, puis un peu plus haut au fil des jours. Rep\u00e8re facile\u00a0: la Grande Ourse (en forme de casserole) au nord-ouest. Suivre mentalement la courbure du manche de la Grande Ourse\u00a0: elle pointe vers l\u2019\u00e9toile orang\u00e9e Arcturus, dans la constellation du Bouvier (Bo\u00f6tes). La com\u00e8te se situe dans ce secteur du ciel, \u00e0 proximit\u00e9 de cette zone \u00e9toil\u00e9e, et remonte de soir en soir.<\/p>\n<p>Aux jumelles, la com\u00e8te se r\u00e9v\u00e8le tout de suite\u00a0: noyau brillant, halo diffus autour, et une petite queue p\u00e2le qui s\u2018\u00e9tire \u00e0 l\u2019oppos\u00e9 du soleil.<\/p>\n<p>  Conseils pratiques<\/p>\n<p>Il est conseill\u00e9 de sortir de la pollution lumineuse, en s\u2019\u00e9loignant du centre-ville de Metz. Montez sur un point d\u00e9gag\u00e9 (par exemple un belv\u00e9d\u00e8re hors agglom\u00e9ration ou un champ d\u00e9gag\u00e9 vers la vall\u00e9e de la Seille ou du c\u00f4t\u00e9 du plateau de Gravelotte\/Vern\u00e9ville). Coupez les lampes frontales blanches. Laissez vos yeux s\u2019habituer 10 \u00e0 15 minutes \u00e0 l\u2019obscurit\u00e9.<\/p>\n<p>Pour immortaliser la com\u00e8te en photo\u00a0: un simple bo\u00eetier reflex ou hybride sur tr\u00e9pied, objectif lumineux (50\u00a0mm ou petit t\u00e9l\u00e9), pose de quelques secondes \u00e0 haute sensibilit\u00e9 ISO, permet d\u00e9j\u00e0 d\u2019attraper le halo verd\u00e2tre et la queue.<\/p>\n","protected":false},"excerpt":{"rendered":"C\u2019est une invit\u00e9e qui ne repassera pas de sit\u00f4t. La com\u00e8te C\/2025 A6 (Lemmon) traverse en ce moment&hellip;\n","protected":false},"author":2,"featured_media":493966,"comment_status":"","ping_status":"","sticky":false,"template":"","format":"standard","meta":{"footnotes":""},"categories":[7],"tags":[32703,61647,5598,1011,27,43,40,41,39,104,42,44],"class_list":{"0":"post-493965","1":"post","2":"type-post","3":"status-publish","4":"format-standard","5":"has-post-thumbnail","7":"category-sciences-et-technologies","8":"tag-cc-mad-et-moselle-57b","9":"tag-corny-sur-moselle","10":"tag-edition-metz-et-agglomeration","11":"tag-fr","12":"tag-france","13":"tag-science","14":"tag-science-and-technology","15":"tag-sciences","16":"tag-sciences-et-technologies","17":"tag-societe","18":"tag-technologies","19":"tag-technology"},"share_on_mastodon":{"url":"https:\/\/pubeurope.com\/@fr\/115448186371263660","error":""},"_links":{"self":[{"href":"https:\/\/www.europesays.com\/fr\/wp-json\/wp\/v2\/posts\/493965","targetHints":{"allow":["GET"]}}],"collection":[{"href":"https:\/\/www.europesays.com\/fr\/wp-json\/wp\/v2\/posts"}],"about":[{"href":"https:\/\/www.europesays.com\/fr\/wp-json\/wp\/v2\/types\/post"}],"author":[{"embeddable":true,"href":"https:\/\/www.europesays.com\/fr\/wp-json\/wp\/v2\/users\/2"}],"replies":[{"embeddable":true,"href":"https:\/\/www.europesays.com\/fr\/wp-json\/wp\/v2\/comments?post=493965"}],"version-history":[{"count":0,"href":"https:\/\/www.europesays.com\/fr\/wp-json\/wp\/v2\/posts\/493965\/revisions"}],"wp:featuredmedia":[{"embeddable":true,"href":"https:\/\/www.europesays.com\/fr\/wp-json\/wp\/v2\/media\/493966"}],"wp:attachment":[{"href":"https:\/\/www.europesays.com\/fr\/wp-json\/wp\/v2\/media?parent=493965"}],"wp:term":[{"taxonomy":"category","embeddable":true,"href":"https:\/\/www.europesays.com\/fr\/wp-json\/wp\/v2\/categories?post=493965"},{"taxonomy":"post_tag","embeddable":true,"href":"https:\/\/www.europesays.com\/fr\/wp-json\/wp\/v2\/tags?post=493965"}],"curies":[{"name":"wp","href":"https:\/\/api.w.org\/{rel}","templated":true}]}}