{"id":493976,"date":"2025-10-27T21:17:31","date_gmt":"2025-10-27T21:17:31","guid":{"rendered":"https:\/\/www.europesays.com\/fr\/493976\/"},"modified":"2025-10-27T21:17:31","modified_gmt":"2025-10-27T21:17:31","slug":"nancy-ce-passionne-regroupe-tous-les-sites-patrimoniaux-de-france-sur-une-seule-carte","status":"publish","type":"post","link":"https:\/\/www.europesays.com\/fr\/493976\/","title":{"rendered":"Nancy. Ce passionn\u00e9 regroupe tous les sites patrimoniaux de France sur une seule carte"},"content":{"rendered":"<p>Il fallait y penser. Pierre-Louis Denis est parti d\u2019une id\u00e9e simple pour assouvir la curiosit\u00e9 de milliers d\u2019explorateurs. Disposant d\u2019un peu de temps libre entre deux contrats, ce Nanc\u00e9ien g\u00e9n\u00e9reux et partageur a cr\u00e9\u00e9 la premi\u00e8re carte interactive regroupant l\u2019ensemble des sites patrimoniaux fran\u00e7ais. Il n\u2019a pas cherch\u00e9 \u00e0 inventer le mouton \u00e0 cinq pattes. Mais un site internet, intitul\u00e9 sans chichi <a href=\"https:\/\/www.plan-du-patrimoine.fr\/\" target=\"_blank\" rel=\"noopener\">\u00ab\u00a0Le Plan du patrimoine\u00a0\u00bb<\/a> , o\u00f9 les 44\u00a0000 monuments historiques fran\u00e7ais sont visibles d\u2019un coup d\u2019\u0153il. Un travail d\u2019indexation digne d\u2019un moine copiste.<\/p>\n<p>D\u2019autant que le jeune homme de 27 ans ne s\u2019est pas arr\u00eat\u00e9 en si bon chemin. Dans ses p\u00e9r\u00e9grinations, il a aussi recens\u00e9 les \u00ab\u00a0Architectures contemporaines remarquables\u00a0\u00bb, les \u00ab\u00a0Maisons des Illustres\u00a0\u00bb, les lieux labellis\u00e9s Patrimoine europ\u00e9en, les \u00ab\u00a0Jardins remarquables\u00a0\u00bb, les parcs r\u00e9gionaux et nationaux, les sites class\u00e9s au Patrimoine mondial de l\u2019Unesco, les G\u00e9oparcs mondiaux et toutes les pistes cyclables. Il est all\u00e9 puiser ses informations dans les fichiers des diff\u00e9rents labels nationaux, europ\u00e9ens et internationaux.<\/p>\n<p>  Qui conna\u00eet le \u00ab\u00a0Patrimoine europ\u00e9en\u00a0\u00bb\u00a0?<\/p>\n<p>On d\u00e9couvre ainsi le label \u00ab\u00a0Patrimoine europ\u00e9en\u00a0\u00bb de l\u2019Union europ\u00e9enne, dont fait partie en r\u00e9gion Grand Est la maison Robert-Schuman. Mais aussi l\u2019ancien camp de concentration de Natzweiler. Ou les G\u00e9oparcs mondiaux de l\u2019Unesco, comme celui du Beaujolais ou des Monts d\u2019Ard\u00e8che. Ou, encore, que <a href=\"https:\/\/www.estrepublicain.fr\/encadres\/2025\/09\/19\/journees-du-patrimoine-ces-visites-insolites-a-ne-pas-rater\" target=\"_blank\" rel=\"noopener\"> Nancy est la quatri\u00e8me ville de France la plus riche en monuments historiques (268)<\/a> , loin devant Metz (113) et sa 19 e place.<\/p>\n<p>Pierre-Louis Denis est lui-m\u00eame curieux de ce qui l\u2019entoure. Constatant que les donn\u00e9es sont \u00e9parpill\u00e9es et, souvent, difficiles \u00e0 d\u00e9nicher, m\u00eame avec les nouveaux outils digitaux, il d\u00e9cide de les r\u00e9unir. S\u2019ensuit une v\u00e9ritable prospection de chasseur de tr\u00e9sors.<\/p>\n<p>Les fichiers ne se trouvent pas tous au m\u00eame endroit et pas toujours dans des formats r\u00e9utilisables. Il y a pass\u00e9 des heures. \u00ab\u00a0Le plus long a \u00e9t\u00e9 de rassembler toutes les donn\u00e9es et de les remettre un peu \u00e0 jour, explique Pierre-Louis. Il existe des listes, mais qui ne sont pas toujours \u00e0 jour ou ne sont pas justes. Par exemple, les jardins remarquables, il y en a \u00e0 peu pr\u00e8s 500 et, en fait, 90\u00a0% sont mal plac\u00e9s. Donc, j\u2019ai d\u00fb les reprendre enti\u00e8rement \u00e0 la main.\u00a0\u00bb Pareil pour les 235 maisons des Illustres qui ne se trouvaient pas toujours \u00e0 l\u2019adresse indiqu\u00e9e.<\/p>\n<p>  Le voyage au bout de la rue<\/p>\n<p>Quatre mois plus tard, une plateforme gratuite, d\u2019une facilit\u00e9 d\u2019emploi enfantine. Une carte, un moteur de recherche pour se localiser et des onglets pour filtrer de ce qu\u2019on souhaite visualiser. Le design est sans fioriture, mais bougrement efficace. L\u2019int\u00e9r\u00eat r\u00e9side dans l\u2019\u00e9tendue des informations collect\u00e9es. Pour chaque point sur la carte, une fiche de renseignement avec, parfois, une ou plusieurs photos, l\u2019adresse pr\u00e9cise et le lien internet vers le site source.<\/p>\n<p>Pour compl\u00e9ter le tout, Pierre-Louis a charg\u00e9 les v\u00e9loroutes. Il aurait aim\u00e9 leur agr\u00e9ger les sentiers de randonn\u00e9e. Mais les trac\u00e9s sont d\u00e9tenus pas la F\u00e9d\u00e9ration fran\u00e7aise de randonn\u00e9e (FFR). Une prochaine \u00e9tape peut-\u00eatre qui viendra, si le succ\u00e8s est au rendez-vous, avec l\u2019application pour smartphone. En attendant, \u00ab\u00a0Le Plan du patrimoine\u00a0\u00bb permet de d\u00e9ambuler d\u2019un lieu \u00e0 l\u2019autre, en dessinant soi-m\u00eame ses parcours. Le voyage au bout de la rue.<\/p>\n<p class=\"note\">Pour d\u00e9couvrir le patrimoine du Grand Est, rendez-vous sur <a href=\"https:\/\/www.plan-du-patrimoine.fr\/\" target=\"_blank\" rel=\"noopener\">le site \u00ab\u00a0Le Plan du patrimoine\u00a0\u00bb<\/a><\/p>\n","protected":false},"excerpt":{"rendered":"Il fallait y penser. Pierre-Louis Denis est parti d\u2019une id\u00e9e simple pour assouvir la curiosit\u00e9 de milliers d\u2019explorateurs.&hellip;\n","protected":false},"author":2,"featured_media":493977,"comment_status":"","ping_status":"","sticky":false,"template":"","format":"standard","meta":{"footnotes":""},"categories":[9635],"tags":[1111,11,1687,33,1777,674,1011,27,775,1702,12,2661,3456,25,602],"class_list":{"0":"post-493976","1":"post","2":"type-post","3":"status-publish","4":"format-standard","5":"has-post-thumbnail","7":"category-nancy","8":"tag-actu","9":"tag-actualites","10":"tag-culture-loisirs","11":"tag-economie","12":"tag-eu","13":"tag-europe","14":"tag-fr","15":"tag-france","16":"tag-grand-est","17":"tag-nancy","18":"tag-news","19":"tag-patrimoine-culturel","20":"tag-region-lorraine","21":"tag-republique-francaise","22":"tag-tourisme"},"share_on_mastodon":{"url":"https:\/\/pubeurope.com\/@fr\/115448213913466076","error":""},"_links":{"self":[{"href":"https:\/\/www.europesays.com\/fr\/wp-json\/wp\/v2\/posts\/493976","targetHints":{"allow":["GET"]}}],"collection":[{"href":"https:\/\/www.europesays.com\/fr\/wp-json\/wp\/v2\/posts"}],"about":[{"href":"https:\/\/www.europesays.com\/fr\/wp-json\/wp\/v2\/types\/post"}],"author":[{"embeddable":true,"href":"https:\/\/www.europesays.com\/fr\/wp-json\/wp\/v2\/users\/2"}],"replies":[{"embeddable":true,"href":"https:\/\/www.europesays.com\/fr\/wp-json\/wp\/v2\/comments?post=493976"}],"version-history":[{"count":0,"href":"https:\/\/www.europesays.com\/fr\/wp-json\/wp\/v2\/posts\/493976\/revisions"}],"wp:featuredmedia":[{"embeddable":true,"href":"https:\/\/www.europesays.com\/fr\/wp-json\/wp\/v2\/media\/493977"}],"wp:attachment":[{"href":"https:\/\/www.europesays.com\/fr\/wp-json\/wp\/v2\/media?parent=493976"}],"wp:term":[{"taxonomy":"category","embeddable":true,"href":"https:\/\/www.europesays.com\/fr\/wp-json\/wp\/v2\/categories?post=493976"},{"taxonomy":"post_tag","embeddable":true,"href":"https:\/\/www.europesays.com\/fr\/wp-json\/wp\/v2\/tags?post=493976"}],"curies":[{"name":"wp","href":"https:\/\/api.w.org\/{rel}","templated":true}]}}