{"id":493978,"date":"2025-10-27T21:18:19","date_gmt":"2025-10-27T21:18:19","guid":{"rendered":"https:\/\/www.europesays.com\/fr\/493978\/"},"modified":"2025-10-27T21:18:19","modified_gmt":"2025-10-27T21:18:19","slug":"objectif-15-points-a-la-treve","status":"publish","type":"post","link":"https:\/\/www.europesays.com\/fr\/493978\/","title":{"rendered":"\u00ab Objectif 15 points \u00e0 la tr\u00eave \u00bb"},"content":{"rendered":"<p>\t\t\t\t\t Apr\u00e8s l\u2019\u00e9pisode de Laval et dans l\u2019attente de la d\u00e9cision de la Ligue, les hommes de Beno\u00eet Tavenot tournent d\u00e9sormais leur regard vers la rencontre de ce mardi contre l\u2019AS Nancy Lorraine. M\u00eame si, pour le coach bastiais, l\u2019annulation de la rencontre de vendredi dernier a tout de m\u00eame laiss\u00e9 des traces : \u00ab Mentalement, c\u2019est comme si on avait jou\u00e9 le match, car la journ\u00e9e a \u00e9t\u00e9 p\u00e9nible. J\u2019ai tenu \u00e0 faire un petit entra\u00eenement pour dig\u00e9rer cette journ\u00e9e. \u00bb <\/p>\n<p>Esp\u00e9rons que les Bastiais soient pr\u00eats, car en terre lorraine, malgr\u00e9 la m\u00e9forme des Nanc\u00e9iens, la rencontre s\u2019annonce ardue et, comme chaque semaine, de plus en plus d\u00e9cisive pour les Turchini : \u00ab L\u2019\u00e9quipe de Nancy vaut son classement, elle a d\u00e9marr\u00e9 sur la dynamique de la mont\u00e9e, elle est g\u00e9n\u00e9reuse et solide d\u00e9fensivement avec ses joueurs de diff\u00e9rence devant. C\u2019est un vrai club de foot, avec des supporters, un club historique. Je m\u2019attends \u00e0 un match \u00e2pre. J\u2019esp\u00e8re qu\u2019on fera un r\u00e9sultat, on a pr\u00e9par\u00e9 pour avancer. Il faut qu\u2019on avance. \u00bb commente Beno\u00eet Tavenot, qui n\u2019a qu\u2019un seul objectif en t\u00eate : celui de prendre des points. \u00ab Premier objectif : gagner un match. Second objectif : atteindre les dix points. Et troisi\u00e8me objectif : \u00eatre \u00e0 15 points \u00e0 la tr\u00eave. Je suis intimement convaincu qu\u2019on peut le faire, mais il faut prendre des points au plus t\u00f4t. \u00bb <\/p>\n<p>Et des points, il en faut pour sauver la saison et surtout esp\u00e9rer sauver le soldat Sporting d\u2019une rel\u00e9gation. Pour Dum\u00e8 Guidi : \u00ab \u00c0 l\u2019heure actuelle, c\u2019est catastrophique. Il faut mettre tout ce qu\u2019il faut et arr\u00eater de calculer sur les buts, l\u2019arbitrage. Il faut travailler et encha\u00eener les r\u00e9sultats. \u00bb <\/p>\n<p>Face \u00e0 cette situation, le d\u00e9fenseur bastiais tient son r\u00f4le de cadre dans le vestiaire : \u00ab J\u2019essaie de faire comprendre, c\u2019est \u00e0 nous, joueurs corses, de faire comprendre dans quelle situation on est. Il n\u2019y a pas que les mots, les actes doivent suivre sur le terrain. Sinon, on arr\u00eate d\u00e8s maintenant. \u00bb <\/p>\n<p>Face \u00e0 Nancy, Dum\u00e8 Guidi demande \u00e0 ses co\u00e9quipiers de ne pas tomber dans la sinistrose et de mettre les ingr\u00e9dients face \u00e0 une \u00e9quipe \u00e9galement en difficult\u00e9 : \u00ab Il nous manque ce but. D\u00e8s qu\u2019on va faire une victoire, ce sera plus facile pour les matchs suivants. \u00bb <\/p>\n<p><strong>Lisandru Olmeta dans les buts face \u00e0 Nancy<\/strong> <\/p>\n<p>Cette 12\u1d49 journ\u00e9e de Ligue 2 sera aussi l\u2019occasion pour Beno\u00eet Tavenot de titulariser pour la premi\u00e8re fois le tout jeune gardien Lisandru Olmeta, de retour de la Coupe du monde avec les U20 de l\u2019\u00e9quipe de France : \u00ab Il devait jouer vendredi. J\u2019ai pris l\u2019option de ne pas emmener Johnny sur ce d\u00e9placement. Il a besoin de travailler, pas de voyager. Il voyage \u00e9norm\u00e9ment avec la s\u00e9lection. Il a besoin de retrouver plus de fra\u00eecheur et un \u00e9tat de forme plus optimal. \u00bb <\/p>\n<p>Pour le coach bastiais, Lisandru Olmeta pourrait garder les buts bastiais jusqu\u2019\u00e0 la rencontre face \u00e0 Reims, mais comme toute l\u2019\u00e9quipe, il est soumis \u00e0 la performance. Une punition pour Johny Placide et un message pour le reste du groupe ? \u00ab Johny fait un d\u00e9but de saison assez moyen, \u00e0 l\u2019image de l\u2019\u00e9quipe. \u00bb indique Beno\u00eet Tavenot, pour qui, en tant qu\u2019entra\u00eeneur, \u00ab l\u2019objectif est d\u2019avoir le groupe le plus performant. L\u2019objectif est de faire un r\u00e9sultat. \u00bb <\/p>\n<p>\u00c0 voir si la mise en place d\u2019une politique de concurrence peut remotiver les troupes \u00e0 tous les postes. <\/p>\n<p><strong>Le groupe bastiais :<\/strong> <br \/>Fabri, Olmeta, Meynadier, Bohnert, Ariss, Guidi, Roncaglia, Etoga, Vincent, Petrignani, Ducrocq, Zaouai, Tomi, Aiki, Sebas, Karamoko, Parravicini. <\/p>\n<p><strong>L\u2019adversaire : AS Nancy Lorraine<\/strong> <br \/>Ce sont des Nanc\u00e9iens en m\u00e9forme que les Bastiais affronteront ce mardi soir. Les Lorrains sortent d\u2019une d\u00e9faite 4 \u00e0 1 face \u00e0 Montpellier et n\u2019ont plus gagn\u00e9 depuis le 23 septembre. Nancy est actuellement 14\u1d49 du championnat de Ligue 2 avec 12 points et 3 victoires.\n\t\t\t\t <\/p>\n","protected":false},"excerpt":{"rendered":"Apr\u00e8s l\u2019\u00e9pisode de Laval et dans l\u2019attente de la d\u00e9cision de la Ligue, les hommes de Beno\u00eet Tavenot&hellip;\n","protected":false},"author":2,"featured_media":493979,"comment_status":"","ping_status":"","sticky":false,"template":"","format":"standard","meta":{"footnotes":""},"categories":[9635],"tags":[1111,11,11348,5621,55067,1981,350,61648,1777,674,63,1011,27,8772,775,61649,446,61650,955,1702,12,22569,3239,17575,25,5628,61651,12907,1264],"class_list":{"0":"post-493978","1":"post","2":"type-post","3":"status-publish","4":"format-standard","5":"has-post-thumbnail","7":"category-nancy","8":"tag-actu","9":"tag-actualites","10":"tag-as-nancy-lorraine","11":"tag-bastia","12":"tag-benoit-tavenot","13":"tag-classement","14":"tag-concurrence","15":"tag-dume-guidi","16":"tag-eu","17":"tag-europe","18":"tag-football","19":"tag-fr","20":"tag-france","21":"tag-gardien","22":"tag-grand-est","23":"tag-johnny-placide","24":"tag-ligue-2","25":"tag-lisandru-olmeta","26":"tag-match","27":"tag-nancy","28":"tag-news","29":"tag-objectif","30":"tag-performance","31":"tag-relegation","32":"tag-republique-francaise","33":"tag-sc-bastia","34":"tag-sporting-club","35":"tag-treve","36":"tag-victoire"},"share_on_mastodon":{"url":"https:\/\/pubeurope.com\/@fr\/115448217785066277","error":""},"_links":{"self":[{"href":"https:\/\/www.europesays.com\/fr\/wp-json\/wp\/v2\/posts\/493978","targetHints":{"allow":["GET"]}}],"collection":[{"href":"https:\/\/www.europesays.com\/fr\/wp-json\/wp\/v2\/posts"}],"about":[{"href":"https:\/\/www.europesays.com\/fr\/wp-json\/wp\/v2\/types\/post"}],"author":[{"embeddable":true,"href":"https:\/\/www.europesays.com\/fr\/wp-json\/wp\/v2\/users\/2"}],"replies":[{"embeddable":true,"href":"https:\/\/www.europesays.com\/fr\/wp-json\/wp\/v2\/comments?post=493978"}],"version-history":[{"count":0,"href":"https:\/\/www.europesays.com\/fr\/wp-json\/wp\/v2\/posts\/493978\/revisions"}],"wp:featuredmedia":[{"embeddable":true,"href":"https:\/\/www.europesays.com\/fr\/wp-json\/wp\/v2\/media\/493979"}],"wp:attachment":[{"href":"https:\/\/www.europesays.com\/fr\/wp-json\/wp\/v2\/media?parent=493978"}],"wp:term":[{"taxonomy":"category","embeddable":true,"href":"https:\/\/www.europesays.com\/fr\/wp-json\/wp\/v2\/categories?post=493978"},{"taxonomy":"post_tag","embeddable":true,"href":"https:\/\/www.europesays.com\/fr\/wp-json\/wp\/v2\/tags?post=493978"}],"curies":[{"name":"wp","href":"https:\/\/api.w.org\/{rel}","templated":true}]}}