{"id":493984,"date":"2025-10-27T21:22:14","date_gmt":"2025-10-27T21:22:14","guid":{"rendered":"https:\/\/www.europesays.com\/fr\/493984\/"},"modified":"2025-10-27T21:22:14","modified_gmt":"2025-10-27T21:22:14","slug":"sebastien-bezy-quitte-clermont-pour-montpellier","status":"publish","type":"post","link":"https:\/\/www.europesays.com\/fr\/493984\/","title":{"rendered":"S\u00e9bastien B\u00e9zy quitte Clermont pour Montpellier"},"content":{"rendered":"<p>\n    Ce lundi, Montpellier a annonc\u00e9 l\u2019arriv\u00e9e du demi de m\u00eal\u00e9e S\u00e9bastien B\u00e9zy en provenance de Clermont. Il rejoindra le club en juillet.<\/p>\n<p class=\"fig-paragraph\">Le demi de m\u00eal\u00e9e international de Clermont\u00a0<a href=\"http:\/\/www.lefigaro.fr\/sports\/rugby\/top-14\/top-14-bezy-et-newsome-prolongent-a-clermont-20231013\" target=\"_blank\" data-fig-type=\"NewsFlash\" rel=\"noopener\" data-gtm-custom-categorie=\"navigation\" data-gtm-custom-action=\"crossclick\" data-gtm-custom-label=\"Contextuel\" data-gtm-event=\"customEventSPE\" data-fig-domain=\"LEFIGARO\">S\u00e9bastien B\u00e9zy<\/a>\u00a0(33 ans, huit s\u00e9lections) rejoindra Montpellier en juillet prochain pour deux saisons, a annonc\u00e9 lundi le club h\u00e9raultais.<\/p>\n<p class=\"fig-paragraph\">B\u00e9zy, form\u00e9 \u00e0 Toulouse (2006-2020), avait rejoint Clermont, o\u00f9 il est en fin de contrat, \u00e0 l&rsquo;\u00e9t\u00e9 2020. En Auvergne, il a partag\u00e9 le r\u00f4le de demi de m\u00eal\u00e9e avec Morgan Parra, puis avec Baptiste Jauneau. B\u00e9zy, originaire de Fontenay-aux-Roses dans la banlieue parisienne, a \u00e9t\u00e9 recrut\u00e9 par le MHR pour remplacer L\u00e9o Coly, qui rejoindra Bayonne l&rsquo;\u00e9t\u00e9 prochain. Il sera en concurrence avec l&rsquo;international \u00e9cossais Ali Price et avec le jeune Alexis Bernardet.<\/p>\n<p>                                    <a class=\"fig-a11y-skip a11y-hidden\" href=\"#fig-a11y-skip-main-inarticle\"><br \/>\n        Passer la publicit\u00e9<br \/>\n    <\/a><\/p>\n<p class=\"fig-paragraph\">Montpellier s&rsquo;interroge par ailleurs sur le choix de son futur demi d&rsquo;ouverture. L&rsquo;Argentin Domingo Miotti, titulaire depuis le d\u00e9but de saison, est en fin de contrat, alors qu\u2019Hugo Reus a choisi de rejoindre Bordeaux-B\u00e8gles. L&rsquo;\u00e9quipe de Joan Caudullo, balay\u00e9e samedi sur la pelouse du Stade Fran\u00e7ais (35-12), occupe<a href=\"https:\/\/www.lefigaro.fr\/sports\/rugby\/top-14\/classement\" target=\"_blank\" rel=\"sponsored noopener\" data-gtm-custom-categorie=\"navigation\" data-gtm-custom-action=\"crossclick\" data-gtm-custom-label=\"Contextuel\" data-gtm-event=\"customEventSPE\">\u00a0la 11e place<\/a>\u00a0avant de recevoir Clermont samedi lors de\u00a0<a href=\"https:\/\/www.lefigaro.fr\/sports\/rugby\/top-14\/calendrier-resultats?journee=9\" target=\"_blank\" rel=\"sponsored noopener\" data-gtm-custom-categorie=\"navigation\" data-gtm-custom-action=\"crossclick\" data-gtm-custom-label=\"Contextuel\" data-gtm-event=\"customEventSPE\">la 9e journ\u00e9e de Top 14<\/a>.<\/p>\n","protected":false},"excerpt":{"rendered":"Ce lundi, Montpellier a annonc\u00e9 l\u2019arriv\u00e9e du demi de m\u00eal\u00e9e S\u00e9bastien B\u00e9zy en provenance de Clermont. Il rejoindra&hellip;\n","protected":false},"author":2,"featured_media":493985,"comment_status":"","ping_status":"","sticky":false,"template":"","format":"standard","meta":{"footnotes":""},"categories":[9599],"tags":[1111,11,10980,1777,674,1011,27,2208,20044,12,2680,25],"class_list":{"0":"post-493984","1":"post","2":"type-post","3":"status-publish","4":"format-standard","5":"has-post-thumbnail","7":"category-montpellier","8":"tag-actu","9":"tag-actualites","10":"tag-asm-clermont-auvergne","11":"tag-eu","12":"tag-europe","13":"tag-fr","14":"tag-france","15":"tag-montpellier","16":"tag-montpellier-herault-rugby","17":"tag-news","18":"tag-occitanie","19":"tag-republique-francaise"},"share_on_mastodon":{"url":"https:\/\/pubeurope.com\/@fr\/115448233531420482","error":""},"_links":{"self":[{"href":"https:\/\/www.europesays.com\/fr\/wp-json\/wp\/v2\/posts\/493984","targetHints":{"allow":["GET"]}}],"collection":[{"href":"https:\/\/www.europesays.com\/fr\/wp-json\/wp\/v2\/posts"}],"about":[{"href":"https:\/\/www.europesays.com\/fr\/wp-json\/wp\/v2\/types\/post"}],"author":[{"embeddable":true,"href":"https:\/\/www.europesays.com\/fr\/wp-json\/wp\/v2\/users\/2"}],"replies":[{"embeddable":true,"href":"https:\/\/www.europesays.com\/fr\/wp-json\/wp\/v2\/comments?post=493984"}],"version-history":[{"count":0,"href":"https:\/\/www.europesays.com\/fr\/wp-json\/wp\/v2\/posts\/493984\/revisions"}],"wp:featuredmedia":[{"embeddable":true,"href":"https:\/\/www.europesays.com\/fr\/wp-json\/wp\/v2\/media\/493985"}],"wp:attachment":[{"href":"https:\/\/www.europesays.com\/fr\/wp-json\/wp\/v2\/media?parent=493984"}],"wp:term":[{"taxonomy":"category","embeddable":true,"href":"https:\/\/www.europesays.com\/fr\/wp-json\/wp\/v2\/categories?post=493984"},{"taxonomy":"post_tag","embeddable":true,"href":"https:\/\/www.europesays.com\/fr\/wp-json\/wp\/v2\/tags?post=493984"}],"curies":[{"name":"wp","href":"https:\/\/api.w.org\/{rel}","templated":true}]}}