{"id":493989,"date":"2025-10-27T21:26:18","date_gmt":"2025-10-27T21:26:18","guid":{"rendered":"https:\/\/www.europesays.com\/fr\/493989\/"},"modified":"2025-10-27T21:26:18","modified_gmt":"2025-10-27T21:26:18","slug":"ligue-2-grenoble-guingamp-les-compos-probables","status":"publish","type":"post","link":"https:\/\/www.europesays.com\/fr\/493989\/","title":{"rendered":"Ligue\u00a02\u00a0: Grenoble &#8211; Guingamp, les compos probables"},"content":{"rendered":"<p>\u00c0 noter n\u00e9anmoins le retour d\u2019Abdallah, remis de sa blessure, qui pourrait \u00e9ventuellement retrouver son poste de lat\u00e9ral droit, si Ourega (ailier de formation) venait \u00e0 monter d\u2019un cran pour suppl\u00e9er Hatchi, en de\u00e7\u00e0 lors de sa derni\u00e8re titularisation.<\/p>\n<p>Sagna sur le banc\u00a0?<\/p>\n<p>Autre changement, possible, associ\u00e9 \u00e0 Louiserre durant la mise en place de ce lundi, Nlandu pourrait \u00e9ventuellement suppl\u00e9er Sissoko, tandis que Kielt ferait \u00e9galement son apparition dans le onze, d\u00e9calant de fait, Hemia sur le c\u00f4t\u00e9 droit. C\u2019est donc Sagna, d\u00e9cevant depuis le d\u00e9but de saison, qui en ferait les frais.<\/p>\n<p>Trois changements pour Grenoble<\/p>\n<p>C\u00f4t\u00e9 Grenoblois, du changement \u00e9galement par rapport au dernier onze, d\u00e9fait par le Red Star, puisque les deux lat\u00e9raux Xantippe et Zahui devraient c\u00e9der leur place \u00e0 Mion et Delos. Tandis qu\u2019au milieu de terrain Bangr\u00e9 devrait remplacer Mbock.<\/p>\n<p class=\"titre-tech\">Les \u00e9quipes probables<\/p>\n<p><strong class=\"tech\">GUINGAMP\u00a0: <\/strong>Bartouche-Selbonne &#8211; Koffi, Gomis, Sissoko, Abdallah (ou Ourega) &#8211; Hemia, Louiserre (cap.), Sidib\u00e9, Ourega (ou Hatchi) &#8211; Kielt, Mafouta.<\/p>\n<p>Rempla\u00e7ants\u00a0: Marec (g.), Matumona, Gassama, D\u00e9mouchy, Nlandu, Ahil\u00e9, Sagna, Hatchi (ou Abdallah).<\/p>\n<p>Entra\u00eeneur\u00a0: Sylvain Ripoll.<\/p>\n<p><strong class=\"tech\">G<\/strong><strong class=\"tech\">RENOBLE\u00a0: <\/strong>Diop &#8211; Delos, Paquiez (cap.), Vidal, Mambo, Mion &#8211; Valls, Bangr\u00e9, Benet &#8211; Elphege &#8211; Y. Diaby.<\/p>\n<p>Rempla\u00e7ants (\u00e0 choisir parmi)\u00a0: Allain (g), Mouyokolo, Zahui, Xantippe, H. Mbock, L\u00e9l\u00e9 Diba, Mouazan, Maurin, K\u00e9rou\u00e9dan. Entra\u00eeneur\u00a0: Franck Rizzetto.<\/p>\n","protected":false},"excerpt":{"rendered":"\u00c0 noter n\u00e9anmoins le retour d\u2019Abdallah, remis de sa blessure, qui pourrait \u00e9ventuellement retrouver son poste de lat\u00e9ral&hellip;\n","protected":false},"author":2,"featured_media":493990,"comment_status":"","ping_status":"","sticky":false,"template":"","format":"standard","meta":{"footnotes":""},"categories":[9566],"tags":[1111,11,2430,19062,1777,674,63,1011,27,2731,4044,12,25,60],"class_list":{"0":"post-493989","1":"post","2":"type-post","3":"status-publish","4":"format-standard","5":"has-post-thumbnail","7":"category-grenoble","8":"tag-actu","9":"tag-actualites","10":"tag-auvergne-rhone-alpes","11":"tag-ea-guingamp","12":"tag-eu","13":"tag-europe","14":"tag-football","15":"tag-fr","16":"tag-france","17":"tag-grenoble","18":"tag-guingamp","19":"tag-news","20":"tag-republique-francaise","21":"tag-sports"},"share_on_mastodon":{"url":"https:\/\/pubeurope.com\/@fr\/115448249365765714","error":""},"_links":{"self":[{"href":"https:\/\/www.europesays.com\/fr\/wp-json\/wp\/v2\/posts\/493989","targetHints":{"allow":["GET"]}}],"collection":[{"href":"https:\/\/www.europesays.com\/fr\/wp-json\/wp\/v2\/posts"}],"about":[{"href":"https:\/\/www.europesays.com\/fr\/wp-json\/wp\/v2\/types\/post"}],"author":[{"embeddable":true,"href":"https:\/\/www.europesays.com\/fr\/wp-json\/wp\/v2\/users\/2"}],"replies":[{"embeddable":true,"href":"https:\/\/www.europesays.com\/fr\/wp-json\/wp\/v2\/comments?post=493989"}],"version-history":[{"count":0,"href":"https:\/\/www.europesays.com\/fr\/wp-json\/wp\/v2\/posts\/493989\/revisions"}],"wp:featuredmedia":[{"embeddable":true,"href":"https:\/\/www.europesays.com\/fr\/wp-json\/wp\/v2\/media\/493990"}],"wp:attachment":[{"href":"https:\/\/www.europesays.com\/fr\/wp-json\/wp\/v2\/media?parent=493989"}],"wp:term":[{"taxonomy":"category","embeddable":true,"href":"https:\/\/www.europesays.com\/fr\/wp-json\/wp\/v2\/categories?post=493989"},{"taxonomy":"post_tag","embeddable":true,"href":"https:\/\/www.europesays.com\/fr\/wp-json\/wp\/v2\/tags?post=493989"}],"curies":[{"name":"wp","href":"https:\/\/api.w.org\/{rel}","templated":true}]}}