{"id":493991,"date":"2025-10-27T21:27:23","date_gmt":"2025-10-27T21:27:23","guid":{"rendered":"https:\/\/www.europesays.com\/fr\/493991\/"},"modified":"2025-10-27T21:27:23","modified_gmt":"2025-10-27T21:27:23","slug":"deux-documentaires-sur-larchitecte-maillols-a-voir-a-rennes","status":"publish","type":"post","link":"https:\/\/www.europesays.com\/fr\/493991\/","title":{"rendered":"Deux documentaires sur l\u2019architecte Maillols \u00e0 voir \u00e0 Rennes"},"content":{"rendered":"<p>La barre Saint-Just, <a href=\"https:\/\/rennes.maville.com\/actu\/actudet_-en-images.-pour-leurs-50-ans-redecouvrez-les-tours-des-horizons_7-4081939_actu.Htm\" target=\"_blank\" rel=\"noopener\">les tours des Horizons,<\/a> les Terrasses du sud dans le quartier Blosne, le b\u00e2timent Cristal dans celui de Bourg-l\u2019\u00c9v\u00eaque sont parmi les r\u00e9alisations embl\u00e9matiques de l\u2019architecte Georges Maillols (1913-1998) \u00e0 Rennes.<\/p>\n<p>Au total, \u00e0 partir de 1947, il va s\u2019impliquer dans 140\u00a0projets de construction soit pr\u00e8s de 10\u00a0000\u00a0logements. Travaillant dans tous les quartiers, il a marqu\u00e9 la ville de son empreinte.<\/p>\n<p><strong>Lire aussi\u00a0:<\/strong> <a href=\"https:\/\/rennes.maville.com\/actu\/actudet_-portrait.-georges-maillols-l-architecte-de-la-reconstruction-audacieuse-de-rennes_52674-4082008_actu.Htm\" target=\"_blank\" rel=\"noopener\">Georges Maillols, l\u2019architecte de la reconstruction audacieuse de Rennes<\/a><\/p>\n<p>Le comit\u00e9 de quartier de Cleunay, en partenariat avec l\u2019Antipode, invite \u00e0 d\u00e9couvrir une de ses plus fameuses r\u00e9alisations lors de la 5e \u00e9dition de Cin\u00e9ma ch\u00e2taignes. Il y projettera deux courts de la r\u00e9alisatrice Martine Gonthier\u00a0: Sous le ciel de Rennes, consacr\u00e9 aux Horizons, et un film de sept\u00a0minutes sur la concertation mise en place lors de la r\u00e9habilitation du square Colmar, \u00e0 Cleunay, en 2007.<\/p>\n<p>Des \u00e9changes avec les habitants et les acteurs de terrain cl\u00f4tureront les deux s\u00e9ances. \u00a0Apr\u00e8s deux ans de travaux, Archipel habitat a termin\u00e9 le vaste projet de r\u00e9habilitation du Grand Bleu, un des phares du logement social rennais, en mai\u00a02025. Le choix de s\u2019int\u00e9resser \u00e0 Maillols a donc \u00e9t\u00e9 une \u00e9vidence, explique Jean-Yves Dagnet, r\u00e9alisateur et membre du comit\u00e9 de quartier. Le c\u0153ur du quartier va vivre dix ann\u00e9es de renouvellement urbain. La soir\u00e9e permettra \u00e0 chacun de se rem\u00e9morer le pass\u00e9 et de se projeter vers l\u2019avenir\u00a0.<\/p>\n<p>Saison des ch\u00e2taignes oblige, les \u00e9changes se poursuivront autour d\u2019un verre et d\u2019un cornet de ch\u00e2taignes grill\u00e9es sur place.<\/p>\n<p><strong>Mardi 4\u00a0novembre 2025<\/strong>, 17\u00a0h\u00a015 ou 19\u00a0h, Antipode, 75, avenue Jules-Maniez, Rennes. Entr\u00e9e libre.<\/p>\n<p>\u00a0<\/p>\n","protected":false},"excerpt":{"rendered":"La barre Saint-Just, les tours des Horizons, les Terrasses du sud dans le quartier Blosne, le b\u00e2timent Cristal&hellip;\n","protected":false},"author":2,"featured_media":493992,"comment_status":"","ping_status":"","sticky":false,"template":"","format":"standard","meta":{"footnotes":""},"categories":[2821],"tags":[1111,11,31324,829,11929,1777,674,1011,27,61652,12,584,25,3840],"class_list":{"0":"post-493991","1":"post","2":"type-post","3":"status-publish","4":"format-standard","5":"has-post-thumbnail","7":"category-rennes","8":"tag-actu","9":"tag-actualites","10":"tag-architecte","11":"tag-bretagne","12":"tag-documentaires","13":"tag-eu","14":"tag-europe","15":"tag-fr","16":"tag-france","17":"tag-maillols","18":"tag-news","19":"tag-rennes","20":"tag-republique-francaise","21":"tag-voir"},"share_on_mastodon":{"url":"https:\/\/pubeurope.com\/@fr\/115448253196939301","error":""},"_links":{"self":[{"href":"https:\/\/www.europesays.com\/fr\/wp-json\/wp\/v2\/posts\/493991","targetHints":{"allow":["GET"]}}],"collection":[{"href":"https:\/\/www.europesays.com\/fr\/wp-json\/wp\/v2\/posts"}],"about":[{"href":"https:\/\/www.europesays.com\/fr\/wp-json\/wp\/v2\/types\/post"}],"author":[{"embeddable":true,"href":"https:\/\/www.europesays.com\/fr\/wp-json\/wp\/v2\/users\/2"}],"replies":[{"embeddable":true,"href":"https:\/\/www.europesays.com\/fr\/wp-json\/wp\/v2\/comments?post=493991"}],"version-history":[{"count":0,"href":"https:\/\/www.europesays.com\/fr\/wp-json\/wp\/v2\/posts\/493991\/revisions"}],"wp:featuredmedia":[{"embeddable":true,"href":"https:\/\/www.europesays.com\/fr\/wp-json\/wp\/v2\/media\/493992"}],"wp:attachment":[{"href":"https:\/\/www.europesays.com\/fr\/wp-json\/wp\/v2\/media?parent=493991"}],"wp:term":[{"taxonomy":"category","embeddable":true,"href":"https:\/\/www.europesays.com\/fr\/wp-json\/wp\/v2\/categories?post=493991"},{"taxonomy":"post_tag","embeddable":true,"href":"https:\/\/www.europesays.com\/fr\/wp-json\/wp\/v2\/tags?post=493991"}],"curies":[{"name":"wp","href":"https:\/\/api.w.org\/{rel}","templated":true}]}}