{"id":493995,"date":"2025-10-27T21:29:12","date_gmt":"2025-10-27T21:29:12","guid":{"rendered":"https:\/\/www.europesays.com\/fr\/493995\/"},"modified":"2025-10-27T21:29:12","modified_gmt":"2025-10-27T21:29:12","slug":"meme-avec-un-nouveau-reglement-des-terrasses-qui-irritent-encore","status":"publish","type":"post","link":"https:\/\/www.europesays.com\/fr\/493995\/","title":{"rendered":"m\u00eame avec un nouveau r\u00e8glement, des terrasses qui irritent encore"},"content":{"rendered":"<p>Quand on parle \u00ab\u00a0d\u2019usage du domaine public\u00a0\u00bb on pense essentiellement aux terrasses, surtout en hypercentre, <a href=\"https:\/\/www.dna.fr\/societe\/2025\/10\/23\/trop-d-incivilites-les-pietons-reclament-davantage-de-controles\" target=\"_blank\" rel=\"nofollow noopener\">o\u00f9 la cohabitation entre pi\u00e9tons, cyclistes<\/a> , clients et habitants est parfois compliqu\u00e9e.<\/p>\n<p><a href=\"https:\/\/www.dna.fr\/economie\/2024\/08\/11\/nouveau-reglement-des-terrasses-ou-en-sont-les-controles\" target=\"_blank\" rel=\"nofollow noopener\">Le r\u00e8glement<\/a> aborde d\u00e9sormais toutes les questions qui s\u2019imposent. Celles de s\u00e9curit\u00e9 (passage de v\u00e9hicules de secours, par exemple), de propret\u00e9, de nuisances sonores, d\u2019emprise sur le domaine public du mobilier.<\/p>\n<p>\u00ab\u00a0C\u2019est une grande avanc\u00e9e, d\u2019avoir d\u00e9sormais un cadre\u00a0\u00bb<\/p>\n<p>\u00ab\u00a0C\u2019est une grande avanc\u00e9e, d\u2019avoir d\u00e9sormais un cadre\u00a0\u00bb, souligne \u00c9ric Portrait de l\u2019Association des habitants du quartier gare (AHQG). \u00ab\u00a0Malheureusement, en pratique, on voit bien qu\u2019une partie des restaurateurs et bistrotiers ont encore cette tendance \u00e0 d\u00e9border de l\u2019emprise autoris\u00e9e\u00a0\u00bb, poursuit Edith Lehr, qui repr\u00e9sente&#8230;<\/p>\n","protected":false},"excerpt":{"rendered":"Quand on parle \u00ab\u00a0d\u2019usage du domaine public\u00a0\u00bb on pense essentiellement aux terrasses, surtout en hypercentre, o\u00f9 la cohabitation&hellip;\n","protected":false},"author":2,"featured_media":493996,"comment_status":"","ping_status":"","sticky":false,"template":"","format":"standard","meta":{"footnotes":""},"categories":[2820],"tags":[1111,11,4406,130,33,2880,1777,674,107,1011,27,775,12,316,25,104,640,2879],"class_list":{"0":"post-493995","1":"post","2":"type-post","3":"status-publish","4":"format-standard","5":"has-post-thumbnail","7":"category-strasbourg","8":"tag-actu","9":"tag-actualites","10":"tag-commerce-et-services","11":"tag-consommation","12":"tag-economie","13":"tag-edition-strasbourg","14":"tag-eu","15":"tag-europe","16":"tag-fil-info","17":"tag-fr","18":"tag-france","19":"tag-grand-est","20":"tag-news","21":"tag-politique","22":"tag-republique-francaise","23":"tag-societe","24":"tag-strasbourg","25":"tag-strasbourg-ville"},"share_on_mastodon":{"url":"https:\/\/pubeurope.com\/@fr\/115448261101935932","error":""},"_links":{"self":[{"href":"https:\/\/www.europesays.com\/fr\/wp-json\/wp\/v2\/posts\/493995","targetHints":{"allow":["GET"]}}],"collection":[{"href":"https:\/\/www.europesays.com\/fr\/wp-json\/wp\/v2\/posts"}],"about":[{"href":"https:\/\/www.europesays.com\/fr\/wp-json\/wp\/v2\/types\/post"}],"author":[{"embeddable":true,"href":"https:\/\/www.europesays.com\/fr\/wp-json\/wp\/v2\/users\/2"}],"replies":[{"embeddable":true,"href":"https:\/\/www.europesays.com\/fr\/wp-json\/wp\/v2\/comments?post=493995"}],"version-history":[{"count":0,"href":"https:\/\/www.europesays.com\/fr\/wp-json\/wp\/v2\/posts\/493995\/revisions"}],"wp:featuredmedia":[{"embeddable":true,"href":"https:\/\/www.europesays.com\/fr\/wp-json\/wp\/v2\/media\/493996"}],"wp:attachment":[{"href":"https:\/\/www.europesays.com\/fr\/wp-json\/wp\/v2\/media?parent=493995"}],"wp:term":[{"taxonomy":"category","embeddable":true,"href":"https:\/\/www.europesays.com\/fr\/wp-json\/wp\/v2\/categories?post=493995"},{"taxonomy":"post_tag","embeddable":true,"href":"https:\/\/www.europesays.com\/fr\/wp-json\/wp\/v2\/tags?post=493995"}],"curies":[{"name":"wp","href":"https:\/\/api.w.org\/{rel}","templated":true}]}}