{"id":493997,"date":"2025-10-27T21:30:23","date_gmt":"2025-10-27T21:30:23","guid":{"rendered":"https:\/\/www.europesays.com\/fr\/493997\/"},"modified":"2025-10-27T21:30:23","modified_gmt":"2025-10-27T21:30:23","slug":"repartir-a-lattaque-sig-strasbourg","status":"publish","type":"post","link":"https:\/\/www.europesays.com\/fr\/493997\/","title":{"rendered":"Repartir \u00e0 l&rsquo;attaque | SIG Strasbourg"},"content":{"rendered":"<p class=\"text-align-center titre\">17.8&#8230; Le nombre de passes d\u00e9cisives en moyenne sur un match pour nos sigmen<\/p>\n<p class=\"titre\">La parole au coach\u00a0<\/p>\n<p class=\"titre\">La parole \u00e0 william pfister\u00a0<\/p>\n<p class=\"titre\">Focus : Thomas Hanquiez<\/p>\n<p>Depuis son arriv\u00e9e \u00e0 Orchies en 2024, Thomas Hanquiez s\u2019est impos\u00e9 comme un cadre de l\u2019effectif dirig\u00e9 par Philippe Maucourant. Ailier-fort combatif, le local de l\u2019\u00e9tape, n\u00e9 \u00e0 Strasbourg en 2001, a fait toute sa formation avec la SIG Strasbourg <strong>(8,1 points, 6,4 rebonds et 11,9 d\u2019\u00e9valuation <\/strong>par match lors de sa derni\u00e8re saison). Cette saison, ses statistiques font de lui un joueur solide de Nationale avec <strong>9,1 points, 5 rebonds et 1,1 passe d\u00e9cisive<\/strong> de moyenne.<br \/>\nPour sa deuxi\u00e8me saison dans le Nord, il joue un r\u00f4le majeur en championnat. Le joueur pass\u00e9 par le centre de formation alsacien est tr\u00e8s fiable avec une grande r\u00e9gularit\u00e9 dans ses performances, qui fait de lui un des meilleurs joueurs de troisi\u00e8me division. Les SIGmen devront le surveiller comme le lait sur le feu dans la raquette, notamment au rebond.<br \/>\nMardi soir, les Strasbourgeois devront imp\u00e9rativement r\u00e9pondre \u00e0 la duret\u00e9 que va imposer Thomas Hanquiez sous le cercle, sous peine de souffrir durant tout le match. La r\u00e9ponse viendra des ailiers et des int\u00e9rieurs qui devront faire leur loi dans la raquette. Les Alsaciens sont pr\u00e9venus : pour esp\u00e9rer repartir victorieux de cette confrontation face \u00e0 l\u2019enfant du club, il faudra imp\u00e9rativement limiter le rendement de l\u2019ailier-fort.\u00a0\u00a0<\/p>\n<p class=\"text-align-justify\">\u00a0<\/p>\n<p><strong>\u2b07\ufe0f Pour revoir les HIGHLIGHTS des 32\u00e8mes de Finale \u00a0 \u2b07\ufe0f<\/strong><\/p>\n<p class=\"text-align-center\">\u00a0<\/p><\/p>\n","protected":false},"excerpt":{"rendered":"17.8&#8230; Le nombre de passes d\u00e9cisives en moyenne sur un match pour nos sigmen La parole au coach\u00a0&hellip;\n","protected":false},"author":2,"featured_media":493998,"comment_status":"","ping_status":"","sticky":false,"template":"","format":"standard","meta":{"footnotes":""},"categories":[2820],"tags":[1111,11,3146,1777,674,1011,27,775,3145,12,25,3144,640],"class_list":{"0":"post-493997","1":"post","2":"type-post","3":"status-publish","4":"format-standard","5":"has-post-thumbnail","7":"category-strasbourg","8":"tag-actu","9":"tag-actualites","10":"tag-betclic-elite","11":"tag-eu","12":"tag-europe","13":"tag-fr","14":"tag-france","15":"tag-grand-est","16":"tag-lnb","17":"tag-news","18":"tag-republique-francaise","19":"tag-sig","20":"tag-strasbourg"},"share_on_mastodon":{"url":"https:\/\/pubeurope.com\/@fr\/115448265046167632","error":""},"_links":{"self":[{"href":"https:\/\/www.europesays.com\/fr\/wp-json\/wp\/v2\/posts\/493997","targetHints":{"allow":["GET"]}}],"collection":[{"href":"https:\/\/www.europesays.com\/fr\/wp-json\/wp\/v2\/posts"}],"about":[{"href":"https:\/\/www.europesays.com\/fr\/wp-json\/wp\/v2\/types\/post"}],"author":[{"embeddable":true,"href":"https:\/\/www.europesays.com\/fr\/wp-json\/wp\/v2\/users\/2"}],"replies":[{"embeddable":true,"href":"https:\/\/www.europesays.com\/fr\/wp-json\/wp\/v2\/comments?post=493997"}],"version-history":[{"count":0,"href":"https:\/\/www.europesays.com\/fr\/wp-json\/wp\/v2\/posts\/493997\/revisions"}],"wp:featuredmedia":[{"embeddable":true,"href":"https:\/\/www.europesays.com\/fr\/wp-json\/wp\/v2\/media\/493998"}],"wp:attachment":[{"href":"https:\/\/www.europesays.com\/fr\/wp-json\/wp\/v2\/media?parent=493997"}],"wp:term":[{"taxonomy":"category","embeddable":true,"href":"https:\/\/www.europesays.com\/fr\/wp-json\/wp\/v2\/categories?post=493997"},{"taxonomy":"post_tag","embeddable":true,"href":"https:\/\/www.europesays.com\/fr\/wp-json\/wp\/v2\/tags?post=493997"}],"curies":[{"name":"wp","href":"https:\/\/api.w.org\/{rel}","templated":true}]}}