{"id":494004,"date":"2025-10-27T21:34:15","date_gmt":"2025-10-27T21:34:15","guid":{"rendered":"https:\/\/www.europesays.com\/fr\/494004\/"},"modified":"2025-10-27T21:34:15","modified_gmt":"2025-10-27T21:34:15","slug":"accuse-de-comportements-inappropries-le-fondateur-rene-martin-quitte-ses-fonctions-liberation","status":"publish","type":"post","link":"https:\/\/www.europesays.com\/fr\/494004\/","title":{"rendered":"accus\u00e9 de comportements inappropri\u00e9s, le fondateur Ren\u00e9 Martin quitte ses fonctions \u2013 Lib\u00e9ration"},"content":{"rendered":"<p class=\"sc-cPiKLX AiZTS text-element\">Apr\u00e8s la fin de la collaboration, la d\u00e9mission. Ren\u00e9 Martin, figure de la musique classique soup\u00e7onn\u00e9 de \u00abcomportements inappropri\u00e9s\u00bb, a quitt\u00e9 ses fonctions de directeur du Cr\u00e9a, association qui organise notamment le festival <a href=\"https:\/\/www.liberation.fr\/villes\/2007\/01\/19\/folle-croissance-pour-la-folle-journee_82320\/\" target=\"_blank\" rel=\"noreferrer nofollow noopener\" title=\"https:\/\/www.liberation.fr\/villes\/2007\/01\/19\/folle-croissance-pour-la-folle-journee_82320\/\">La Folle Journ\u00e9e de Nantes,<\/a> a annonc\u00e9 son conseil d\u2019administration. <\/p>\n<p class=\"sc-cPiKLX AiZTS text-element\">L\u2019organe directeur du Centre de r\u00e9alisations et d\u2019\u00e9tudes artistiques (Cr\u00e9a) a re\u00e7u ce matin la lettre de d\u00e9mission de Ren\u00e9 Martin et \u00aben a pris acte\u00bb, a annonc\u00e9 lundi l\u2019association dans un communiqu\u00e9. Le Cr\u00e9a, fond\u00e9 par Ren\u00e9 Martin et gestionnaire de plusieurs festivals, avait mandat\u00e9 un audit apr\u00e8s des r\u00e9v\u00e9lations de presse sur des d\u00e9rives dans sa gestion financi\u00e8re et son management. <\/p>\n<p class=\"sc-cPiKLX AiZTS text-element\">Les conclusions de l\u2019audit \u00abd\u00e9montrent clairement que les principes d\u2019exemplarit\u00e9, de respect des droits des salari\u00e9s et de lutte contre les violences sexistes et sexuelles, ont \u00e9t\u00e9 bafou\u00e9s\u00bb, a affirm\u00e9 vendredi la mairie de Nantes <a href=\"https:\/\/www.liberation.fr\/societe\/police-justice\/nantes-justice-saisie-et-collaboration-rompue-avec-rene-martin-fondateur-de-la-folle-journee-apres-un-audit-accablant-20251025_3JR2QHCIFRBTFM7JVIVLROWLMQ\/?redirected=1\" target=\"_blank\" rel=\"noreferrer nofollow noopener\" title=\"https:\/\/www.liberation.fr\/societe\/police-justice\/nantes-justice-saisie-et-collaboration-rompue-avec-rene-martin-fondateur-de-la-folle-journee-apres-un-audit-accablant-20251025_3JR2QHCIFRBTFM7JVIVLROWLMQ\/?redirected=1\">dans un communiqu\u00e9 annon\u00e7ant la fin de sa collaboration avec Ren\u00e9 Martin.<\/a> Une annonce retentissante puisque la ville et la m\u00e9tropole de Nantes financent le festival \u00e0 hauteur de 1,1 million d\u2019euros sur un budget global de 4,7 millions d\u2019euros. Dans le m\u00eame communiqu\u00e9, la municipalit\u00e9 \u00e9voque notamment \u00abl\u2019exposition des salari\u00e9s \u00e0 des contenus \u00e0 caract\u00e8re pornographique\u00bb et a adress\u00e9 les conclusions de l\u2019audit au procureur de la R\u00e9publique de Nantes. <\/p>\n<p class=\"sc-cPiKLX AiZTS text-element\">D\u2019apr\u00e8s ce dernier, l\u2019audit conclut \u00e0 des \u00abdysfonctionnements manifestes\u00bb dans l\u2019organisation et dans les conditions du travail au sein de l\u2019association, des faits dont l\u2019inspection du travail va \u00eatre saisie. Selon le parquet, le rapport fait \u00e9galement \u00e9tat de \u00abcomportements inappropri\u00e9s\u00bb de la part de Ren\u00e9 Martin, 75 ans. <\/p>\n<p class=\"sc-cPiKLX AiZTS text-element\">\u00abCe qui est d\u00e9crit dans ce rapport pourrait, de mon point de vue, mais seulement apr\u00e8s que seront r\u00e9alis\u00e9es des investigations plus approfondies, caract\u00e9riser des infractions p\u00e9nales <a href=\"https:\/\/www.liberation.fr\/france\/2017\/10\/29\/harcelement-au-travail-en-france-on-est-dans-une-culture-du-silence_1606668\/\" target=\"_blank\" rel=\"noreferrer nofollow noopener\" title=\"https:\/\/www.liberation.fr\/france\/2017\/10\/29\/harcelement-au-travail-en-france-on-est-dans-une-culture-du-silence_1606668\/\">de type harc\u00e8lement au travail\u00bb<\/a>, a ajout\u00e9 le procureur, Antoine Leroy. <\/p>\n<p class=\"sc-cPiKLX AiZTS text-element\">Ren\u00e9 Martin a de son c\u00f4t\u00e9 contest\u00e9 \u00ables accusations de comportements inappropri\u00e9s, de harc\u00e8lement ou d\u2019\u201chypersexualisation\u201d des relations de travail\u00bb, affirmant que l\u2019audit \u00abne semble faire \u00e9tat ni d\u2019aucun fait r\u00e9pr\u00e9hensible, ni d\u2019aucun fait constitutif de harc\u00e8lement\u00bb. <\/p>\n<p class=\"sc-cPiKLX AiZTS text-element\">Dans son communiqu\u00e9, le conseil d\u2019administration du Cr\u00e9a \u00abregrette profond\u00e9ment les \u00e9v\u00e9nements qui ont conduit \u00e0 cette situation\u00bb et \u00abremercie monsieur Ren\u00e9 Martin pour son travail artistique et pour la r\u00e9ussite des manifestations exceptionnelles qu\u2019il a initi\u00e9es et port\u00e9es au fil des ann\u00e9es\u00bb. <\/p>\n<p class=\"sc-cPiKLX AiZTS text-element\">\u00abIl appartiendra aux autorit\u00e9s judiciaires de se prononcer sur la r\u00e9alit\u00e9 et la qualification des accusations dirig\u00e9es \u00e0 l\u2019encontre de Ren\u00e9 Martin\u00bb, conclut l\u2019association, qui organise chaque ann\u00e9e plus de 1 200 concerts en France et dans le monde, selon son site internet. <\/p>\n","protected":false},"excerpt":{"rendered":"Apr\u00e8s la fin de la collaboration, la d\u00e9mission. Ren\u00e9 Martin, figure de la musique classique soup\u00e7onn\u00e9 de \u00abcomportements&hellip;\n","protected":false},"author":2,"featured_media":494005,"comment_status":"","ping_status":"","sticky":false,"template":"","format":"standard","meta":{"footnotes":""},"categories":[2818],"tags":[1111,11,1777,674,1011,27,2936,766,12,2636,25],"class_list":{"0":"post-494004","1":"post","2":"type-post","3":"status-publish","4":"format-standard","5":"has-post-thumbnail","7":"category-nantes","8":"tag-actu","9":"tag-actualites","10":"tag-eu","11":"tag-europe","12":"tag-fr","13":"tag-france","14":"tag-musique-classique","15":"tag-nantes","16":"tag-news","17":"tag-pays-de-la-loire","18":"tag-republique-francaise"},"share_on_mastodon":{"url":"https:\/\/pubeurope.com\/@fr\/115448280785382918","error":""},"_links":{"self":[{"href":"https:\/\/www.europesays.com\/fr\/wp-json\/wp\/v2\/posts\/494004","targetHints":{"allow":["GET"]}}],"collection":[{"href":"https:\/\/www.europesays.com\/fr\/wp-json\/wp\/v2\/posts"}],"about":[{"href":"https:\/\/www.europesays.com\/fr\/wp-json\/wp\/v2\/types\/post"}],"author":[{"embeddable":true,"href":"https:\/\/www.europesays.com\/fr\/wp-json\/wp\/v2\/users\/2"}],"replies":[{"embeddable":true,"href":"https:\/\/www.europesays.com\/fr\/wp-json\/wp\/v2\/comments?post=494004"}],"version-history":[{"count":0,"href":"https:\/\/www.europesays.com\/fr\/wp-json\/wp\/v2\/posts\/494004\/revisions"}],"wp:featuredmedia":[{"embeddable":true,"href":"https:\/\/www.europesays.com\/fr\/wp-json\/wp\/v2\/media\/494005"}],"wp:attachment":[{"href":"https:\/\/www.europesays.com\/fr\/wp-json\/wp\/v2\/media?parent=494004"}],"wp:term":[{"taxonomy":"category","embeddable":true,"href":"https:\/\/www.europesays.com\/fr\/wp-json\/wp\/v2\/categories?post=494004"},{"taxonomy":"post_tag","embeddable":true,"href":"https:\/\/www.europesays.com\/fr\/wp-json\/wp\/v2\/tags?post=494004"}],"curies":[{"name":"wp","href":"https:\/\/api.w.org\/{rel}","templated":true}]}}