{"id":494010,"date":"2025-10-27T21:37:13","date_gmt":"2025-10-27T21:37:13","guid":{"rendered":"https:\/\/www.europesays.com\/fr\/494010\/"},"modified":"2025-10-27T21:37:13","modified_gmt":"2025-10-27T21:37:13","slug":"ces-proches-du-maire-de-toulouse-soupconnes-par-la-justice-de-complicite-de-detournement-de-fonds-publics","status":"publish","type":"post","link":"https:\/\/www.europesays.com\/fr\/494010\/","title":{"rendered":"Ces proches du maire de Toulouse soup\u00e7onn\u00e9s par la justice de complicit\u00e9 de d\u00e9tournement de fonds publics"},"content":{"rendered":"<p>Marion Lalane\u2010de\u2010Laubad\u00e8re, Sacha Briand, Pierre Esplugas\u2010Labatut, Julie Escudier et Jean\u2010Michel Lattes\u2026 Pendant la campagne municipale de 2020, ces \u00e9lus toulousains auraient donn\u00e9 des instructions \u00e0 des collaborateurs de cabinet du maire, mobilis\u00e9s pendant leur temps de travail au profit du candidat Jean\u2010Luc Moudenc. Ils auraient aussi, pour certains d\u2019entre eux, sollicit\u00e9 des fonctionnaires territoriaux pour nourrir les arguments du candidat de droite.\u00a0<\/p>\n<p>C\u2019est pour avoir franchi cette ligne rouge qu\u2019ils apparaissent dans la plainte pour d\u00e9tournement de fonds publics et financement ill\u00e9gal de campagne visant le maire de Toulouse, qui fait l\u2019objet d\u2019<a href=\"https:\/\/www.mediacites.fr\/breve\/toulouse\/2025\/10\/06\/le-parquet-dauch-ouvre-une-enquete-preliminaire-sur-laffaire-moudenc\/\" target=\"_blank\" rel=\"noopener nofollow\">une enqu\u00eate pr\u00e9liminaire sous l\u2019\u00e9gide de la procureure de la R\u00e9publique, Cl\u00e9mence Meyer<\/a>. Ils sont accus\u00e9s par Anticor \u00ab\u202fd\u2019avoir apport\u00e9 leur concours au syst\u00e8me mis en place par Monsieur Moudenc, en ce qu\u2019ils ont \u00e9galement donn\u00e9 des instructions aux collaborateurs de cabinet de Monsieur Moudenc\u202f\u00bb. Selon l\u2019association anticorruption, ce concours \u00ab\u202fpourrait permettre de caract\u00e9riser l\u2019infraction de complicit\u00e9 de d\u00e9tournement de fonds publics\u202f\u00bb.<\/p>\n<p>Cette plainte repose sur des dizaines de documents (\u00e9changes de courriels, de SMS, notes et agendas) auquel Mediacit\u00e9s a pu avoir acc\u00e8s par ses propres investigations et enqu\u00eate depuis des mois. De tous les \u00e9lus contact\u00e9s par nos soins pour s\u2019expliquer, seul Sacha Briand nous a r\u00e9pondu pour indiquer qu\u2019il ne souhaitait pas faire de commentaire.\u00a0Ils sont \u00e0 ce jour pr\u00e9sum\u00e9s innocents.<br \/>Un syst\u00e8me bien\u00a0rod\u00e9<br \/>Un \u00e9change de courriels dat\u00e9s de mars 2020 illustrerait parfaitement comment les colistiers de Jean\u2010Luc Moudenc auraient particip\u00e9 au syst\u00e8me. Lundi 2 mars, \u00e0 17h36, une journaliste de France 3 \u00e9crit \u00e0 l\u2019adresse officielle du candidat Moudenc (jlm@moudenc2020.fr). Elle veut l\u2019interroger sur son bilan et son programme en mati\u00e8re de langue et de culture occitane.<\/p>\n<p>\u00c0 17h38, la collaboratrice de cabinet charg\u00e9e de la gestion de cette adresse transf\u00e8re la demande \u00e0 son coll\u00e8gue responsable du programme \u00ab\u202fprojet pour Toulouse\u202f\u00bb. \u00c0 17h40, celui\u2010ci se d\u00e9charge du dossier en l\u2019envoyant \u00e0 Pierre\u00a0\u2026<\/p>\n<p>Nous vous offrons l\u2019acc\u00e8s \u00e0 cet article<\/p>\n<p>Et \u00e0 toutes nos enqu\u00eates pendant deux jours\u00a0\u00a0! <br \/>Oui, on est g\u00e9n\u00e9reux \ud83d\ude09 Mais pensez aussi \u00e0 <a href=\"https:\/\/www.mediacites.fr\/sabonner\/\" target=\"_blank\" style=\"color:#fff\" rel=\"nofollow noopener\">vous abonner<\/a>\u00a0\u00a0!<\/p>\n<p>\t\tEn renseignant votre adresse, vous acceptez nos <a href=\"https:\/\/www.mediacites.fr\/conditions-generales-d-utilisation\/\" target=\"_blank\" rel=\"nofollow noopener\">conditions g\u00e9n\u00e9rales d\u2019utilisation<\/a>. <br \/>Mediacit\u00e9s s\u2019engage \u00e0 ne pas c\u00e9der votre adresse \u00e0 des tiers. En cas d\u2019\u00e9chec, \u00e9crivez \u00e0 <a href=\"https:\/\/www.mediacites.fr\/enquete\/toulouse\/2025\/10\/27\/affaire-moudenc-ces-proches-du-maire-de-toulouse-soupconnes-par-la-justice-de-complicite-de-detournement-de-fonds-publics\/mailto:contact@mediacites.fr\" rel=\"nofollow noopener\" target=\"_blank\">contact@mediacites.fr<\/a><\/p>\n<ul>\n<li>J\u2019acc\u00e8de aux 4 \u00e9ditions de Mediacit\u00e9s (Lille, Lyon, Nantes et Toulouse)<\/li>\n<li>Je d\u00e9couvre un m\u00e9dia 100 % ind\u00e9pendant, avec 0 % de publicit\u00e9<\/li>\n<\/ul>\n<p>Envie de lire la\u00a0suite\u202f?<\/p>\n<p>Depuis neuf ans, Mediacit\u00e9s enqu\u00eate en toute ind\u00e9pendance dans votre ville. Gr\u00e2ce \u00e0 ses lecteurs\u202f! Abonnez\u2010vous pour ne rien manquer de nos enqu\u00eates, suivre les \u00e9lections municipales et soutenir un journal local d\u2019investigation.<\/p>\n<ul>\n<li>Acc\u00e8s aux 4 \u00e9ditions de Mediacit\u00e9s (Lille, Lyon, Nantes et Toulouse)<\/li>\n<li>100 % ind\u00e9pendant, avec 0 % de publicit\u00e9<\/li>\n<li>R\u00e9siliation facile \u00e0 tout moment<\/li>\n<\/ul>\n<p>Mediacit\u00e9s offre l\u2019acc\u00e8s \u00e0 cet article aux lecteurs de News2Com<\/p>\n<p>Et \u00e0 toutes nos enqu\u00eates pendant deux jours\u00a0\u00a0! <br \/>Oui, on est g\u00e9n\u00e9reux \ud83d\ude09 Mais pensez aussi \u00e0 <a href=\"https:\/\/www.mediacites.fr\/sabonner\/\" target=\"_blank\" style=\"color:#fff\" rel=\"nofollow noopener\">vous abonner<\/a>\u00a0\u00a0!<\/p>\n<p>\t\tEn renseignant votre adresse, vous acceptez nos <a href=\"https:\/\/www.mediacites.fr\/conditions-generales-d-utilisation\/\" target=\"_blank\" rel=\"nofollow noopener\">conditions g\u00e9n\u00e9rales d\u2019utilisation<\/a>. <br \/>Mediacit\u00e9s s\u2019engage \u00e0 ne pas c\u00e9der votre adresse \u00e0 des tiers. En cas d\u2019\u00e9chec, \u00e9crivez \u00e0 <a href=\"https:\/\/www.mediacites.fr\/enquete\/toulouse\/2025\/10\/27\/affaire-moudenc-ces-proches-du-maire-de-toulouse-soupconnes-par-la-justice-de-complicite-de-detournement-de-fonds-publics\/mailto:contact@mediacites.fr\" rel=\"nofollow noopener\" target=\"_blank\">contact@mediacites.fr<\/a><\/p>\n<ul>\n<li>J\u2019acc\u00e8de aux 4 \u00e9ditions de Mediacit\u00e9s (Lille, Lyon, Nantes et Toulouse)<\/li>\n<li>Je d\u00e9couvre un m\u00e9dia 100 % ind\u00e9pendant, avec 0 % de publicit\u00e9<\/li>\n<\/ul>\n","protected":false},"excerpt":{"rendered":"Marion Lalane\u2010de\u2010Laubad\u00e8re, Sacha Briand, Pierre Esplugas\u2010Labatut, Julie Escudier et Jean\u2010Michel Lattes\u2026 Pendant la campagne municipale de 2020, ces&hellip;\n","protected":false},"author":2,"featured_media":494011,"comment_status":"","ping_status":"","sticky":false,"template":"","format":"standard","meta":{"footnotes":""},"categories":[2816],"tags":[1111,11,61654,54014,1067,1777,674,1011,27,2857,61655,12,2680,2634,25,2312],"class_list":{"0":"post-494010","1":"post","2":"type-post","3":"status-publish","4":"format-standard","5":"has-post-thumbnail","7":"category-toulouse","8":"tag-actu","9":"tag-actualites","10":"tag-affaire-moudenc","11":"tag-anticor","12":"tag-enquete","13":"tag-eu","14":"tag-europe","15":"tag-fr","16":"tag-france","17":"tag-jean-luc-moudenc","18":"tag-moudenc","19":"tag-news","20":"tag-occitanie","21":"tag-plainte","22":"tag-republique-francaise","23":"tag-toulouse"},"share_on_mastodon":{"url":"https:\/\/pubeurope.com\/@fr\/115448292638831017","error":""},"_links":{"self":[{"href":"https:\/\/www.europesays.com\/fr\/wp-json\/wp\/v2\/posts\/494010","targetHints":{"allow":["GET"]}}],"collection":[{"href":"https:\/\/www.europesays.com\/fr\/wp-json\/wp\/v2\/posts"}],"about":[{"href":"https:\/\/www.europesays.com\/fr\/wp-json\/wp\/v2\/types\/post"}],"author":[{"embeddable":true,"href":"https:\/\/www.europesays.com\/fr\/wp-json\/wp\/v2\/users\/2"}],"replies":[{"embeddable":true,"href":"https:\/\/www.europesays.com\/fr\/wp-json\/wp\/v2\/comments?post=494010"}],"version-history":[{"count":0,"href":"https:\/\/www.europesays.com\/fr\/wp-json\/wp\/v2\/posts\/494010\/revisions"}],"wp:featuredmedia":[{"embeddable":true,"href":"https:\/\/www.europesays.com\/fr\/wp-json\/wp\/v2\/media\/494011"}],"wp:attachment":[{"href":"https:\/\/www.europesays.com\/fr\/wp-json\/wp\/v2\/media?parent=494010"}],"wp:term":[{"taxonomy":"category","embeddable":true,"href":"https:\/\/www.europesays.com\/fr\/wp-json\/wp\/v2\/categories?post=494010"},{"taxonomy":"post_tag","embeddable":true,"href":"https:\/\/www.europesays.com\/fr\/wp-json\/wp\/v2\/tags?post=494010"}],"curies":[{"name":"wp","href":"https:\/\/api.w.org\/{rel}","templated":true}]}}