{"id":494021,"date":"2025-10-27T21:44:18","date_gmt":"2025-10-27T21:44:18","guid":{"rendered":"https:\/\/www.europesays.com\/fr\/494021\/"},"modified":"2025-10-27T21:44:18","modified_gmt":"2025-10-27T21:44:18","slug":"lyon-jade-a-frole-la-mort-lors-dun-accident-provoque-par-un-chauffard-elle-raconte","status":"publish","type":"post","link":"https:\/\/www.europesays.com\/fr\/494021\/","title":{"rendered":"Lyon. Jade a fr\u00f4l\u00e9 la mort lors d&rsquo;un accident provoqu\u00e9 par un chauffard, elle raconte"},"content":{"rendered":"<p>            Par<br \/>\n        <strong><br \/>\n            <a href=\"https:\/\/actu.fr\/auteur\/nicolas-zaugra\" title=\"Consulter tous les articles de Nicolas Zaugra\" target=\"_blank\" rel=\"noopener\">Nicolas Zaugra<\/a><br \/>\n        <\/strong><\/p>\n<p>        Publi\u00e9 le<\/p>\n<p>            27 oct. 2025 \u00e0 20h38        <\/p>\n<p>L\u2019accident a \u00e9t\u00e9 d\u2019une tr\u00e8s grande violence. Le 19 octobre dernier, un <a href=\"https:\/\/actu.fr\/auvergne-rhone-alpes\/lyon_69123\/lyon-refus-d-obtemperer-suivi-d-un-accident-violent-des-victimes-entre-la-vie-et-la-mort_63320711.html\" target=\"_blank\" rel=\"noopener\">refus d\u2019obtemp\u00e9rer suivi d\u2019un accident<\/a> entre deux voitures dans le quartier de <a href=\"https:\/\/actu.fr\/tag\/confluence\" target=\"_blank\" rel=\"noopener\">Confluence<\/a> \u00e0 <a href=\"https:\/\/actu.fr\/auvergne-rhone-alpes\/lyon_69123\" target=\"_blank\" rel=\"noopener\">Lyon<\/a> (2e arrondissement) a fait <strong>trois bless\u00e9s graves et un l\u00e9ger<\/strong>. Un automobiliste alcoolis\u00e9 qui avait refus\u00e9 de se soustraire \u00e0 un contr\u00f4le de police a percut\u00e9 une autre voiture sur le quai Perrache. Une semaine apr\u00e8s, une victime pr\u00e9sente dans la voiture percut\u00e9e par le chauffard t\u00e9moigne.<\/p>\n<p>Victime d\u2019un refus d\u2019obtemp\u00e9rer \u00e0 Confluence<\/p>\n<p class=\" wall-content\"><strong>Jade Loctin<\/strong> tr\u00e8s suivie sur les r\u00e9seaux sociaux a d\u00e9cid\u00e9 de prendre la parole dans une vid\u00e9o TikTok d\u00e9j\u00e0 vue pr\u00e8s de 2 millions de fois en trois jours. La jeune femme a vu sa vie basculer dans la nuit de samedi \u00e0 dimanche 19 octobre. Gravement bless\u00e9e, elle a d\u00fb \u00eatre d\u00e9sincarc\u00e9r\u00e9e par les pompiers.<\/p>\n<p class=\" wall-content\">Face cam\u00e9ra sur son fauteuil avec deux yeux au beurre noir, un corset du torse au cou et une cheville dans le pl\u00e2tre, l\u2019influenceuse est revenue sur le drame. \u00ab\u00a0On a une grande chance d\u2019\u00eatre encore en vie. Les trois-quarts du corps m\u00e9dical pensaient qu\u2019on y passerait ou qu\u2019on serait t\u00e9trapl\u00e9gique\u00a0\u00bb, confie-t-elle \u00e0 sa communaut\u00e9.<\/p>\n<p>\u00ab\u00a0Je n\u2019ai aucun souvenir, ni du choc, ni de ma semaine \u00e0 l\u2019h\u00f4pital\u00a0\u00bb<\/p>\n<p class=\" wall-content\">\u00ab\u00a0Pendant plusieurs mois, ma pr\u00e9sence sur les r\u00e9seaux sociaux va \u00eatre chamboul\u00e9e et diff\u00e9rente\u00a0\u00bb, pr\u00e9vient Jade apr\u00e8s \u00ab\u00a0une semaine d\u2019hospitalisation\u00a0\u00bb.\u00a0<\/p>\n<p class=\" wall-content\">\u00ab\u00a0Gr\u00e2ce \u00e0 Dieu, je suis en vie\u00a0\u00bb, dit-elle soulag\u00e9e. \u00ab\u00a0Je n\u2019\u00e9tais absolument pas fautive dans l\u2019accident, j\u2019\u00e9tais avec deux amis dans la voiture. En face, une voiture suite \u00e0 un refus d\u2019obtemp\u00e9rer nous est rentr\u00e9e dedans\u00a0\u00bb.<\/p>\n<blockquote class=\"ac-article-quote wall-content\">\n<p>Je n&rsquo;ai aucun souvenir, ni du choc, ni de ma semaine \u00e0 l&rsquo;h\u00f4pital. Le premier souvenir que j&rsquo;ai remonte \u00e0 deux jours puisque tout le reste c&rsquo;est ce qu&rsquo;on m&rsquo;a racont\u00e9, la police, les pompiers, nos proches&#8230; Ils ont d\u00fb d\u00e9couper la voiture avant de me sortir, j&rsquo;\u00e9tais trop bloqu\u00e9e. <\/p>\n<p>    <strong>Jade, victime d&rsquo;un accident de la route \u00e0 Lyon<\/strong>\n            <\/p><\/blockquote>\n<p>Votre r\u00e9gion, votre actu !<\/p>\n<p>Recevez chaque jour les infos qui comptent pour vous.<\/p>\n<p>\t<a href=\"https:\/\/actu.fr\/newsletter\" class=\"ac-btn ac-btn--corner ac-btn--medium ac-btn--blue800\" target=\"_blank\" rel=\"noopener\">S&rsquo;incrire<\/a><br \/>\n\u00ab\u00a0J\u2019ai des douleurs que j\u2019aurai pendant plusieurs mois\u00a0\u00bb<\/p>\n<p class=\" wall-content\">\u00ab\u00a0J\u2019ai \u00e9t\u00e9 emmen\u00e9e en urgence \u00e0 l\u2019h\u00f4pital. J\u2019ai une cheville cass\u00e9e, un pied dans le pl\u00e2tre, des vert\u00e8bres et les cervicales cass\u00e9es ce qui explique mon magnifique corset\u00a0\u00bb, ironise la Lyonnaise. Elle a aussi eu un traumatisme cr\u00e2nien, une facette, une oreille et un nez cass\u00e9s\u2026 Ses d\u00e9placements se font en fauteuil roulant.<\/p>\n<p class=\" wall-content\">\u00ab\u00a0Je vais essayer de mener une vie normale mais malheureusement elle ne sera pas aussi normale. On ne se rend pas compte mais la vie \u00e7a m\u00e8ne \u00e0 une libert\u00e9 tellement \u00e9norme. J\u2019ai des douleurs que j\u2019aurai pendant plusieurs mois. Chaque minute de notre vie que l\u2019on passe libre c\u2019est un cadeau de Dieu, c\u2019est un cadeau du ciel, ne remettez rien \u00e0 demain. D\u00e8s que vous pouvez faire quelque chose, faites-le\u00a0\u00bb, ajoute Jade dans sa vid\u00e9o \u00e0 ses 172 000 abonn\u00e9s Tik Tok.<\/p>\n<blockquote class=\"tiktok-embed\" cite=\"https:\/\/www.tiktok.com\/@jadeloctin\/video\/7564813591874915606\" data-video-id=\"7564813591874915606\" data-embed-from=\"oembed\" style=\"max-width:605px; min-width:325px;\"><p>\n<a target=\"_blank\" title=\"@jadeloctin\" href=\"https:\/\/www.tiktok.com\/@jadeloctin?refer=embed\" rel=\"noopener\">@jadeloctin<\/a> <\/p>\n<p>C\u2019\u00e9tait un peu long et brouillon, j\u2019en suis d\u00e9sol\u00e9e mais je trouvais \u00e7a n\u00e9cessaire \ud83e\udef6\ud83c\udffc\u2764\ufe0f<\/p>\n<p> <a target=\"_blank\" title=\"\u266c son original - Jade Loctin\" href=\"https:\/\/www.tiktok.com\/music\/son-original-7564813608736148246?refer=embed\" rel=\"noopener\">\u266c son original \u2013 Jade Loctin<\/a> <\/p>\n<\/blockquote>\n<p>Un chauffard alcoolis\u00e9 et sans permis de conduire<\/p>\n<p class=\" wall-content\">Le chauffard impliqu\u00e9, \u00e2g\u00e9 de 24 ans, a \u00e9t\u00e9 interpell\u00e9 juste apr\u00e8s l\u2019accident par la police.<\/p>\n<p class=\" wall-content\">L\u2019homme, connu des services, \u00e9tait alcoolis\u00e9 et sans permis de conduire. L\u2019individu a \u00e9t\u00e9 d\u00e9f\u00e9r\u00e9 mardi dernier au parquet de Lyon pour <strong>blessures routi\u00e8res, mise en danger de la vie d\u2019autrui, refus d\u2019obtemp\u00e9rer et conduite en \u00e9tat d\u2019ivresse<\/strong>.<\/p>\n<p class=\" wall-content\">Personnalisez votre actualit\u00e9 en ajoutant vos villes et m\u00e9dias en favori avec <a href=\"https:\/\/moncompte.actu.fr\" title=\"D\u00e9couvez Mon Actu\" rel=\"nofollow noopener\" data-trk=\"{&quot;cta&quot;:{&quot;action&quot;:&quot;https:\\\/\\\/moncompte.actu.fr&quot;,&quot;category&quot;:&quot;mon compte&quot;,&quot;from&quot;:&quot;article footer&quot;,&quot;name&quot;:&quot;Mon actu&quot;,&quot;type&quot;:&quot;cta&quot;}}\" target=\"_blank\">Mon Actu<\/a>.<\/p>\n<p>                    <script async src=\"\/\/www.tiktok.com\/embed.js\"><\/script><\/p>\n","protected":false},"excerpt":{"rendered":"Par Nicolas Zaugra Publi\u00e9 le 27 oct. 2025 \u00e0 20h38 L\u2019accident a \u00e9t\u00e9 d\u2019une tr\u00e8s grande violence. Le&hellip;\n","protected":false},"author":2,"featured_media":494022,"comment_status":"","ping_status":"","sticky":false,"template":"","format":"standard","meta":{"footnotes":""},"categories":[1889],"tags":[119,1111,11,2430,1777,674,1011,27,2428,12,25,104,240],"class_list":{"0":"post-494021","1":"post","2":"type-post","3":"status-publish","4":"format-standard","5":"has-post-thumbnail","7":"category-lyon","8":"tag-accident","9":"tag-actu","10":"tag-actualites","11":"tag-auvergne-rhone-alpes","12":"tag-eu","13":"tag-europe","14":"tag-fr","15":"tag-france","16":"tag-lyon","17":"tag-news","18":"tag-republique-francaise","19":"tag-societe","20":"tag-temoignage"},"share_on_mastodon":{"url":"","error":""},"_links":{"self":[{"href":"https:\/\/www.europesays.com\/fr\/wp-json\/wp\/v2\/posts\/494021","targetHints":{"allow":["GET"]}}],"collection":[{"href":"https:\/\/www.europesays.com\/fr\/wp-json\/wp\/v2\/posts"}],"about":[{"href":"https:\/\/www.europesays.com\/fr\/wp-json\/wp\/v2\/types\/post"}],"author":[{"embeddable":true,"href":"https:\/\/www.europesays.com\/fr\/wp-json\/wp\/v2\/users\/2"}],"replies":[{"embeddable":true,"href":"https:\/\/www.europesays.com\/fr\/wp-json\/wp\/v2\/comments?post=494021"}],"version-history":[{"count":0,"href":"https:\/\/www.europesays.com\/fr\/wp-json\/wp\/v2\/posts\/494021\/revisions"}],"wp:featuredmedia":[{"embeddable":true,"href":"https:\/\/www.europesays.com\/fr\/wp-json\/wp\/v2\/media\/494022"}],"wp:attachment":[{"href":"https:\/\/www.europesays.com\/fr\/wp-json\/wp\/v2\/media?parent=494021"}],"wp:term":[{"taxonomy":"category","embeddable":true,"href":"https:\/\/www.europesays.com\/fr\/wp-json\/wp\/v2\/categories?post=494021"},{"taxonomy":"post_tag","embeddable":true,"href":"https:\/\/www.europesays.com\/fr\/wp-json\/wp\/v2\/tags?post=494021"}],"curies":[{"name":"wp","href":"https:\/\/api.w.org\/{rel}","templated":true}]}}