{"id":494023,"date":"2025-10-27T21:45:32","date_gmt":"2025-10-27T21:45:32","guid":{"rendered":"https:\/\/www.europesays.com\/fr\/494023\/"},"modified":"2025-10-27T21:45:32","modified_gmt":"2025-10-27T21:45:32","slug":"un-homme-arrete-a-la-guillotiere-apres-un-vol-violent-sous-la-menace-dun-couteau","status":"publish","type":"post","link":"https:\/\/www.europesays.com\/fr\/494023\/","title":{"rendered":"un homme arr\u00eat\u00e9 \u00e0 la Guilloti\u00e8re apr\u00e8s un vol violent sous la menace d\u2019un couteau"},"content":{"rendered":"<p itemprop=\"description\"><strong>Un homme de 36 ans a \u00e9t\u00e9 interpell\u00e9 dimanche soir dans le quartier de la Guilloti\u00e8re, \u00e0 Lyon.<\/strong><\/p>\n<p>Vers 18 heures, plusieurs individus ont attaqu\u00e9 un passant, place Gabriel-P\u00e9ri, pour lui d\u00e9rober son t\u00e9l\u00e9phone portable et 200 euros en liquide. Les assaillants ont frapp\u00e9 la victime et l\u2019ont menac\u00e9e avec un couteau avant de prendre la fuite.<\/p>\n<p>Rapidement alert\u00e9e, une \u00e9quipe de la brigade sp\u00e9cialis\u00e9e de terrain (BST) est intervenue sur place. Gr\u00e2ce aux indications du plaignant, les policiers ont pu reconna\u00eetre et interpeller l\u2019un des auteurs pr\u00e9sum\u00e9s.<\/p>\n<p>L\u2019homme, \u00e2g\u00e9 de 36 ans, a \u00e9t\u00e9 plac\u00e9 en garde \u00e0 vue pour\u00a0vol avec violence commis en r\u00e9union sous la menace d\u2019une arme.<\/p>\n","protected":false},"excerpt":{"rendered":"Un homme de 36 ans a \u00e9t\u00e9 interpell\u00e9 dimanche soir dans le quartier de la Guilloti\u00e8re, \u00e0 Lyon.&hellip;\n","protected":false},"author":2,"featured_media":494024,"comment_status":"","ping_status":"","sticky":false,"template":"","format":"standard","meta":{"footnotes":""},"categories":[1889],"tags":[1111,11,2813,2190,2430,1109,251,1112,2811,1777,674,118,1011,27,1922,1110,1114,2428,2810,12,241,316,25,2812,517,800],"class_list":{"0":"post-494023","1":"post","2":"type-post","3":"status-publish","4":"format-standard","5":"has-post-thumbnail","7":"category-lyon","8":"tag-actu","9":"tag-actualites","10":"tag-article","11":"tag-asvel","12":"tag-auvergne-rhone-alpes","13":"tag-breves","14":"tag-culture","15":"tag-depeches","16":"tag-economique","17":"tag-eu","18":"tag-europe","19":"tag-faits-divers","20":"tag-fr","21":"tag-france","22":"tag-info","23":"tag-informations","24":"tag-infos","25":"tag-lyon","26":"tag-lyonmag","27":"tag-news","28":"tag-ol","29":"tag-politique","30":"tag-republique-francaise","31":"tag-sociale","32":"tag-sport","33":"tag-transports"},"share_on_mastodon":{"url":"https:\/\/pubeurope.com\/@fr\/115448323945171261","error":""},"_links":{"self":[{"href":"https:\/\/www.europesays.com\/fr\/wp-json\/wp\/v2\/posts\/494023","targetHints":{"allow":["GET"]}}],"collection":[{"href":"https:\/\/www.europesays.com\/fr\/wp-json\/wp\/v2\/posts"}],"about":[{"href":"https:\/\/www.europesays.com\/fr\/wp-json\/wp\/v2\/types\/post"}],"author":[{"embeddable":true,"href":"https:\/\/www.europesays.com\/fr\/wp-json\/wp\/v2\/users\/2"}],"replies":[{"embeddable":true,"href":"https:\/\/www.europesays.com\/fr\/wp-json\/wp\/v2\/comments?post=494023"}],"version-history":[{"count":0,"href":"https:\/\/www.europesays.com\/fr\/wp-json\/wp\/v2\/posts\/494023\/revisions"}],"wp:featuredmedia":[{"embeddable":true,"href":"https:\/\/www.europesays.com\/fr\/wp-json\/wp\/v2\/media\/494024"}],"wp:attachment":[{"href":"https:\/\/www.europesays.com\/fr\/wp-json\/wp\/v2\/media?parent=494023"}],"wp:term":[{"taxonomy":"category","embeddable":true,"href":"https:\/\/www.europesays.com\/fr\/wp-json\/wp\/v2\/categories?post=494023"},{"taxonomy":"post_tag","embeddable":true,"href":"https:\/\/www.europesays.com\/fr\/wp-json\/wp\/v2\/tags?post=494023"}],"curies":[{"name":"wp","href":"https:\/\/api.w.org\/{rel}","templated":true}]}}