{"id":494025,"date":"2025-10-27T21:47:19","date_gmt":"2025-10-27T21:47:19","guid":{"rendered":"https:\/\/www.europesays.com\/fr\/494025\/"},"modified":"2025-10-27T21:47:19","modified_gmt":"2025-10-27T21:47:19","slug":"dechets-un-village-refuse-de-devenir-la-poubelle-de-lile-de-france-journal-de-20-heures","status":"publish","type":"post","link":"https:\/\/www.europesays.com\/fr\/494025\/","title":{"rendered":"D\u00e9chets : un village refuse de devenir la poubelle de l&rsquo;\u00cele-de-France &#8211; Journal de 20 heures"},"content":{"rendered":"<p id=\"descriptionPanel\" class=\"text-secondary mr-2 line-clamp-2 pr-2.5 overflow-visible\">Chaque Fran\u00e7ais jette chaque ann\u00e9e 61 kg de d\u00e9chets alimentaires, dont une grande partie est transform\u00e9e en biogaz. Cependant, le processus laisse encore des d\u00e9chets, le digestat, qui peut servir d&rsquo;engrais. Il pourrait \u00eatre stock\u00e9 en Normandie et utilis\u00e9 par des agriculteurs. La commune de Serez s&rsquo;oppose au projet en raison des 900 camions qui passeraient sur ses routes par an. Pour faire avancer le projet, la coop\u00e9rative agricole propose de r\u00e9duire sa zone de stockage et assure le respect des normes.<\/p>\n<p>TF1 | Reportage G. THOREL, X. THOBY<\/p>\n<p>Afficher la version longue du r\u00e9sum\u00e9<a class=\"shrink-0\" href=\"https:\/\/www.tf1.fr\/tf1\/jt-20h\" target=\"_blank\" rel=\"noopener\"><img decoding=\"async\" src=\"https:\/\/www.europesays.com\/fr\/wp-content\/uploads\/2025\/09\/program-card-portrait-1-2a6a1e-2a3b77-0@1x.jpg\" width=\"138\" height=\"184\" alt=\"\" loading=\"eager\" fetchpriority=\"auto\" class=\"rounded-3px aspect-[3\/4] h-24 w-auto\" aria-hidden=\"true\"\/><\/a><\/p>\n","protected":false},"excerpt":{"rendered":"Chaque Fran\u00e7ais jette chaque ann\u00e9e 61 kg de d\u00e9chets alimentaires, dont une grande partie est transform\u00e9e en biogaz.&hellip;\n","protected":false},"author":2,"featured_media":494026,"comment_status":"","ping_status":"","sticky":false,"template":"","format":"standard","meta":{"footnotes":""},"categories":[1592],"tags":[1111,11,1777,674,3483,3697,41323,41321,1011,27,662,3699,3698,41324,41329,41333,41322,41330,41334,41327,41326,12,626,25,41331,41332,3701,41328,3700,41325],"class_list":{"0":"post-494025","1":"post","2":"type-post","3":"status-publish","4":"format-standard","5":"has-post-thumbnail","7":"category-ile-de-france","8":"tag-actu","9":"tag-actualites","10":"tag-eu","11":"tag-europe","12":"tag-extrait","13":"tag-extrait-journal-de-20-heures","14":"tag-extrait-journal-de-20-heures-tf1","15":"tag-extrait-tf1","16":"tag-fr","17":"tag-france","18":"tag-ile-de-france","19":"tag-journal-de-20-heures","20":"tag-journal-de-20-heures-extrait","21":"tag-journal-de-20-heures-extrait-tf1","22":"tag-journal-de-20-heures-streaming","23":"tag-journal-de-20-heures-streaming-gratuit","24":"tag-journal-de-20-heures-tf1","25":"tag-journal-de-20-heures-tf1-streaming","26":"tag-journal-de-20-heures-tf1-streaming-gratuit","27":"tag-journal-de-20-heures-tf1-video","28":"tag-journal-de-20-heures-video","29":"tag-news","30":"tag-paris","31":"tag-republique-francaise","32":"tag-streaming-gratuit-journal-de-20-heures","33":"tag-streaming-gratuit-journal-de-20-heures-tf1","34":"tag-streaming-journal-de-20-heures","35":"tag-streaming-journal-de-20-heures-tf1","36":"tag-video-journal-de-20-heures","37":"tag-video-journal-de-20-heures-tf1"},"share_on_mastodon":{"url":"","error":"Validation failed: Text character limit of 500 exceeded"},"_links":{"self":[{"href":"https:\/\/www.europesays.com\/fr\/wp-json\/wp\/v2\/posts\/494025","targetHints":{"allow":["GET"]}}],"collection":[{"href":"https:\/\/www.europesays.com\/fr\/wp-json\/wp\/v2\/posts"}],"about":[{"href":"https:\/\/www.europesays.com\/fr\/wp-json\/wp\/v2\/types\/post"}],"author":[{"embeddable":true,"href":"https:\/\/www.europesays.com\/fr\/wp-json\/wp\/v2\/users\/2"}],"replies":[{"embeddable":true,"href":"https:\/\/www.europesays.com\/fr\/wp-json\/wp\/v2\/comments?post=494025"}],"version-history":[{"count":0,"href":"https:\/\/www.europesays.com\/fr\/wp-json\/wp\/v2\/posts\/494025\/revisions"}],"wp:featuredmedia":[{"embeddable":true,"href":"https:\/\/www.europesays.com\/fr\/wp-json\/wp\/v2\/media\/494026"}],"wp:attachment":[{"href":"https:\/\/www.europesays.com\/fr\/wp-json\/wp\/v2\/media?parent=494025"}],"wp:term":[{"taxonomy":"category","embeddable":true,"href":"https:\/\/www.europesays.com\/fr\/wp-json\/wp\/v2\/categories?post=494025"},{"taxonomy":"post_tag","embeddable":true,"href":"https:\/\/www.europesays.com\/fr\/wp-json\/wp\/v2\/tags?post=494025"}],"curies":[{"name":"wp","href":"https:\/\/api.w.org\/{rel}","templated":true}]}}