{"id":494039,"date":"2025-10-27T21:54:11","date_gmt":"2025-10-27T21:54:11","guid":{"rendered":"https:\/\/www.europesays.com\/fr\/494039\/"},"modified":"2025-10-27T21:54:11","modified_gmt":"2025-10-27T21:54:11","slug":"google-annonce-le-redemarrage-dune-centrale-nucleaire-aux-etats-unis-afin-dalimenter-son-ia","status":"publish","type":"post","link":"https:\/\/www.europesays.com\/fr\/494039\/","title":{"rendered":"Google annonce le red\u00e9marrage d\u2019une centrale nucl\u00e9aire aux \u00c9tats-Unis afin d\u2019alimenter son IA"},"content":{"rendered":"<p>\n    La centrale nucl\u00e9aire Duane Arnold en Iowa, ferm\u00e9e depuis 2020, sera remise en service d\u00e8s 2029, a annonc\u00e9 le g\u00e9ant californien.<\/p>\n<p class=\"fig-paragraph\">Google a annonc\u00e9 lundi avoir pass\u00e9 un accord avec l\u2019\u00e9nerg\u00e9ticien am\u00e9ricain NextEra Energy qui pr\u00e9voit la remise en service, d\u00e9but 2029, de la centrale nucl\u00e9aire Duane Arnold en\u00a0<a href=\"http:\/\/www.lefigaro.fr\/international\/etats-unis-l-iowa-est-le-premier-etat-a-supprimer-toute-mention-du-genre-de-son-code-des-droits-civils-20250301\" target=\"_blank\" data-fig-type=\"NewsFlash\" rel=\"noopener\" data-gtm-custom-categorie=\"navigation\" data-gtm-custom-action=\"crossclick\" data-gtm-custom-label=\"Contextuel\" data-gtm-event=\"customEventSPE\" data-fig-domain=\"LEFIGARO\">Iowa\u00a0<\/a>(centre), ferm\u00e9e depuis 2020. Elle permettra d\u2019obtenir une nouvelle source d\u2019\u00e9lectricit\u00e9 pour le d\u00e9veloppement des infrastructures d\u2019intelligence artificielle (IA) du g\u00e9ant californien.<\/p>\n<p class=\"fig-paragraph\">C\u2019est le troisi\u00e8me projet de r\u00e9ouverture de centrale d\u00e9voil\u00e9 r\u00e9cemment, apr\u00e8s ceux concernant les sites de Palisades (Michigan) en 2023 et Three Mile Island (Pennsylvanie) en 2024, signe du rebond de l\u2019industrie nucl\u00e9aire apr\u00e8s des d\u00e9cennies sans investissements majeurs aux \u00c9tats-Unis.<\/p>\n","protected":false},"excerpt":{"rendered":"La centrale nucl\u00e9aire Duane Arnold en Iowa, ferm\u00e9e depuis 2020, sera remise en service d\u00e8s 2029, a annonc\u00e9&hellip;\n","protected":false},"author":2,"featured_media":494040,"comment_status":"","ping_status":"","sticky":false,"template":"","format":"standard","meta":{"footnotes":""},"categories":[1589],"tags":[11,73,1866,323,12,5654,1864,1865,1863,308],"class_list":{"0":"post-494039","1":"post","2":"type-post","3":"status-publish","4":"format-standard","5":"has-post-thumbnail","7":"category-etats-unis","8":"tag-actualites","9":"tag-etats-unis","10":"tag-etats-unis-damerique","11":"tag-google","12":"tag-news","13":"tag-nucleaire","14":"tag-united-states","15":"tag-united-states-of-america","16":"tag-us","17":"tag-usa"},"share_on_mastodon":{"url":"https:\/\/pubeurope.com\/@fr\/115448359628856420","error":""},"_links":{"self":[{"href":"https:\/\/www.europesays.com\/fr\/wp-json\/wp\/v2\/posts\/494039","targetHints":{"allow":["GET"]}}],"collection":[{"href":"https:\/\/www.europesays.com\/fr\/wp-json\/wp\/v2\/posts"}],"about":[{"href":"https:\/\/www.europesays.com\/fr\/wp-json\/wp\/v2\/types\/post"}],"author":[{"embeddable":true,"href":"https:\/\/www.europesays.com\/fr\/wp-json\/wp\/v2\/users\/2"}],"replies":[{"embeddable":true,"href":"https:\/\/www.europesays.com\/fr\/wp-json\/wp\/v2\/comments?post=494039"}],"version-history":[{"count":0,"href":"https:\/\/www.europesays.com\/fr\/wp-json\/wp\/v2\/posts\/494039\/revisions"}],"wp:featuredmedia":[{"embeddable":true,"href":"https:\/\/www.europesays.com\/fr\/wp-json\/wp\/v2\/media\/494040"}],"wp:attachment":[{"href":"https:\/\/www.europesays.com\/fr\/wp-json\/wp\/v2\/media?parent=494039"}],"wp:term":[{"taxonomy":"category","embeddable":true,"href":"https:\/\/www.europesays.com\/fr\/wp-json\/wp\/v2\/categories?post=494039"},{"taxonomy":"post_tag","embeddable":true,"href":"https:\/\/www.europesays.com\/fr\/wp-json\/wp\/v2\/tags?post=494039"}],"curies":[{"name":"wp","href":"https:\/\/api.w.org\/{rel}","templated":true}]}}