{"id":494043,"date":"2025-10-27T21:56:11","date_gmt":"2025-10-27T21:56:11","guid":{"rendered":"https:\/\/www.europesays.com\/fr\/494043\/"},"modified":"2025-10-27T21:56:11","modified_gmt":"2025-10-27T21:56:11","slug":"pourquoi-ce-match-entre-la-france-et-lallemagne-est-loin-detre-capital-ligue-des-nations-demies-france-allemagne","status":"publish","type":"post","link":"https:\/\/www.europesays.com\/fr\/494043\/","title":{"rendered":"Pourquoi ce match entre la France et l\u2019Allemagne est loin d\u2019\u00eatre capital\u00a0? &#8211; Ligue des nations &#8211; Demies &#8211; France-Allemagne"},"content":{"rendered":"<p>Laurent Bonadei avait pr\u00e9venu <a target=\"_blank\" href=\"https:\/\/www.sofoot.com\/articles\/equipe-de-france-feminine-face-a-lallemagne-les-bleues-doivent-composer-avec-le-passe\" rel=\"nofollow noopener\">avant le d\u00e9but de ce Final Four de la Ligue des nations<\/a>\u00a0: \u00ab\u00a0Les deux matchs sont importants, le premier conditionnera le deuxi\u00e8me.\u00a0\u00bb Cette Allemagne, qu\u2019il qualifiait de \u00ab\u00a0redoutable\u00a0\u00bb lui a donn\u00e9 raison\u00a0: en s\u2019imposant 1-0 \u00e0 D\u00fcsseldorf, <a target=\"_blank\" href=\"https:\/\/www.sofoot.com\/articles\/euro-f-2025-pour-les-bleues-lexigence-de-la-victoire-avant-les-moyens\" rel=\"nofollow noopener\">les tombeuses de l\u2019\u00e9quipe de France lors du dernier Euro<\/a> ont pris un gros avantage en vue de la finale qui l\u2019opposera au vainqueur du duel entre l\u2019Espagne et la Su\u00e8de. Et si cette d\u00e9faite conditionne le match retour qui se d\u00e9roulera \u00e0 Caen dans un stade \u00e0 guichets ferm\u00e9s, les Bleues doivent savoir qu\u2019elles ne partent pas vraiment favorites.<\/p>\n<blockquote class=\"twitter-tweet\">\n<p lang=\"fr\" dir=\"ltr\">\ud835\uddd9\ud835\uddff\ud835\uddee\ud835\uddfb\ud835\uddf0\ud835\uddf2 \ud835\ude03 \ud835\uddd4\ud835\uddf9\ud835\uddf9\ud835\uddf2\ud835\uddfa\ud835\uddee\ud835\uddf4\ud835\uddfb\ud835\uddf2 \ud83c\uddeb\ud83c\uddf7\ud83c\udde9\ud83c\uddea<br \/>\nDemi-finale retour de la Ligue des Nations \ud83c\udfc6<br \/>\nDemain \u00e0 21h10 au Stade Michel D\u2019Ornano de Caen \ud83c\udfdf\ufe0f <a target=\"_blank\" href=\"https:\/\/t.co\/nHIzKAfQp1\" rel=\"nofollow\">pic.twitter.com\/nHIzKAfQp1<\/a><\/p>\n<p>\u2014 Equipe de France F\u00e9minine (@equipedefranceF) <a target=\"_blank\" href=\"https:\/\/twitter.com\/equipedefranceF\/status\/1982870757396156620?ref_src=twsrc%5Etfw\" rel=\"nofollow noopener\">October 27, 2025<\/a><\/p><\/blockquote>\n<p>Priv\u00e9 de Griedge Mbock et Sakina Karchaoui, bless\u00e9es, et apr\u00e8s avoir d\u00fb faire face <a target=\"_blank\" href=\"https:\/\/www.sofoot.com\/articles\/equipe-de-france-feminine-amel-majri-et-sandie-toletti-les-cadres-se-derobent\" rel=\"nofollow noopener\">aux retraites cons\u00e9cutives d\u2019Amel Majri et Sandie Toletti<\/a>, le s\u00e9lectionneur n\u2019a pas eu la t\u00e2che ais\u00e9e. On retiendra une bonne surprise dans son milieu de terrain remani\u00e9 (Oriane Jean-Fran\u00e7ois) et une mauvaise en attaque, avec la sortie de Marie-Antoinette Katoto, touch\u00e9e \u00e0 l\u2019ischio <a target=\"_blank\" href=\"https:\/\/www.sofoot.com\/breves\/marie-antoinette-katoto-declare-forfait-pour-la-demi-finale-retour-de-la-ligue-des-nations-avec-lequipe-de-france\" rel=\"nofollow noopener\">et qui manquera la revanche \u00e0 Michel-d\u2019Ornano<\/a>. \u00ab\u00a0Elle va nous manquer, mais on a \u00e9norm\u00e9ment de ressources offensives, avec des filles qui ont envie de jouer et qui vont rem\u00e9dier \u00e0 son absence avec brio, j\u2019en suis s\u00fbre\u00a0\u00bb, tentait de rassurer la capitaine Mbock qui, comme Karchaoui, devrait retrouver sa place dans le XI de d\u00e9part.<\/p>\n<p><strong>Objectif 2027<\/strong><\/p>\n<p>Laurent Bonadei croit lui aussi que la messe n\u2019est pas encore dite\u00a0: \u00ab\u00a0On perd seulement par un but d\u2019\u00e9cart et on garde toutes nos chances. Ce n\u2019est que la mi-temps de la confrontation\u00a0\u00bb, philosophe-t-il, arguant que \u00ab\u00a0quand on se pr\u00e9sente dans une comp\u00e9tition, tous les entra\u00eeneurs souhaitent aller au bout. On fait notre travail avec beaucoup de professionnalisme et on donne tout pour ne pas avoir de regrets.\u00a0\u00bb Seulement, avec quelles armes son groupe pourrait-il inverser la tendance et \u00ab\u00a0tout faire pour poser des probl\u00e8mes [\u00e0 l\u2019Allemagne]\u00a0?\u00a0\u00bb Et surtout, en cas de qualification, quelles chances les Bleues auraient-elles de s\u2019imposer face \u00e0 (tr\u00e8s probablement) une Espagne largement au-dessus du lot, \u00e0 l\u2019image de sa large victoire (4-0) contre la Su\u00e8de au match aller ? Probablement pas beaucoup.<\/p>\n<blockquote>\n<p>J\u2019accepte aussi les erreurs de jeunesse. Je l\u2019ai int\u00e9gr\u00e9. \u00c0 valeur \u00e9gale, j\u2019aurais tendance \u00e0 appeler la plus jeune.<\/p>\n<\/blockquote>\n<p>Laurent Bonadei<\/p>\n<p>Flotterait-il un parfum de pessimisme avant que la France ne r\u00e9affronte sa b\u00eate noire\u00a0? Ou plut\u00f4t de r\u00e9alisme\u00a0? On pourrait aussi imaginer que Laurent Bonadei profite de ce rassemblement pour effectuer quelques r\u00e9glages en conditions r\u00e9elles afin \u00ab\u00a0de se projeter sur un projet \u00e0 moyen terme : la Coupe du monde 2027\u00a0\u00bb.<\/p>\n<p><strong>Cure de jouvence<\/strong><\/p>\n<p>En int\u00e9grant notamment la d\u00e9fenseure internationale U19 Wassa Sangar\u00e9 (London City Lionesses) et son a\u00een\u00e9e chez les U20, la milieu Kysha Sylla (Washington Spirit) \u00e0 sa derni\u00e8re liste, le s\u00e9lectionneur confirme sa volont\u00e9 de rajeunir le groupe bleu. \u00c0 dessein : \u00ab\u00a0Cela am\u00e8ne de la concurrence et ce sont aussi des joueuses moins marqu\u00e9es par les \u00e9l\u00e9ments contraires, les \u00e9liminations, se justifie l\u2019int\u00e9ress\u00e9. J\u2019accepte aussi les erreurs de jeunesse. Je l\u2019ai int\u00e9gr\u00e9. \u00c0 valeur \u00e9gale, j\u2019aurais tendance \u00e0 appeler la plus jeune.\u00a0\u00bb<\/p>\n<p>Une mani\u00e8re de se lib\u00e9rer du poids du pass\u00e9, davantage marqu\u00e9 par les \u00e9checs que les succ\u00e8s ? Sans doute, mais une nouvelle \u00e9limination en Ligue des nations (et <a target=\"_blank\" href=\"https:\/\/www.sofoot.com\/articles\/des-affiches-un-systeme-de-promotion-relegation-de-la-place-pour-les-petits-pour-une-fois-luefa-avait-raison-avec-la-ligue-des-nations\" rel=\"nofollow noopener\">sans rouvrir le d\u00e9bat du statut majeur ou mineur de la comp\u00e9tition<\/a>) n\u2019am\u00e9liorerait pas sp\u00e9cialement les choses sur le plan psychologique, surtout pour les joueuses les moins exp\u00e9riment\u00e9es. \u00c0 moins de consid\u00e9rer que les choses s\u00e9rieuses commenceront \u2013 une fois de plus \u2013 avec le prochain tournoi ? Les plus anciens supporters des Bleues aimeraient bien finir par les voir soulever une coupe, peu importe laquelle. Sans quoi, m\u00eame les plus optimistes ne croiront plus aucune promesse.<\/p>\n<p>\t\t\t\t\t\t\t\t\t\t<a class=\"lien-connexe\" href=\"https:\/\/www.sofoot.com\/articles\/ligue-des-nations-lallemagne-prend-logiquement-lavantage-sur-la-france-en-demi-finale-aller\" rel=\"nofollow noopener\" target=\"_blank\">L\u2019Allemagne renvoie les Bleues \u00e0 leurs \u00e9tudes<\/a>\t\t\t\t\t<script async src=\"https:\/\/platform.twitter.com\/widgets.js\" charset=\"utf-8\"><\/script><\/p>\n","protected":false},"excerpt":{"rendered":"Laurent Bonadei avait pr\u00e9venu avant le d\u00e9but de ce Final Four de la Ligue des nations\u00a0: \u00ab\u00a0Les deux&hellip;\n","protected":false},"author":2,"featured_media":494044,"comment_status":"","ping_status":"","sticky":false,"template":"","format":"standard","meta":{"footnotes":""},"categories":[1587],"tags":[47,11,61,672,69,1804,65,1805,1803,64,1777,674,63,1801,68,66,12,62,70,1802,67],"class_list":{"0":"post-494043","1":"post","2":"type-post","3":"status-publish","4":"format-standard","5":"has-post-thumbnail","7":"category-allemagne","8":"tag-actualite","9":"tag-actualites","10":"tag-actus-football","11":"tag-allemagne","12":"tag-bundesliga","13":"tag-bundesrepublik-deutschland","14":"tag-championnats-europeens","15":"tag-de","16":"tag-deutschland","17":"tag-equipe-de-france","18":"tag-eu","19":"tag-europe","20":"tag-football","21":"tag-germany","22":"tag-ligua","23":"tag-ligue-1","24":"tag-news","25":"tag-news-foot","26":"tag-premier-league","27":"tag-republique-federale-dallemagne","28":"tag-serie-a"},"share_on_mastodon":{"url":"https:\/\/pubeurope.com\/@fr\/115448367276474671","error":""},"_links":{"self":[{"href":"https:\/\/www.europesays.com\/fr\/wp-json\/wp\/v2\/posts\/494043","targetHints":{"allow":["GET"]}}],"collection":[{"href":"https:\/\/www.europesays.com\/fr\/wp-json\/wp\/v2\/posts"}],"about":[{"href":"https:\/\/www.europesays.com\/fr\/wp-json\/wp\/v2\/types\/post"}],"author":[{"embeddable":true,"href":"https:\/\/www.europesays.com\/fr\/wp-json\/wp\/v2\/users\/2"}],"replies":[{"embeddable":true,"href":"https:\/\/www.europesays.com\/fr\/wp-json\/wp\/v2\/comments?post=494043"}],"version-history":[{"count":0,"href":"https:\/\/www.europesays.com\/fr\/wp-json\/wp\/v2\/posts\/494043\/revisions"}],"wp:featuredmedia":[{"embeddable":true,"href":"https:\/\/www.europesays.com\/fr\/wp-json\/wp\/v2\/media\/494044"}],"wp:attachment":[{"href":"https:\/\/www.europesays.com\/fr\/wp-json\/wp\/v2\/media?parent=494043"}],"wp:term":[{"taxonomy":"category","embeddable":true,"href":"https:\/\/www.europesays.com\/fr\/wp-json\/wp\/v2\/categories?post=494043"},{"taxonomy":"post_tag","embeddable":true,"href":"https:\/\/www.europesays.com\/fr\/wp-json\/wp\/v2\/tags?post=494043"}],"curies":[{"name":"wp","href":"https:\/\/api.w.org\/{rel}","templated":true}]}}