{"id":494055,"date":"2025-10-27T22:03:11","date_gmt":"2025-10-27T22:03:11","guid":{"rendered":"https:\/\/www.europesays.com\/fr\/494055\/"},"modified":"2025-10-27T22:03:11","modified_gmt":"2025-10-27T22:03:11","slug":"train-bloque-a-paris-voyage-en-minibus-le-long-periple-de-lalterna-stade-poitevin-pour-rallier-cannes","status":"publish","type":"post","link":"https:\/\/www.europesays.com\/fr\/494055\/","title":{"rendered":"Train bloqu\u00e9 \u00e0 Paris, voyage en minibus&#8230; Le long p\u00e9riple de l&rsquo;Alterna Stade Poitevin pour rallier Cannes"},"content":{"rendered":"<p><a target=\"_self\" href=\"https:\/\/www.lanouvellerepublique.fr\/a-la-une\/tgv-sud-est-la-ligne-fortement-perturbee-apres-un-acte-de-vandalisme-entre-lyon-et-avignon-1761554561\" rel=\"noopener\">L\u2019acte de sabotage sur des c\u00e2bles de signalisation<\/a>, au sud de Valence dans la Dr\u00f4me, a eu beaucoup d\u2019incidences sur l\u2019\u00e9quipe de l\u2019Alterna Stade Poitevin. Partis lundi 27\u00a0octobre vers 8\u00a0h\u00a030 de la gare de Poitiers pour rallier Paris puis Cannes, les co\u00e9quipiers du capitaine Franco Massimino se sont retrouv\u00e9s bloqu\u00e9s gare de Lyon dans la capitale fran\u00e7aise. Perturb\u00e9e toute la journ\u00e9e, la ligne sud-est tournait au ralenti. Avec la suppression de nombreux trains \u00e0 grande vitesse, le club a opt\u00e9 pour la location de deux minibus et d\u2019une voiture \u00e0 Orly.<\/p>\n<p>\u00ab\u00a0Ce ne sera pas une excuse\u00a0\u00bb<\/p>\n<p>Un long voyage de plus de neuf heures et pr\u00e8s de 1.000 kilom\u00e8tres attendait donc la formation de MSL partie apr\u00e8s le d\u00e9jeuner de Paris.\u00a0Les Poitevins devraient arriver vers minuit\u00a0\u00e0 leur h\u00f4tel alors que l\u2019horaire initialement pr\u00e9vu \u00e9tait fix\u00e9 vers 17\u00a0h.<\/p>\n<p>Forc\u00e9ment, les organismes risquent de souffrir de ce long p\u00e9riple alors que le train leur permettait un peu plus de confort. Et que l\u2019Alterna Stade Poitevin doit disputer quatre matchs en neuf jours dont cette troisi\u00e8me rencontre face \u00e0 Cannes. \u00ab Ce ne sera pas une excuse. Nous aurons un d\u00e9crassage mardi et une bonne sieste pour bien pr\u00e9parer ce match\u00a0\u00bb, soulignait <a target=\"_self\" href=\"https:\/\/www.lanouvellerepublique.fr\/poitiers\/je-peux-attaquer-a-l-alterna-stade-poitevin-le-libero-franco-massimino-passionne-de-padel-et-fan-de-motoball-1759493221\" rel=\"noopener\">le capitaine Franco Massimino<\/a> par SMS.<\/p>\n<p>\u00ab\u00a0Peut-\u00eatre que tout cela va nous lib\u00e9rer\u00a0\u00bb<\/p>\n<p>Alors que les Poitevins ont jou\u00e9 leur derni\u00e8re rencontre jeudi, \u00e0 l\u2019Arena, lors de <a target=\"_self\" href=\"https:\/\/www.lanouvellerepublique.fr\/poitiers\/msl-montpellier-gache-la-fete-de-l-alterna-stade-poitevin-a-l-arena-1761255637\" rel=\"noopener\">la d\u00e9faite face \u00e0 Montpellier (0-3)<\/a> avant d\u2019entreprendre ce long p\u00e9riple plein de rebondissements vers les Alpes-Maritimes, Cannes, de son c\u00f4t\u00e9, a d\u00e9j\u00e0 jou\u00e9 dans sa salle, samedi, face \u00e0 Saint-Nazaire (3-1) et devrait \u00eatre plus frais physiquement. \u00ab\u00a0Peut-\u00eatre que tout cela va nous lib\u00e9rer la t\u00eate pour jouer, positivait l\u2019entra\u00eeneur poitevin, Dan Lewis. Ces difficult\u00e9s peuvent aussi avoir une incidence positive pour la coh\u00e9sion du groupe. C\u2019est comme si le monde \u00e9tait contre nous et nous devons faire quelque chose ensemble pour aller chercher un r\u00e9sultat.\u00a0\u00bb<\/p>\n<p>Mais pour ne rien arranger, l\u2019Alterna SPVB devra encha\u00eener d\u00e8s jeudi par un nouveau d\u00e9placement, le troisi\u00e8me en quatre matchs, cette fois \u00e0 Tours. \u00ab\u00a0Cela va \u00eatre encore quelque chose de difficile, reconnaissait le coach et s\u00e9lectionneur canadien. C\u2019est\u00a0l\u2019\u00e9quipe la plus forte du championnat et elle joue \u00e0 domicile ce mardi puis jeudi. J\u2019esp\u00e8re que le train va fonctionner pour le retour. Cette semaine est bien s\u00fbr difficile mais c\u2019est la vie. On doit aller chercher des points et \u00e9lever notre niveau.\u00a0\u00bb<\/p>\n<p><strong>Et Nicolas Albert<\/strong><\/p>\n","protected":false},"excerpt":{"rendered":"L\u2019acte de sabotage sur des c\u00e2bles de signalisation, au sud de Valence dans la Dr\u00f4me, a eu beaucoup&hellip;\n","protected":false},"author":2,"featured_media":494056,"comment_status":"","ping_status":"","sticky":false,"template":"","format":"standard","meta":{"footnotes":""},"categories":[1417],"tags":[1392,1654,1011,27,1655,1653,60,47299,1584,1470,1469],"class_list":{"0":"post-494055","1":"post","2":"type-post","3":"status-publish","4":"format-standard","5":"has-post-thumbnail","7":"category-volley","8":"tag-a-la-une-local","9":"tag-alterna-stade-poitevin-volley-ball","10":"tag-fr","11":"tag-france","12":"tag-ligue-a","13":"tag-poitiers","14":"tag-sports","15":"tag-stade-poitevin","16":"tag-vienne","17":"tag-volley","18":"tag-volleyball"},"share_on_mastodon":{"url":"https:\/\/pubeurope.com\/@fr\/115448394824778572","error":""},"_links":{"self":[{"href":"https:\/\/www.europesays.com\/fr\/wp-json\/wp\/v2\/posts\/494055","targetHints":{"allow":["GET"]}}],"collection":[{"href":"https:\/\/www.europesays.com\/fr\/wp-json\/wp\/v2\/posts"}],"about":[{"href":"https:\/\/www.europesays.com\/fr\/wp-json\/wp\/v2\/types\/post"}],"author":[{"embeddable":true,"href":"https:\/\/www.europesays.com\/fr\/wp-json\/wp\/v2\/users\/2"}],"replies":[{"embeddable":true,"href":"https:\/\/www.europesays.com\/fr\/wp-json\/wp\/v2\/comments?post=494055"}],"version-history":[{"count":0,"href":"https:\/\/www.europesays.com\/fr\/wp-json\/wp\/v2\/posts\/494055\/revisions"}],"wp:featuredmedia":[{"embeddable":true,"href":"https:\/\/www.europesays.com\/fr\/wp-json\/wp\/v2\/media\/494056"}],"wp:attachment":[{"href":"https:\/\/www.europesays.com\/fr\/wp-json\/wp\/v2\/media?parent=494055"}],"wp:term":[{"taxonomy":"category","embeddable":true,"href":"https:\/\/www.europesays.com\/fr\/wp-json\/wp\/v2\/categories?post=494055"},{"taxonomy":"post_tag","embeddable":true,"href":"https:\/\/www.europesays.com\/fr\/wp-json\/wp\/v2\/tags?post=494055"}],"curies":[{"name":"wp","href":"https:\/\/api.w.org\/{rel}","templated":true}]}}