{"id":494057,"date":"2025-10-27T22:04:13","date_gmt":"2025-10-27T22:04:13","guid":{"rendered":"https:\/\/www.europesays.com\/fr\/494057\/"},"modified":"2025-10-27T22:04:13","modified_gmt":"2025-10-27T22:04:13","slug":"bayonne-veut-soffrir-un-membre-du-staff-de-bru-grosse-bataille-en-coulisses","status":"publish","type":"post","link":"https:\/\/www.europesays.com\/fr\/494057\/","title":{"rendered":"Bayonne veut s\u2019offrir un membre du staff de Bru, grosse bataille en coulisses"},"content":{"rendered":"<p>La rivalit\u00e9 entre l\u2019Union Bordeaux-B\u00e8gles et l\u2019Aviron Bayonnais ne cesse de s\u2019intensifier. Ces derniers mois, les deux clubs ont impressionn\u00e9 le rugby fran\u00e7ais gr\u00e2ce \u00e0 leur ascension. Outre leurs duels sur le terrain, les Girondins et les Basques s\u2019affrontent \u00e9galement en coulisses.<\/p>\n<p>Alors que <a href=\"https:\/\/www.quinzemondial.com\/top-14\/ubb-accuse-davoir-gene-laviron-lors-de-la-reception-bru-repond-clairement-819956\" rel=\"nofollow noopener\" target=\"_blank\">Yannick Bru et Phillipe Tayeb ne cachent pas leur inimit\u00e9<\/a> apr\u00e8s leur aventure commune, l\u2019UBB a enr\u00f4l\u00e9 plusieurs espoirs bayonnais (Mousques, Perchaud) tout en subissant un couac dans le dossier Tatafu, annonc\u00e9 au Ceva Campus avant de finalement prolonger \u00e0 l\u2019Aviron.<\/p>\n<p>Bayonne veut faire signer Giroud<\/p>\n<p>D\u00e9sormais, Bayonne souhaiterait jouer un mauvais tour \u00e0 l\u2019UBB. Selon les informations de <a href=\"https:\/\/www.sudouest.fr\/sport\/rugby\/bordeaux-begles\/union-bordeaux-begles-ubb-thibault-giroud-cible-de-l-interet-de-bayonne-26493587.php\" rel=\"nofollow noopener\" target=\"_blank\">Sud Ouest<\/a>, Gr\u00e9gory Patat voudrait s\u2019attacher les services de Thibault Giroud. Arriv\u00e9 en m\u00eame temps que Yannick Bru \u00e0 Bordeaux, le pr\u00e9parateur physique est consid\u00e9r\u00e9 comme une pointure dans son domaine et jouit d\u2019une excellente r\u00e9putation, notamment apr\u00e8s son passage avec le XV de France.<\/p>\n<p>Giroud arrive en fin de contrat \u00e0 l\u2019issue de la saison et ne s\u2019est pas encore prononc\u00e9. Quoiqu\u2019il en soit, l\u2019UBB esp\u00e8re bien prolonger son contrat et la tendance serait plut\u00f4t \u00e0 la stabilit\u00e9. Affaire \u00e0 suivre.<\/p>\n<p>Partagez cette info avec vos amis et vos proches en cliquant ici<br \/>Pour r\u00e9sumer<\/p>\n<p>L\u2019Aviron Bayonnais souhaiterait s\u2019attacher les services d\u2019un membre du staff de Yannick Bru, en fin de contrat \u00e0 l\u2019issue de la saison. Une bataille s\u2019annonce en coulisses alors que les Girondins esp\u00e8rent le conserver.<\/p>\n<p> <img decoding=\"async\" width=\"76\" height=\"76\" loading=\"lazy\" src=\"https:\/\/www.europesays.com\/fr\/wp-content\/uploads\/2025\/04\/avatar-quinze.png\" alt=\"Arnaud D\u00e9chelotte\"\/><\/p>\n","protected":false},"excerpt":{"rendered":"La rivalit\u00e9 entre l\u2019Union Bordeaux-B\u00e8gles et l\u2019Aviron Bayonnais ne cesse de s\u2019intensifier. Ces derniers mois, les deux clubs&hellip;\n","protected":false},"author":2,"featured_media":494058,"comment_status":"","ping_status":"","sticky":false,"template":"","format":"standard","meta":{"footnotes":""},"categories":[1416],"tags":[1011,27,479,1468,60,478],"class_list":{"0":"post-494057","1":"post","2":"type-post","3":"status-publish","4":"format-standard","5":"has-post-thumbnail","7":"category-rugby","8":"tag-fr","9":"tag-france","10":"tag-rugby","11":"tag-rugby-football","12":"tag-sports","13":"tag-top-14"},"share_on_mastodon":{"url":"https:\/\/pubeurope.com\/@fr\/115448399305448482","error":""},"_links":{"self":[{"href":"https:\/\/www.europesays.com\/fr\/wp-json\/wp\/v2\/posts\/494057","targetHints":{"allow":["GET"]}}],"collection":[{"href":"https:\/\/www.europesays.com\/fr\/wp-json\/wp\/v2\/posts"}],"about":[{"href":"https:\/\/www.europesays.com\/fr\/wp-json\/wp\/v2\/types\/post"}],"author":[{"embeddable":true,"href":"https:\/\/www.europesays.com\/fr\/wp-json\/wp\/v2\/users\/2"}],"replies":[{"embeddable":true,"href":"https:\/\/www.europesays.com\/fr\/wp-json\/wp\/v2\/comments?post=494057"}],"version-history":[{"count":0,"href":"https:\/\/www.europesays.com\/fr\/wp-json\/wp\/v2\/posts\/494057\/revisions"}],"wp:featuredmedia":[{"embeddable":true,"href":"https:\/\/www.europesays.com\/fr\/wp-json\/wp\/v2\/media\/494058"}],"wp:attachment":[{"href":"https:\/\/www.europesays.com\/fr\/wp-json\/wp\/v2\/media?parent=494057"}],"wp:term":[{"taxonomy":"category","embeddable":true,"href":"https:\/\/www.europesays.com\/fr\/wp-json\/wp\/v2\/categories?post=494057"},{"taxonomy":"post_tag","embeddable":true,"href":"https:\/\/www.europesays.com\/fr\/wp-json\/wp\/v2\/tags?post=494057"}],"curies":[{"name":"wp","href":"https:\/\/api.w.org\/{rel}","templated":true}]}}