{"id":494059,"date":"2025-10-27T22:05:11","date_gmt":"2025-10-27T22:05:11","guid":{"rendered":"https:\/\/www.europesays.com\/fr\/494059\/"},"modified":"2025-10-27T22:05:11","modified_gmt":"2025-10-27T22:05:11","slug":"blesse-au-dos-et-forfait-au-rolex-paris-masters-ugo-humbert-devrait-aussi-manquer-la-coupe-davis","status":"publish","type":"post","link":"https:\/\/www.europesays.com\/fr\/494059\/","title":{"rendered":"Bless\u00e9 au dos et forfait au Rolex Paris Masters, Ugo Humbert devrait aussi manquer la Coupe Davis"},"content":{"rendered":"\n<p class=\"Paragraph__content\" data-v-e14a34bc=\"\">Les nouvelles ne sont pas rassurantes pour l&rsquo;\u00e9quipe de France de Coupe Davis \u00e0 Paris La D\u00e9fense Arena, et Paul-Henri Mathieu, le capitaine, passe autant de temps \u00e0 consulter le doc des Bleus qu&rsquo;\u00e0 superviser les matches sur le court. Quid de Benjamin Bonzi, <a href=\"https:\/\/www.lequipe.fr\/Tennis\/Actualites\/Benjamin-bonzi-forfait-pour-le-rolex-paris-masters\/1604822\" notaddlevel=\"true\" target=\"_blank\" rel=\"nofollow noopener\">forfait pour cause de blessure \u00e0 la jambe gauche<\/a>\u00a0? Quid d&rsquo;Ugo Humbert, <a href=\"https:\/\/www.lequipe.fr\/Tennis\/Actualites\/Finaliste-l-an-dernier-ugo-humbert-declare-forfait-pour-le-rolex-paris-masters-valentin-royer-le-remplace\/1605079\" notaddlevel=\"true\" target=\"_blank\" rel=\"nofollow noopener\">finalement forfait lundi,<\/a> lui qui avait d\u00e9j\u00e0 abandonn\u00e9 \u00e0 B\u00e2le, apr\u00e8s sa rechute au dos, qui transf\u00e8re des douleurs aux muscles fessiers\u00a0? La mort dans l&rsquo;\u00e2me, le Messin (27\u00a0ans, 22e mondial) n&rsquo;\u00e9tait pas en mesure de d\u00e9fendre sa place de finaliste obtenue l&rsquo;an dernier \u00e0 Bercy dans cette nouvelle enceinte indoor XXL qui aurait sans doute tout autant convenu \u00e0 son jeu que l&rsquo;ancienne place forte du Masters 1000 parisien.<\/p>\n<p class=\"Paragraph__content\" data-v-e14a34bc=\"\">\u00ab\u00a0Les derni\u00e8res semaines sont tr\u00e8s positives, disait son entra\u00eeneur J\u00e9r\u00e9my Chardy, qui devrait sans doute continuer l&rsquo;an prochain. Ugo a super bien boss\u00e9. C&rsquo;est vraiment dommage pour le dos car je pense qu&rsquo;il aurait fini tr\u00e8s fort.\u00a0\u00bb Si le Fran\u00e7ais ne participera s\u00fbrement pas la semaine prochaine au tournoi dans son antre \u00e0 Metz, sera-t-il d&rsquo;aplomb pour la phase finale de Coupe Davis \u00e0 Bologne (18-23\u00a0novembre)\u00a0? Humbert va attendre le verdict m\u00e9dical. S&rsquo;il avait jou\u00e9 ces derni\u00e8res semaines sous infiltrations, il ne serait pas forc\u00e9ment raisonnable de prolonger la saison en for\u00e7ant sur une blessure, pour remettre en cause la pr\u00e9paration de l&rsquo;ann\u00e9e 2026. Lundi, la tendance n&rsquo;\u00e9tait pas forc\u00e9ment celle d&rsquo;un voyage en Italie.<\/p>\n<p>                       Moutet sur sa lanc\u00e9e d&rsquo;Osijek\u00a0? <\/p>\n<p class=\"Paragraph__content\" data-v-e14a34bc=\"\">Priv\u00e9 d&rsquo;un joueur qui n&rsquo;a jamais d\u00e9\u00e7u dans la comp\u00e9tition et qui avait retrouv\u00e9 tout son allant, Paul-Henri Mathieu a des solutions de rechange en simple. Giovanni Mpetshi-Perricard (22\u00a0ans, 56) appr\u00e9cie l&rsquo;indoor et reste une menace pour toute sorte d&rsquo;adversaires.<\/p>\n<p class=\"Paragraph__content\" data-v-e14a34bc=\"\">Corentin Moutet (26\u00a0ans, 32e) a magnifiquement inaugur\u00e9 sa premi\u00e8re s\u00e9lection en septembre, \u00e0 Osijek, en apportant ses deux points face aux Croates Dino Prizmic et Marin Cilic, ma\u00eetrisant l&rsquo;\u00e9v\u00e9nement. Et il empile ces derni\u00e8res semaines des matches tr\u00e8s accomplis (avec notamment une r\u00e9cente finale \u00e0 Almaty face \u00e0 Daniil Medvedev). \u00ab\u00a0J&rsquo;ai beaucoup encha\u00een\u00e9\u00a0: Chine, Kazakhstan, Vienne, j&rsquo;ai pris beaucoup de d\u00e9calages horaires, jou\u00e9 beaucoup de matches r\u00e9cemment, donc je prends vraiment jour apr\u00e8s jour en fin d&rsquo;ann\u00e9e, disait-il lundi. Tous les joueurs sont fatigu\u00e9s, moi aussi. Pour le moment, je ne peux pas dire que la Coupe Davis est un objectif. \u00c7a le sera si je suis dans l&rsquo;\u00e9quipe. Si je n&rsquo;y suis pas, je les supporterai derri\u00e8re ma t\u00e9l\u00e9, je les pousserai et je serai content. On est plein de bons joueurs, donc pour moi, \u00e0 aucun moment c&rsquo;est un d\u00fb ou une certitude d&rsquo;\u00eatre s\u00e9lectionn\u00e9. Apr\u00e8s, d\u00e8s qu&rsquo;on me s\u00e9lectionne, je r\u00e9ponds pr\u00e9sent.\u00a0\u00bb <\/p>\n<p class=\"Paragraph__content\" data-v-e14a34bc=\"\">Si le corps tient dans cette fin de saison toujours si p\u00e9nible pour les organismes de tous les joueurs (les Tch\u00e8ques Mensik et Machac sont incertains, par exemple), le Parisien a de grandes chances de faire partie de l&rsquo;\u00e9quipe.<\/p>\n<p>                       Bonzi, pilier du double <\/p>\n<p class=\"Paragraph__content\" data-v-e14a34bc=\"\">Et Bonzi\u00a0? M\u00eame si le N\u00eemois (29\u00a0ans, 57e) a peu de chances de disputer le tournoi de Metz, les nouvelles semblent plus rassurantes. Son absence serait g\u00eanante dans le sens o\u00f9 elle pousserait le capitaine \u00e0 bouleverser son \u00e9quipe de double, qui compte depuis le d\u00e9but de saison sur l&rsquo;association Pierre-Hugues Herbert &#8211; Bonzi, qui n&rsquo;ont malheureusement pas eu beaucoup l&rsquo;occasion de tester les automatismes cette ann\u00e9e. Si l&rsquo;option de substitution Roger-Vasselin semble pour l&rsquo;heure peu probable, il faudrait trouver un partenaire \u00e0 Herbert.<\/p>\n<p class=\"Paragraph__content\" data-v-e14a34bc=\"\">Arthur Rinderknech, avec qui il avait jou\u00e9 deux matches \u00e0 Valence l&rsquo;an dernier en phase de poules\u00a0? Il reste encore du temps pour phosphorer. De toute \u00e9vidence, face \u00e0 tant d&rsquo;inconnues, Mathieu n&rsquo;annoncera pas sa liste d\u00e9finitive \u00e0 cinq noms apr\u00e8s le Masters 1000 parisien. Il n&rsquo;a le droit qu&rsquo;\u00e0 trois changements par rapport \u00e0 sa liste initiale (Humbert, Rinderknech, Herbert, Bonzi). Inutile de griller si t\u00f4t des cartouches.<\/p>\n","protected":false},"excerpt":{"rendered":"Les nouvelles ne sont pas rassurantes pour l&rsquo;\u00e9quipe de France de Coupe Davis \u00e0 Paris La D\u00e9fense Arena,&hellip;\n","protected":false},"author":2,"featured_media":494060,"comment_status":"","ping_status":"","sticky":false,"template":"","format":"standard","meta":{"footnotes":""},"categories":[1415],"tags":[1011,27,60,1467],"class_list":{"0":"post-494059","1":"post","2":"type-post","3":"status-publish","4":"format-standard","5":"has-post-thumbnail","7":"category-tennis","8":"tag-fr","9":"tag-france","10":"tag-sports","11":"tag-tennis"},"share_on_mastodon":{"url":"https:\/\/pubeurope.com\/@fr\/115448402600740524","error":""},"_links":{"self":[{"href":"https:\/\/www.europesays.com\/fr\/wp-json\/wp\/v2\/posts\/494059","targetHints":{"allow":["GET"]}}],"collection":[{"href":"https:\/\/www.europesays.com\/fr\/wp-json\/wp\/v2\/posts"}],"about":[{"href":"https:\/\/www.europesays.com\/fr\/wp-json\/wp\/v2\/types\/post"}],"author":[{"embeddable":true,"href":"https:\/\/www.europesays.com\/fr\/wp-json\/wp\/v2\/users\/2"}],"replies":[{"embeddable":true,"href":"https:\/\/www.europesays.com\/fr\/wp-json\/wp\/v2\/comments?post=494059"}],"version-history":[{"count":0,"href":"https:\/\/www.europesays.com\/fr\/wp-json\/wp\/v2\/posts\/494059\/revisions"}],"wp:featuredmedia":[{"embeddable":true,"href":"https:\/\/www.europesays.com\/fr\/wp-json\/wp\/v2\/media\/494060"}],"wp:attachment":[{"href":"https:\/\/www.europesays.com\/fr\/wp-json\/wp\/v2\/media?parent=494059"}],"wp:term":[{"taxonomy":"category","embeddable":true,"href":"https:\/\/www.europesays.com\/fr\/wp-json\/wp\/v2\/categories?post=494059"},{"taxonomy":"post_tag","embeddable":true,"href":"https:\/\/www.europesays.com\/fr\/wp-json\/wp\/v2\/tags?post=494059"}],"curies":[{"name":"wp","href":"https:\/\/api.w.org\/{rel}","templated":true}]}}