{"id":494061,"date":"2025-10-27T22:09:11","date_gmt":"2025-10-27T22:09:11","guid":{"rendered":"https:\/\/www.europesays.com\/fr\/494061\/"},"modified":"2025-10-27T22:09:11","modified_gmt":"2025-10-27T22:09:11","slug":"tour-despagne-2026-la-premiere-etape-reconnue-par-le-prince-albert-ii-de-monaco-sports","status":"publish","type":"post","link":"https:\/\/www.europesays.com\/fr\/494061\/","title":{"rendered":"Tour d&rsquo;Espagne 2026 : La premi\u00e8re \u00e9tape reconnue par le prince Albert II de Monaco : Sports"},"content":{"rendered":"<p class=\"date\">\n                                                            Marie Mah\u00e9, Media365 : publi\u00e9 le lundi 27 octobre 2025 \u00e0 21h40\n                                                    <\/p>\n<p>Le 22 ao\u00fbt prochain, la premi\u00e8re \u00e9tape du Tour d&rsquo;Espagne 2026 aura lieu \u00e0 Monaco. Au lendemain de la pr\u00e9sentation du parcours de celle-ci, le prince Albert II a particip\u00e9 \u00e0 la reconnaissance du trac\u00e9.<\/p>\n<p><a href=\"https:\/\/sports.orange.fr\/cyclisme\/tour-d-espagne\/article\/vuelta-l-edition-2026-debutera-par-un-contre-la-montre-a-monaco-CNT000002lonFY.html\" rel=\"nofollow noopener\" target=\"_blank\">L&rsquo;\u00e9dition 2026 du Tour d&rsquo;Espagne<\/a> se d\u00e9voile d\u00e9j\u00e0. Le samedi 22 ao\u00fbt prochain, le troisi\u00e8me et dernier Grand Tour de la saison d\u00e9butera par un contre-la-montre individuel de 9,6 kilom\u00e8tres. La nouvelle a \u00e9t\u00e9 officialis\u00e9e il y a seulement deux jours. Au lendemain de l&rsquo;officialisation de ce parcours, plusieurs personnes ont effectu\u00e9 la reconnaissance de l&rsquo;int\u00e9gralit\u00e9 de ce trac\u00e9. Parmi celles-ci, on retrouvait notamment le Prince Albert II de Monaco. Ce dernier a roul\u00e9 aux c\u00f4t\u00e9s des organisateurs mais \u00e9galement de plusieurs coureurs professionnels, comme le relate Radio Monaco. David Lappartient, pr\u00e9sident de l&rsquo;Union cycliste internationale (UCI), a post\u00e9 plusieurs photos et remerci\u00e9 <a href=\"https:\/\/sports.orange.fr\/tennis\/atp\/article\/atp-vacherot-accueilli-en-heros-a-monaco-exclu-CNT000002lcsnN.html\" rel=\"nofollow noopener\" target=\"_blank\">Albert II de Monaco<\/a> pour son soutien. Ce trac\u00e9 a \u00e9t\u00e9 enti\u00e8rement dessin\u00e9 dans les rues de la Principaut\u00e9. Son d\u00e9part aura lieu \u00e0 la Place du Casino, tandis que l&rsquo;arriv\u00e9e sera jug\u00e9e au niveau de la ligne de d\u00e9part\/d&rsquo;arriv\u00e9e du Grand Prix de Monaco de Formule 1.<\/p>\n<p>La Vuelta en Principaut\u00e9 plusieurs jours<\/p>\n<p>Les coureurs passeront notamment par le quartier des Moulins, le virage du Fairmont, le quartier du Larvotto, le port Hercule, le port de Fontvieille, le chapiteau du Cirque mais \u00e9galement par le Stade Louis II. Monaco va ainsi devenir la seule ville-\u00e9tait du monde \u00e0 accueillir le d\u00e9part de trois Grands Tours, apr\u00e8s l&rsquo;\u00e9dition 1966 du Tour d&rsquo;Italie puis l&rsquo;\u00e9dition 2009 du Tour de France. Ce dont s&rsquo;\u00e9tait d&rsquo;ailleurs r\u00e9joui Albert II de Monaco, aupr\u00e8s de Marca : \u00ab Nous allons devenir la seule ville \u00e0 avoir accueilli le d\u00e9part de trois Grands Tours. C&rsquo;est une grande satisfaction, un honneur et une responsabilit\u00e9. \u00bb Le Tour d&rsquo;Espagne sera en Principaut\u00e9 entre le jeudi 20 et le dimanche 23 ao\u00fbt 2026. Le 20 aura lieu la traditionnelle pr\u00e9sentation de l&rsquo;ensemble des \u00e9quipes qui participeront \u00e0 cette Vuelta. Ensuite, apr\u00e8s le chrono inaugural du samedi 22, la Principaut\u00e9 accueillera \u00e9galement, le lendemain, le d\u00e9part de la deuxi\u00e8me \u00e9tape, depuis la Place du Palais Princier.<\/p>\n","protected":false},"excerpt":{"rendered":"Marie Mah\u00e9, Media365 : publi\u00e9 le lundi 27 octobre 2025 \u00e0 21h40 Le 22 ao\u00fbt prochain, la premi\u00e8re&hellip;\n","protected":false},"author":2,"featured_media":494062,"comment_status":"","ping_status":"","sticky":false,"template":"","format":"standard","meta":{"footnotes":""},"categories":[1411],"tags":[1154,207,1011,27,60],"class_list":{"0":"post-494061","1":"post","2":"type-post","3":"status-publish","4":"format-standard","5":"has-post-thumbnail","7":"category-cyclisme","8":"tag-cycling","9":"tag-cyclisme","10":"tag-fr","11":"tag-france","12":"tag-sports"},"share_on_mastodon":{"url":"https:\/\/pubeurope.com\/@fr\/115448418372299059","error":""},"_links":{"self":[{"href":"https:\/\/www.europesays.com\/fr\/wp-json\/wp\/v2\/posts\/494061","targetHints":{"allow":["GET"]}}],"collection":[{"href":"https:\/\/www.europesays.com\/fr\/wp-json\/wp\/v2\/posts"}],"about":[{"href":"https:\/\/www.europesays.com\/fr\/wp-json\/wp\/v2\/types\/post"}],"author":[{"embeddable":true,"href":"https:\/\/www.europesays.com\/fr\/wp-json\/wp\/v2\/users\/2"}],"replies":[{"embeddable":true,"href":"https:\/\/www.europesays.com\/fr\/wp-json\/wp\/v2\/comments?post=494061"}],"version-history":[{"count":0,"href":"https:\/\/www.europesays.com\/fr\/wp-json\/wp\/v2\/posts\/494061\/revisions"}],"wp:featuredmedia":[{"embeddable":true,"href":"https:\/\/www.europesays.com\/fr\/wp-json\/wp\/v2\/media\/494062"}],"wp:attachment":[{"href":"https:\/\/www.europesays.com\/fr\/wp-json\/wp\/v2\/media?parent=494061"}],"wp:term":[{"taxonomy":"category","embeddable":true,"href":"https:\/\/www.europesays.com\/fr\/wp-json\/wp\/v2\/categories?post=494061"},{"taxonomy":"post_tag","embeddable":true,"href":"https:\/\/www.europesays.com\/fr\/wp-json\/wp\/v2\/tags?post=494061"}],"curies":[{"name":"wp","href":"https:\/\/api.w.org\/{rel}","templated":true}]}}