{"id":494105,"date":"2025-10-27T22:35:34","date_gmt":"2025-10-27T22:35:34","guid":{"rendered":"https:\/\/www.europesays.com\/fr\/494105\/"},"modified":"2025-10-27T22:35:34","modified_gmt":"2025-10-27T22:35:34","slug":"regional-1f-avant-la-coupe-de-france-lus-alencon-enchaine-a-rouen","status":"publish","type":"post","link":"https:\/\/www.europesays.com\/fr\/494105\/","title":{"rendered":"R\u00e9gional 1F. Avant la Coupe de France, l\u2019US Alen\u00e7on encha\u00eene \u00e0 Rouen"},"content":{"rendered":"<p>            Par<br \/>\n        <strong><br \/>\n            <a href=\"https:\/\/actu.fr\/auteur\/journaliste-oh\" title=\"Consulter tous les articles de R\u00e9daction Alen\u00e7on\" target=\"_blank\" rel=\"noopener\">R\u00e9daction Alen\u00e7on<\/a><br \/>\n        <\/strong><\/p>\n<p>        Publi\u00e9 le<\/p>\n<p>            27 oct. 2025 \u00e0 11h31        <\/p>\n<p>Apr\u00e8s leur <a href=\"https:\/\/actu.fr\/normandie\/alencon_61001\/football-coupe-de-france-feminine-lus-alencon-gagne-une-course-poursuite-et-se-qualifie-face-a-rouen_63323117.html\" target=\"_blank\" rel=\"noopener\">brillante qualification en Coupe de France<\/a> contre le FC Rouen, les joueuses de <b>l\u2019US Alen\u00e7on<\/b> se rendaient \u00e0 Rouen pour y affronter l\u2019autre \u00e9quipe de cette ville, <b>Rouen Plateau Est<\/b>. Un d\u00e9placement matinal \u2013 coup d\u2019envoi \u00e0 12\u2009h\u200930 -, dimanche 26\u00a0octobre 2025, qui s\u2019est sold\u00e9 par un nouveau succ\u00e8s (1-2).<\/p>\n<p>Une entame parfaite<\/p>\n<p class=\" wall-content\">Comme la semaine derni\u00e8re, les choses n\u2019ont pas tra\u00een\u00e9 pour les prot\u00e9g\u00e9es de St\u00e9phane Malo. Le coup d\u2019envoi tout juste siffl\u00e9 que le cuir retrouvait sa position originale, le rond central. <b>Joely Bruletti <\/b>ouvrait le score de fa\u00e7on pr\u00e9coce (0-1, 3\u2032). Une entame de match id\u00e9ale qui permettait aux pr\u00e9fectorales d\u2019installer et \u00ab\u2009poser\u2009\u00bb leur jeu, puis de doubler la mise juste avant la mi-temps. Un second but sign\u00e9 <b>Lucie Mary <\/b>d\u2019un joli corner direct (0-2, 44\u2032).<\/p>\n<p class=\" wall-content\">La deuxi\u00e8me p\u00e9riode verra les \u00e9quipi\u00e8res de M\u00e9lissa Renard g\u00e9rer la partie malgr\u00e9 un long arr\u00eat de jeu provoqu\u00e9 par un probl\u00e8me cardiaque d\u2019une joueuse seinomarine. Qui a engendr\u00e9 une reprise un peu compliqu\u00e9e pour les visiteuses, subissant les assauts d\u00e9sordonn\u00e9s de leurs h\u00f4tes sans plier, sauf sur le but encaiss\u00e9 dans les arr\u00eats de jeu (1-2, 90\u2019+\u00a04). \u00ab\u2009C\u2019\u00e9tait un d\u00e9placement p\u00e9rilleux pour nous avec de nombreuses absentes\u2009\u00bb, confiait St\u00e9phane Malo, le technicien de l\u2019USA. \u00ab\u2009Malgr\u00e9 tout, les filles ont fait preuve de d\u00e9termination pour remporter une victoire bien m\u00e9rit\u00e9e.\u2009\u00bb<\/p>\n<p>La fiche technique<\/p>\n<p>Rouen PE &#8211; US Alen\u00e7on : 1-2 (0-2)<br \/>&#13;<br \/>\nBUTS. c.s.c. (90&rsquo;+4) pour Rouen PE. Bruletti (3&prime;), Mary (44&prime;) pour Alen\u00e7on.<br \/>&#13;<br \/>\nAlen\u00e7on : Leroy, Gilbert, Hublin, Gautier, Turbout, Lebru, Mary, Ryba (cap.), Choinet, Bruletti, Renard, Musullu. Entra\u00eeneur : St\u00e9phane Malo.<\/p>\n<p>Un adversaire toujours inconnu<\/p>\n<p class=\" wall-content\">Et qui met en confiance avant de disputer le <a href=\"https:\/\/actu.fr\/normandie\/alencon_61001\/football-coupe-de-france-feminine-lus-alencon-herite-dun-cador-pour-les-finales-regionales_63341949.html\" target=\"_blank\" rel=\"noopener\">dernier tour r\u00e9gional de Coupe de France<\/a> contre un adversaire qui se fait d\u00e9sirer. \u00c7a sera le <b>SM Caen<\/b>, comme ce qui \u00e9tait pr\u00e9vu, ou<b> Saint-L\u00f4<\/b>, qui a d\u00e9pos\u00e9 une r\u00e9serve. En tout cas, ce sont des Alen\u00e7onnaises gonfl\u00e9es \u00e0 bloc qui se pr\u00e9senteront sur le terrain avec comme objectif de d\u00e9crocher leur place pour le premier tour f\u00e9d\u00e9ral.<\/p>\n<p>Vid\u00e9os : en ce moment sur Actu<\/p>\n<p>Prochain match\u2009: SM Caen \u2013 US Alen\u00e7on ou Saint-L\u00f4 \u2013 US Alen\u00e7on, dimanche 2\u00a0novembre \u00e0 12\u2009h\u200930 (sous r\u00e9serve de modifications).<\/p>\n<p class=\" wall-content\">Personnalisez votre actualit\u00e9 en ajoutant vos villes et m\u00e9dias en favori avec <a href=\"https:\/\/moncompte.actu.fr\" title=\"D\u00e9couvez Mon Actu\" rel=\"nofollow noopener\" data-trk=\"{&quot;cta&quot;:{&quot;action&quot;:&quot;https:\\\/\\\/moncompte.actu.fr&quot;,&quot;category&quot;:&quot;mon compte&quot;,&quot;from&quot;:&quot;article footer&quot;,&quot;name&quot;:&quot;Mon actu&quot;,&quot;type&quot;:&quot;cta&quot;}}\" target=\"_blank\">Mon Actu<\/a>.<\/p>\n","protected":false},"excerpt":{"rendered":"Par R\u00e9daction Alen\u00e7on Publi\u00e9 le 27 oct. 2025 \u00e0 11h31 Apr\u00e8s leur brillante qualification en Coupe de France&hellip;\n","protected":false},"author":2,"featured_media":494106,"comment_status":"","ping_status":"","sticky":false,"template":"","format":"standard","meta":{"footnotes":""},"categories":[9587],"tags":[1111,11,1777,674,63,1011,27,12,5161,50773,25,9590,60,57269],"class_list":{"0":"post-494105","1":"post","2":"type-post","3":"status-publish","4":"format-standard","5":"has-post-thumbnail","7":"category-rouen","8":"tag-actu","9":"tag-actualites","10":"tag-eu","11":"tag-europe","12":"tag-football","13":"tag-fr","14":"tag-france","15":"tag-news","16":"tag-normandie","17":"tag-regional-1","18":"tag-republique-francaise","19":"tag-rouen","20":"tag-sports","21":"tag-us-alencon"},"share_on_mastodon":{"url":"https:\/\/pubeurope.com\/@fr\/115448520673259648","error":""},"_links":{"self":[{"href":"https:\/\/www.europesays.com\/fr\/wp-json\/wp\/v2\/posts\/494105","targetHints":{"allow":["GET"]}}],"collection":[{"href":"https:\/\/www.europesays.com\/fr\/wp-json\/wp\/v2\/posts"}],"about":[{"href":"https:\/\/www.europesays.com\/fr\/wp-json\/wp\/v2\/types\/post"}],"author":[{"embeddable":true,"href":"https:\/\/www.europesays.com\/fr\/wp-json\/wp\/v2\/users\/2"}],"replies":[{"embeddable":true,"href":"https:\/\/www.europesays.com\/fr\/wp-json\/wp\/v2\/comments?post=494105"}],"version-history":[{"count":0,"href":"https:\/\/www.europesays.com\/fr\/wp-json\/wp\/v2\/posts\/494105\/revisions"}],"wp:featuredmedia":[{"embeddable":true,"href":"https:\/\/www.europesays.com\/fr\/wp-json\/wp\/v2\/media\/494106"}],"wp:attachment":[{"href":"https:\/\/www.europesays.com\/fr\/wp-json\/wp\/v2\/media?parent=494105"}],"wp:term":[{"taxonomy":"category","embeddable":true,"href":"https:\/\/www.europesays.com\/fr\/wp-json\/wp\/v2\/categories?post=494105"},{"taxonomy":"post_tag","embeddable":true,"href":"https:\/\/www.europesays.com\/fr\/wp-json\/wp\/v2\/tags?post=494105"}],"curies":[{"name":"wp","href":"https:\/\/api.w.org\/{rel}","templated":true}]}}