{"id":494123,"date":"2025-10-27T22:45:14","date_gmt":"2025-10-27T22:45:14","guid":{"rendered":"https:\/\/www.europesays.com\/fr\/494123\/"},"modified":"2025-10-27T22:45:14","modified_gmt":"2025-10-27T22:45:14","slug":"mis-en-cause-pour-son-comportement-lemblematique-directeur-fondateur-du-festival-demissionne","status":"publish","type":"post","link":"https:\/\/www.europesays.com\/fr\/494123\/","title":{"rendered":"Mis en cause pour son comportement, l\u2019embl\u00e9matique directeur-fondateur du festival d\u00e9missionne"},"content":{"rendered":"<p>L\u2019un des plus grands festivals de musique classique de France est secou\u00e9 par une crise majeure\u00a0: <a href=\"https:\/\/www.20minutes.fr\/justice\/4181477-20251024-nantes-mairie-ecarte-fondateur-folle-journee-raison-comportements-inappropries\" target=\"_blank\" class=\"c-link c-link--is-underlined\" rel=\"noopener\">le fondateur de La Folle Journ\u00e9e et directeur du CREA, Ren\u00e9 Martin<\/a>, a quitt\u00e9 ses fonctions sur fond d\u2019accusations visant son management et ses comportements envers les salari\u00e9s. Selon le CREA, les administrateurs ont re\u00e7u vendredi sa lettre de d\u00e9mission et \u00ab\u00a0en ont pris acte\u00a0\u00bb. Le Conseil d\u2019administration assure vouloir \u00ab\u00a0tout mettre en \u0153uvre\u00a0\u00bb avec les collectivit\u00e9s et partenaires pour garantir la poursuite des activit\u00e9s du <a href=\"https:\/\/www.20minutes.fr\/dossier\/festival\" target=\"_blank\" class=\"c-link c-link--is-underlined\" rel=\"noopener\">festival<\/a> et pr\u00e9server une \u00e9quipe \u00ab\u00a0reconnue en France et \u00e0 l\u2019international\u00a0\u00bb.<\/p>\n<p>Le CREA dit \u00ab\u00a0regretter profond\u00e9ment les \u00e9v\u00e9nements qui ont conduit \u00e0 cette situation\u00a0\u00bb et, malgr\u00e9 la tourmente, affirme son objectif\u00a0: maintenir \u00ab\u00a0la continuit\u00e9 et la qualit\u00e9 des manifestations\u00a0\u00bb. Le bureau tient aussi \u00e0 remercier Ren\u00e9 Martin \u00ab\u00a0pour son travail artistique\u00a0\u00bb et pour les \u00ab\u00a0manifestations exceptionnelles\u00a0\u00bb qu\u2019il a port\u00e9es, rappelant qu\u2019il appartiendra \u00e0 la <a href=\"https:\/\/www.20minutes.fr\/justice\/\" target=\"_blank\" class=\"c-link c-link--is-underlined\" rel=\"noopener\">justice<\/a> de \u00ab\u00a0se prononcer sur la r\u00e9alit\u00e9 et la qualification des accusations\u00a0\u00bb.<\/p>\n<p>La mairie de Nantes se d\u00e9solidarise<\/p>\n<p>Dans la foul\u00e9e, la maire de Nantes <a href=\"https:\/\/www.20minutes.fr\/dossier\/johanna_rolland\" target=\"_blank\" class=\"c-link c-link--is-underlined\" rel=\"noopener\">Johanna Rolland<\/a> a annonc\u00e9 \u00ab\u00a0la fin de la collaboration avec Ren\u00e9 Martin\u00a0\u00bb afin de \u00ab\u00a0se tenir aux c\u00f4t\u00e9s des salari\u00e9es et salari\u00e9s\u00a0\u00bb inquiets pour l\u2019avenir. Elle a renvoy\u00e9 au CREA la responsabilit\u00e9 de \u00ab\u00a0prendre les d\u00e9cisions qui s\u2019imposent au vu de la gravit\u00e9 des faits\u00a0\u00bb, afin de s\u00e9curiser l\u2019organisation de La Folle Journ\u00e9e.<\/p>\n<\/p>\n<p>La municipalit\u00e9 s\u2019appuie sur les conclusions d\u2019un audit interne, qu\u2019elle a transmis au procureur sur le fondement de l\u2019article\u00a040 du Code de proc\u00e9dure p\u00e9nale. Ce document r\u00e9v\u00e8le que \u00ab\u00a0les principes d\u2019exemplarit\u00e9, de respect des droits des salari\u00e9s et de lutte contre les <a href=\"https:\/\/www.20minutes.fr\/societe\/violences-sexuelles-sexistes\/\" target=\"_blank\" class=\"c-link c-link--is-underlined\" rel=\"noopener\">violences sexistes et sexuelles<\/a>\u00a0\u00bb ont \u00e9t\u00e9 \u00ab\u00a0bafou\u00e9s\u00a0\u00bb au sein de la structure, notamment en raison de l\u2019exposition de personnels \u00e0 des contenus <a href=\"https:\/\/www.20minutes.fr\/dossier\/porno\" target=\"_blank\" class=\"c-link c-link--is-underlined\" rel=\"noopener\">pornographiques<\/a>.<\/p>\n<p>Un climat de travail \u00ab\u00a0tr\u00e8s difficile\u00a0\u00bb<\/p>\n<p>Ces r\u00e9v\u00e9lations confirment des enqu\u00eates publi\u00e9es fin septembre par M\u00e9diacit\u00e9 et La Lettre du Musicien, \u00e9voquant un climat de travail \u00ab\u00a0tr\u00e8s difficile\u00a0\u00bb dirig\u00e9 par un directeur artistique \u00ab\u00a0omnipotent\u00a0\u00bb. Compliments, \u00ab\u00a0humiliation\u00a0\u00bb et \u00ab\u00a0emprise\u00a0\u00bb auraient rythm\u00e9 le quotidien d\u2019\u00e9quipes plong\u00e9es dans un \u00ab\u00a0climat hypersexualis\u00e9\u00a0\u00bb. Des accusations de \u00ab\u00a0porosit\u00e9 entre d\u00e9penses professionnelles et d\u00e9penses personnelles\u00a0\u00bb compl\u00e8tent ce portrait.<\/p>\n<p><a href=\"https:\/\/www.20minutes.fr\/dossier\/festival\" target=\"_blank\" class=\"c-link c-btn c-btn--primary\" rel=\"noopener\">Notre dossier sur les festivals<\/a><\/p>\n<p>Ag\u00e9 de 75 ans, \u00e9galement fondateur du festival de La Roque-d\u2019Anth\u00e9ron, Ren\u00e9 Martin r\u00e9fute toute d\u00e9rive et assure n\u2019avoir \u00ab\u00a0jamais humili\u00e9 personne\u00a0\u00bb ni \u00ab\u00a0jamais eu directement de probl\u00e8me avec les employ\u00e9s\u00a0\u00bb. Alors que la justice va d\u00e9sormais examiner les faits, les partenaires institutionnels avancent pour pr\u00e9server l\u2019avenir de La Folle Journ\u00e9e, \u00e9v\u00e9nement embl\u00e9matique du paysage culturel fran\u00e7ais.<\/p>\n","protected":false},"excerpt":{"rendered":"L\u2019un des plus grands festivals de musique classique de France est secou\u00e9 par une crise majeure\u00a0: le fondateur&hellip;\n","protected":false},"author":2,"featured_media":494124,"comment_status":"","ping_status":"","sticky":false,"template":"","format":"standard","meta":{"footnotes":""},"categories":[2818],"tags":[1111,47,11,251,58,1777,674,118,849,1011,27,6945,3047,766,12,2636,25,7434],"class_list":{"0":"post-494123","1":"post","2":"type-post","3":"status-publish","4":"format-standard","5":"has-post-thumbnail","7":"category-nantes","8":"tag-actu","9":"tag-actualite","10":"tag-actualites","11":"tag-culture","12":"tag-divertissement","13":"tag-eu","14":"tag-europe","15":"tag-faits-divers","16":"tag-festival","17":"tag-fr","18":"tag-france","19":"tag-johanna-rolland","20":"tag-loire-atlantique","21":"tag-nantes","22":"tag-news","23":"tag-pays-de-la-loire","24":"tag-republique-francaise","25":"tag-violences-sexuelles-et-sexistes"},"share_on_mastodon":{"url":"https:\/\/pubeurope.com\/@fr\/115448560388288491","error":""},"_links":{"self":[{"href":"https:\/\/www.europesays.com\/fr\/wp-json\/wp\/v2\/posts\/494123","targetHints":{"allow":["GET"]}}],"collection":[{"href":"https:\/\/www.europesays.com\/fr\/wp-json\/wp\/v2\/posts"}],"about":[{"href":"https:\/\/www.europesays.com\/fr\/wp-json\/wp\/v2\/types\/post"}],"author":[{"embeddable":true,"href":"https:\/\/www.europesays.com\/fr\/wp-json\/wp\/v2\/users\/2"}],"replies":[{"embeddable":true,"href":"https:\/\/www.europesays.com\/fr\/wp-json\/wp\/v2\/comments?post=494123"}],"version-history":[{"count":0,"href":"https:\/\/www.europesays.com\/fr\/wp-json\/wp\/v2\/posts\/494123\/revisions"}],"wp:featuredmedia":[{"embeddable":true,"href":"https:\/\/www.europesays.com\/fr\/wp-json\/wp\/v2\/media\/494124"}],"wp:attachment":[{"href":"https:\/\/www.europesays.com\/fr\/wp-json\/wp\/v2\/media?parent=494123"}],"wp:term":[{"taxonomy":"category","embeddable":true,"href":"https:\/\/www.europesays.com\/fr\/wp-json\/wp\/v2\/categories?post=494123"},{"taxonomy":"post_tag","embeddable":true,"href":"https:\/\/www.europesays.com\/fr\/wp-json\/wp\/v2\/tags?post=494123"}],"curies":[{"name":"wp","href":"https:\/\/api.w.org\/{rel}","templated":true}]}}