{"id":494125,"date":"2025-10-27T22:46:17","date_gmt":"2025-10-27T22:46:17","guid":{"rendered":"https:\/\/www.europesays.com\/fr\/494125\/"},"modified":"2025-10-27T22:46:17","modified_gmt":"2025-10-27T22:46:17","slug":"soiree-musee-humour-dix-idees-de-sorties-pour-halloween-a-bordeaux","status":"publish","type":"post","link":"https:\/\/www.europesays.com\/fr\/494125\/","title":{"rendered":"Soir\u00e9e, mus\u00e9e, humour\u2026 Dix id\u00e9es de sorties pour Halloween \u00e0 Bordeaux"},"content":{"rendered":"<p>            Par<br \/>\n        <strong><br \/>\n            <a href=\"https:\/\/actu.fr\/auteur\/juliette-cardinale\" title=\"Consulter tous les articles de Juliette Cardinale\" rel=\"nofollow noopener\" target=\"_blank\">Juliette Cardinale<\/a><br \/>\n        <\/strong><\/p>\n<p>        Publi\u00e9 le<\/p>\n<p>            27 oct. 2025 \u00e0 16h43        <\/p>\n<p>La fin du mois d\u2019octobre approche \u00e0 grand pas et avec elle, la plus effrayante des f\u00eates. Pour les enfants ou pour les grands, avec ou sans d\u00e9guisements, on a s\u00e9lectionn\u00e9 dix id\u00e9es de sorties <a href=\"https:\/\/actu.fr\/bordeaux\/\" rel=\"nofollow noopener\" target=\"_blank\">\u00e0 Bordeaux<\/a> <strong>pour f\u00eater Halloween<\/strong> ce vendredi 31\u00a0octobre 2025. Alors, plut\u00f4t sorci\u00e8res, vampires ou <a href=\"https:\/\/actu.fr\/nouvelle-aquitaine\/bordeaux_33063\/bordeaux-l-affaire-meconnue-de-jean-grenier-l-adolescent-juge-pour-etre-un-loup-garou_60927486.html\" rel=\"nofollow noopener\" target=\"_blank\">loups-garous\u2009?<\/a><\/p>\n<p>1. Halloween au mus\u00e9e<\/p>\n<p class=\" wall-content\">Ce vendredi 31\u00a0octobre, le mus\u00e9e d\u2019Aquitaine c\u00e9l\u00e8bre Halloween \u00e0 travers plusieurs \u00e9v\u00e8nements. <a href=\"https:\/\/www.musee-aquitaine-bordeaux.fr\/event_agenda\/238\" rel=\"nofollow noopener\" target=\"_blank\">L\u2019apr\u00e8s-midi est consacr\u00e9e aux enfants<\/a> \u00e0 partir de 5\u00a0ans. Avec ou sans costume, ils sont invit\u00e9s \u00e0 participer \u00e0 une <strong>chasse aux fant\u00f4mes<\/strong> \u00e0 travers les collections du parcours 400\u2009000\u00a0ans d\u2019histoire (s).<\/p>\n<p class=\" wall-content\">\u00ab\u2009Pendant que les plus petits (5-7\u00a0ans) customiseront leurs masques, offerts et r\u00e9alis\u00e9s \u00e0 partir des \u0153uvres du mus\u00e9e, les plus grands seront invit\u00e9s \u00e0 \u00e9couter les contes de la tani\u00e8re (<strong>terrifiants<\/strong>, mais pas trop quand m\u00eame\u2009!)\u00bb, d\u00e9taille le mus\u00e9e. Des tatouages \u00e9ph\u00e9m\u00e8res, bonbons et d\u00e9calcomanies seront propos\u00e9s.<\/p>\n<p class=\" wall-content\"><a href=\"https:\/\/www.instagram.com\/p\/DPTX7djClpI\/embed\" title=\"Ouvrir le lien sur Instagram\" rel=\"nofollow noopener\" target=\"_blank\">Visualiser le contenu sur Instagram<\/a><\/p>\n<p class=\" wall-content\">\u00c0 partir de 18h30, et jusqu\u2019\u00e0 21h, une animation est pr\u00e9vue <a href=\"https:\/\/www.musee-aquitaine-bordeaux.fr\/event_agenda\/232\" rel=\"nofollow noopener\" target=\"_blank\">pour les 15-25\u00a0ans.<\/a> Les fant\u00f4mes d\u2019Ali\u00e9nor d\u2019Aquitaine, Michel de Montaigne et de personnages gallo-romains arpenteront le mus\u00e9e. Pendant le jeu \u00ab\u2009La nuit des esprits\u2009\u00bb, les visiteurs devront aider les conservateurs \u00e0 \u00e9lucider le myst\u00e8re des revenants. DJ set et concours de costume. Attention, il faut \u00eatre \u00e0 l\u2019heure\u2009: l\u2019entr\u00e9e sera impossible apr\u00e8s 19h.<\/p>\n<p>Vendredi 31\u00a0octobre au mus\u00e9e d\u2019Aquitaine. Sans r\u00e9servation.<\/p>\n<p>2. Un week-end electro<\/p>\n<p class=\" wall-content\">Les amateurs de musique \u00e9lectronique peuvent rev\u00eatir leurs plus belles tenues et se diriger vers le parc des expositions de Bordeaux. Le <strong>festival Sonora<\/strong> est de retour pour sa deuxi\u00e8me \u00e9dition \u00e0 l\u2019occasion de \u00ab\u2009Halloween XXL\u2009\u00bb dans deux gigantesques entrep\u00f4ts.<\/p>\n<p class=\" wall-content\">D\u00e8s 17h le vendredi et 18h30 le samedi, les DJs s\u2019encha\u00eenent dans les hall 3 et 4 du parc expo avec une <strong>sc\u00e9nographie immersive.<\/strong> On retrouvera notamment Vladimir Cauchemar, I Hate Models, Holy Priest\u2026 Mais attention il ne reste plus beaucoup de places\u2009: les pass samedi et 2\u00a0jours sont \u00e9puis\u00e9s, la soir\u00e9e du vendredi est d\u00e9j\u00e0 \u00e0 92\u2009% de ses capacit\u00e9s\u2009!<\/p>\n<p>Votre r\u00e9gion, votre actu !<\/p>\n<p>Recevez chaque jour les infos qui comptent pour vous.<\/p>\n<p>\t<a href=\"https:\/\/actu.fr\/newsletter\" class=\"ac-btn ac-btn--corner ac-btn--medium ac-btn--blue800\" rel=\"nofollow noopener\" target=\"_blank\">S&rsquo;incrire<\/a><br \/>\nVendredi\u00a031 et samedi 1er\u00a0novembre au parc des expositions. <a href=\"https:\/\/shotgun.live\/fr\/festivals\/sonora-bdx-trym-i-hate-models-vladimir-cauchemar-astrix\" rel=\"nofollow noopener\" target=\"_blank\">R\u00e9servation.<\/a>3. Un comedy club sp\u00e9cial Halloween<\/p>\n<p class=\" wall-content\">Plut\u00f4t <strong>envie d\u2019humour<\/strong>\u00a0en ce moment\u2009? L\u2019Estrade pr\u00e9sente la 28e \u00e9dition de son comedy club ce jeudi 30\u00a0octobre. Les portes ouvriront d\u00e8s 19h30, et le spectacle d\u00e9bute \u00e0 20h30.<\/p>\n<p class=\" wall-content\">Vingt humoristes de la sc\u00e8ne bordelaise se relaieront sur sc\u00e8ne jusqu\u2019\u00e0 22h (avec entracte). Ils seront d\u00e9guis\u00e9s pour l\u2019occasion et auront trois minutes chacun pour <strong>d\u00e9crocher des rires<\/strong> dans le public. Sur sc\u00e8ne, on retrouvera une vari\u00e9t\u00e9 de personnages\u2009: La Dame Blanche, Spiderman, Trump, un lutin du P\u00e8re No\u00ebl\u2026<\/p>\n<p>Jeudi 30\u00a0octobre \u00e0 L\u2019Estrade (137 rue des Terres de Borde). <a href=\"https:\/\/www.billetweb.fr\/comedy-club-dhalloween\" rel=\"nofollow noopener\" target=\"_blank\">R\u00e9servation.<\/a>4. Un comedy club pour les enfants<\/p>\n<p class=\" wall-content\">Les enfants aussi ont droit \u00e0 leur comedy club pour Halloween. Vendredi, de 14h \u00e0 18h, le Moxy se transforme pour accueillir une Kids party dr\u00f4le et cr\u00e9ative. Maquillage, go\u00fbter, cabinet de curiosit\u00e9 ou jeux de soci\u00e9t\u00e9s sont au programme. Mais \u00e0 17h, place \u00e0 l\u2019humour avec un comedy club d\u2019Halloween sp\u00e9cial enfants.<\/p>\n<p class=\" wall-content\">Les enfants viennent d\u00e9guis\u00e9s et pourront se faire maquiller sur place, par des maquilleuses professionnelles.<\/p>\n<p>Vendredi 31\u00a0octobre au Moxy Bordeaux. <a href=\"https:\/\/my.weezevent.com\/halloween-kids-party-au-moxy-bordeaux\" rel=\"nofollow noopener\" target=\"_blank\">R\u00e9servation.<\/a>5. Un bal mystique au Grand Parc<\/p>\n<p class=\" wall-content\">La salle des f\u00eates du Grand Parc va accueillir <strong>Le Bal Mystique<\/strong> d\u00e8s 18h ce vendredi 31 octobre dans une ambiance aux allures de transe vaudou. \u00ab\u2009Les personnages carnavalesques du Slowfest Orchestra ont invit\u00e9 leurs amis les plus mystiques \u00e0 c\u00e9l\u00e9brer ensemble en danse et en musique, les liens entre morts et vivants\u2009\u00bb, d\u00e9taillent les organisateurs. On retrouvera la chanteuse ha\u00eftienne Moonlight Benjamin, la transe \u00e9lectro-vaudou de Voodoo Groove et les chants et danses afro-cubaines de l\u2019ensemble Irawo.<\/p>\n<p>    <a href=\"https:\/\/www.facebook.com\/plugins\/video.php?height=476&amp;href=https%3A%2F%2Fwww.facebook.com%2FSlowfest33%2Fvideos%2F1407042897658380%2F&amp;show_text=false&amp;width=350&amp;t=0\" title=\"Ouvrie le lien\" rel=\"nofollow noopener\" target=\"_blank\">Cliquez ici pour visualiser le contenu<\/a><\/p>\n<p class=\" wall-content\">L\u2019\u00e9v\u00e8nement commencera en fait d\u00e8s 18h \u00e0 Saint-Michel pour <strong>une parade \u00e0 v\u00e9lo<\/strong> jusqu\u2019\u00e0 la salle des f\u00eates. Une fois sur les lieux, il y aura des concerts, des spectacles et des ateliers participatifs dans une d\u00e9coration immersive.<\/p>\n<p>Vendredi 31\u00a0octobre \u00e0 la salle des f\u00eates du Grand Parc. <a href=\"https:\/\/www.helloasso.com\/associations\/slowfest\/evenements\/le-bal-mystique-de-slowfest-and-friends\" rel=\"nofollow noopener\" target=\"_blank\">R\u00e9servations.<\/a>6. Une balade nocturne<\/p>\n<p class=\" wall-content\">Pour (re) d\u00e9couvrir l\u2019histoire de Bordeaux via ses l\u00e9gendes urbaines, on peut suivre la <strong>balade urbaine<\/strong> Ces coins de rues o\u00f9 la mort guette. \u00ab\u2009D\u00e9capitations, vieux cimeti\u00e8re, tortures, Enfers, loups-garous et autres monstres seront au programme de cette balade cont\u00e9e\u2009\u00bb, d\u00e9taillent les organisateurs.<\/p>\n<p class=\" wall-content\">La visite dure une heure, \u00e0 travers des <strong>lieux connus<\/strong> et recoins de Bordeaux o\u00f9 des l\u00e9gendes ou sinistres drames se sont d\u00e9roul\u00e9s.<\/p>\n<p>Vendredi 31\u00a0octobre d\u00e9part du Fort du H\u00e2. <a href=\"https:\/\/histoiresasuivre.com\/visites-guidees\/ces-coins-de-rues-ou-la-mort-guette\/?fbclid=IwZXh0bgNhZW0CMTAAYnJpZBEwbjhHZXE3bnFnQzhQeVFrWgEecEUHZM_3Xpv8V3nGsWOtthL5u53c7g7dftqzoomlK_d2C13K01ElByxSlBI_aem_HLLSNydTcAXU-zHQDafLTg\" rel=\"nofollow noopener\" target=\"_blank\">R\u00e9servations.<\/a>7. Un escape game Death Note<\/p>\n<p class=\" wall-content\">Ce vendredi, le Jost plonge les curieux dans l\u2019univers du c\u00e9l\u00e8bre manga Death Note. Dans cet <strong>escape game th\u00e9\u00e2tralis\u00e9,<\/strong> il faudra d\u00e9couvrir qui d\u00e9tient un carnet mal\u00e9fique et est responsable du meurtre commis\u2026 pour \u00e9viter d\u2019autres victimes.<\/p>\n<p class=\" wall-content\">Quatre com\u00e9diens animent chacune des trois sessions (16h, 18h et 20h). Elles comprennent <strong>1h20 de jeu,<\/strong> ainsi que le brief et le d\u00e9brief. 24\u00a0joueurs max par session, \u00e0 partir de 10\u00a0ans.<\/p>\n<p>Vendredi 31\u00a0octobre au Jost.\u00a0<a href=\"https:\/\/dice.fm\/event\/7dlak9-escape-game-halloween-31st-oct-jost-bordeaux-bordeaux-tickets\" rel=\"nofollow noopener\" target=\"_blank\">R\u00e9servation.<\/a>8. Un afterwork mortel \u00e0 la Cit\u00e9 du vin<\/p>\n<p class=\" wall-content\">Pour Halloween, la Cit\u00e9 du vin place son afterwork sous le th\u00e8me de l\u2019au-del\u00e0. Les <strong>rites fun\u00e9raires et traditions li\u00e9es aux morts<\/strong> \u00e0 travers le monde sont mises en avant. Des Anthest\u00e9ries grecques au Dia de los Muertos mexicain en passant par la f\u00eate des morts du P\u00e9rou, il y aura des choses \u00e0 d\u00e9couvrir.<\/p>\n<p class=\" wall-content\">Deux s\u00e9ances sont propos\u00e9es\u2009: l\u2019une \u00e0 18h30, l\u2019autre \u00e0 20h30. La guide sommeli\u00e8re fera <strong>d\u00e9couvrir trois vins<\/strong> aux participants.<\/p>\n<p>Jeudi 30\u00a0octobre \u00e0 la Cit\u00e9 du vin. <a href=\"https:\/\/ticket.laciteduvin.com\/fr-FR\/produits-et-seances?famille=2523041030850401335\" rel=\"nofollow noopener\" target=\"_blank\">R\u00e9servations.<\/a>9. Une soir\u00e9e festive sous chapiteau<\/p>\n<p class=\" wall-content\">Le chapiteau du Blonde Venus accueille une <strong>soir\u00e9e sanglante<\/strong> pour Halloween. Il se transforme \u00ab\u2009le temps d\u2019une nuit, en un th\u00e9\u00e2tre de magie gore et de frissons\u2009\u00bb, promet l\u2019organisation.<\/p>\n<p class=\" wall-content\">Sc\u00e9nographie immersive, <strong>performance magie gore,<\/strong> cocktails in\u00e9dits et DJ set Corazon \u00e0 l\u2019occasion de cette \u00ab\u2009Boum massacrante\u2009\u00bb.<\/p>\n<p>Vendredi 31\u00a0octobre au Blonde Venus.<\/p>\n<p>10. Une soir\u00e9e inspir\u00e9e du cin\u00e9ma<\/p>\n<p class=\" wall-content\">La Caserne B accueille la soir\u00e9e \u00ab\u2009Don\u2019t Fall Asleep\u2009\u00bb, organis\u00e9e par le <strong>collectif drag Familips<\/strong> ce vendredi d\u00e8s 17h et jusqu\u2019\u00e0 1h du matin. Les artistes seront inspir\u00e9es des grands m\u00e9chants du cin\u00e9ma pour proposer un spectacle terrifiant.<\/p>\n<p class=\" wall-content\"><a href=\"https:\/\/www.instagram.com\/p\/DPlb9LiCnjw\/embed\" title=\"Ouvrir le lien sur Instagram\" rel=\"nofollow noopener\" target=\"_blank\">Visualiser le contenu sur Instagram<\/a><\/p>\n<p class=\" wall-content\">Un grand <strong>concours de d\u00e9guisements<\/strong> est organis\u00e9\u2009: il faudra suivre le th\u00e8me des \u00ab\u2009grands m\u00e9chants du cin\u00e9ma\u2009\u00bb et d\u00e9filer pour essayer d\u2019atteindre le top\u00a03 et remporter un cadeau.<\/p>\n<p>Vendredi 31\u00a0octobre \u00e0 la Caserne B. <a href=\"https:\/\/www.helloasso.com\/associations\/la-familips\/evenements\/don-t-fall-asleep-drag-show-et-dj-set\" rel=\"nofollow noopener\" target=\"_blank\">R\u00e9servations.<\/a><\/p>\n<p class=\" wall-content\">Personnalisez votre actualit\u00e9 en ajoutant vos villes et m\u00e9dias en favori avec <a href=\"https:\/\/moncompte.actu.fr\" title=\"D\u00e9couvez Mon Actu\" rel=\"nofollow noopener\" data-trk=\"{&quot;cta&quot;:{&quot;action&quot;:&quot;https:\\\/\\\/moncompte.actu.fr&quot;,&quot;category&quot;:&quot;mon compte&quot;,&quot;from&quot;:&quot;article footer&quot;,&quot;name&quot;:&quot;Mon actu&quot;,&quot;type&quot;:&quot;cta&quot;}}\" target=\"_blank\">Mon Actu<\/a>.<\/p>\n<p>                    <script async src=\"\/\/www.instagram.com\/embed.js\"><\/script><\/p>\n","protected":false},"excerpt":{"rendered":"Par Juliette Cardinale Publi\u00e9 le 27 oct. 2025 \u00e0 16h43 La fin du mois d\u2019octobre approche \u00e0 grand&hellip;\n","protected":false},"author":2,"featured_media":494126,"comment_status":"","ping_status":"","sticky":false,"template":"","format":"standard","meta":{"footnotes":""},"categories":[2817],"tags":[1111,11,1997,1777,674,1011,27,20815,1652,12,2219,25],"class_list":{"0":"post-494125","1":"post","2":"type-post","3":"status-publish","4":"format-standard","5":"has-post-thumbnail","7":"category-bordeaux","8":"tag-actu","9":"tag-actualites","10":"tag-bordeaux","11":"tag-eu","12":"tag-europe","13":"tag-fr","14":"tag-france","15":"tag-halloween","16":"tag-loisirs-culture","17":"tag-news","18":"tag-nouvelle-aquitaine","19":"tag-republique-francaise"},"share_on_mastodon":{"url":"https:\/\/pubeurope.com\/@fr\/115448564084006505","error":""},"_links":{"self":[{"href":"https:\/\/www.europesays.com\/fr\/wp-json\/wp\/v2\/posts\/494125","targetHints":{"allow":["GET"]}}],"collection":[{"href":"https:\/\/www.europesays.com\/fr\/wp-json\/wp\/v2\/posts"}],"about":[{"href":"https:\/\/www.europesays.com\/fr\/wp-json\/wp\/v2\/types\/post"}],"author":[{"embeddable":true,"href":"https:\/\/www.europesays.com\/fr\/wp-json\/wp\/v2\/users\/2"}],"replies":[{"embeddable":true,"href":"https:\/\/www.europesays.com\/fr\/wp-json\/wp\/v2\/comments?post=494125"}],"version-history":[{"count":0,"href":"https:\/\/www.europesays.com\/fr\/wp-json\/wp\/v2\/posts\/494125\/revisions"}],"wp:featuredmedia":[{"embeddable":true,"href":"https:\/\/www.europesays.com\/fr\/wp-json\/wp\/v2\/media\/494126"}],"wp:attachment":[{"href":"https:\/\/www.europesays.com\/fr\/wp-json\/wp\/v2\/media?parent=494125"}],"wp:term":[{"taxonomy":"category","embeddable":true,"href":"https:\/\/www.europesays.com\/fr\/wp-json\/wp\/v2\/categories?post=494125"},{"taxonomy":"post_tag","embeddable":true,"href":"https:\/\/www.europesays.com\/fr\/wp-json\/wp\/v2\/tags?post=494125"}],"curies":[{"name":"wp","href":"https:\/\/api.w.org\/{rel}","templated":true}]}}