{"id":494129,"date":"2025-10-27T22:48:19","date_gmt":"2025-10-27T22:48:19","guid":{"rendered":"https:\/\/www.europesays.com\/fr\/494129\/"},"modified":"2025-10-27T22:48:19","modified_gmt":"2025-10-27T22:48:19","slug":"les-habitants-de-ces-quatre-departements-peuvent-donner-leurs-avis-aux-prefets","status":"publish","type":"post","link":"https:\/\/www.europesays.com\/fr\/494129\/","title":{"rendered":"les habitants de ces quatre d\u00e9partements peuvent donner leurs avis aux pr\u00e9fets"},"content":{"rendered":"<p>            Par<br \/>\n        <strong><br \/>\n            <a href=\"https:\/\/actu.fr\/auteur\/mareva-laville-actu-fr\" title=\"Consulter tous les articles de Mar\u00e9va Laville\" target=\"_blank\" rel=\"noopener\">Mar\u00e9va Laville<\/a><br \/>\n        <\/strong><\/p>\n<p>        Publi\u00e9 le<\/p>\n<p>            27 oct. 2025 \u00e0 17h01        <\/p>\n<p>C\u2019est le moment de donner son avis. Une <strong>consultation publique<\/strong> vient d\u2019\u00eatre lanc\u00e9e ce lundi 27\u00a0octobre 2025 au sujet de la tr\u00e8s clivante <strong><a href=\"https:\/\/actu.fr\/tag\/lgv-bordeaux-toulouse\" target=\"_blank\" rel=\"noopener\">ligne \u00e0 grande vitesse Bordeaux-Toulouse<\/a>.<\/strong> Cette derni\u00e8re, dont l\u2019ouverture est annonc\u00e9e pour 2032, traversera plusieurs d\u00e9partements\u2009: la <strong><a href=\"https:\/\/actu.fr\/occitanie\/haute-garonne_31\" target=\"_blank\" rel=\"noopener\">Haute-Garonne<\/a>,<\/strong> le Lot-et-Garonne, le Tarn-et-Garonne et la Gironde. Objectif\u2009? Relier Toulouse \u00e0 Bordeaux en 1h05. Faisant donc <a href=\"https:\/\/actu.fr\/occitanie\/toulouse_31555\/lgv-bordeaux-toulouse-91-des-habitants-de-haute-garonne-sont-favorables-a-la-future-ligne-selon-sondage_63255310.html\" target=\"_blank\" rel=\"noopener\">gagner une bonne heure de trajet<\/a> \u00e0 ceux qui voudraient rejoindre Paris depuis la Ville rose.<\/p>\n<p>Des \u00e9tudes de sols \u00e0 valider<\/p>\n<p class=\" wall-content\">Mais ce projet va de pair avec des <strong>autorisations environnementales<\/strong>, souvent d\u00e9cri\u00e9es par de nombreux militants \u00e9cologistes, notamment les \u00ab<a href=\"https:\/\/actu.fr\/occitanie\/saint-jory_31490\/anti-lgv-un-ecureuil-deloge-d-un-arbre-par-les-gendarmes-la-situation-se-tend-au-nord-de-toulouse_61848116.html\" target=\"_blank\" rel=\"noopener\">\u2009\u00e9cureuils<\/a>\u2009\u00bb. En l\u2019occurrence, sur les quatre d\u00e9partements concern\u00e9s par la LGV Bordeaux-Toulouse, une nouvelle autorisation doit \u00eatre valid\u00e9e pour des <strong>sondages g\u00e9otechniques<\/strong> et des <strong>diagnostics arch\u00e9ologiques<\/strong> sur l\u2019ensemble des secteurs sensibles de la ligne de train.<\/p>\n<p class=\" wall-content\">Ceux-l\u00e0 doivent <strong>analyser les sous-sols<\/strong> et \u00e0<strong> prot\u00e9ger d\u2019\u00e9ventuels vestiges<\/strong> avant le d\u00e9but du chantier, autre que celui des <a href=\"https:\/\/actu.fr\/occitanie\/toulouse_31555\/lgv-bordeaux-toulouse-insoumis-et-ecolos-reclament-a-l-etat-la-suspension-du-projet-et-du-chantier_63105724.html\" target=\"_blank\" rel=\"noopener\">Am\u00e9nagements ferroviaires du nord toulousain (AFNT)<\/a> d\u00e9j\u00e0 lanc\u00e9 et dont la <a href=\"https:\/\/actu.fr\/occitanie\/toulouse_31555\/lgv-bordeaux-toulouse-les-opposants-saisissent-a-nouveau-la-justice-pour-stopper-le-chantier_63200670.html\" target=\"_blank\" rel=\"noopener\">demande de suspension des travaux par les Amis de la Terre Midi-Pyr\u00e9n\u00e9es a<\/a> \u00e9t\u00e9 <a href=\"https:\/\/actu.fr\/occitanie\/toulouse_31555\/lgv-toulouse-bordeaux-la-justice-rejette-une-nouvelle-fois-un-recours-des-opposants_63233567.html\" target=\"_blank\" rel=\"noopener\">rejet\u00e9e par le tribunal administratif.<\/a><\/p>\n<p>L\u2019\u00e9tude d\u2019impact et le chantier \u00e0 venir d\u00e9taill\u00e9s<\/p>\n<p class=\" wall-content\">Via cette consultation publique mise <strong><a href=\"http:\/\/www.registre-numerique.fr\/ligne-nouvelle-bordeaux-toulouse-ppve1\" target=\"_blank\" rel=\"noopener\">en ligne sur ce site internet<\/a><\/strong>, les <strong>habitants<\/strong> des quatre d\u00e9partements pourront d\u00e8s lors s\u2019informer sur les investigations pr\u00e9vues, leurs <strong>cons\u00e9quences sur l\u2019environnement<\/strong> et \u00ab\u2009les mesures pr\u00e9vues par le ma\u00eetre d\u2019ouvrage visant \u00e0 les \u00e9viter, les r\u00e9duire et les compenser\u2009\u00bb, d\u00e9taille la pr\u00e9fecture de Haute-Garonne et d\u2019Occitanie.<\/p>\n<blockquote class=\"ac-article-quote wall-content\">\n<p>Le dossier reprend l\u2019ensemble des \u00e9l\u00e9ments relatifs aux sondages g\u00e9otechniques et aux diagnostics arch\u00e9ologiques, ainsi que la mise \u00e0 jour de l\u2019\u00e9tude d\u2019impact. <\/p>\n<p>    <strong>pr\u00e9fecture de Haute-Garonne et d&rsquo;Occitanie<\/strong>\n            <\/p><\/blockquote>\n<p class=\" wall-content\">\u00c0 noter que r\u00e9cemment, l\u2019Autorit\u00e9 environnementale (AE) avait jug\u00e9 \u00ab\u2009l\u2019\u00e9tude d\u2019impact incompl\u00e8te \u00e0 ce stade\u2009\u00bb, avec \u00ab\u2009des mesures g\u00e9n\u00e9riques\u2009\u00bb et des \u00ab\u2009mesures d\u2019\u00e9vitement, de r\u00e9duction et de compensation insuffisamment pr\u00e9cis\u00e9es et justifi\u00e9es\u2009\u00bb.<\/p>\n<p>Vid\u00e9os : en ce moment sur ActuLes avis recueillis pendant un mois<\/p>\n<p class=\" wall-content\">Observations et avis sont les bienvenus, \u00e0 rendre <strong>par voie \u00e9lectronique<\/strong> en cliquant sur <strong><a href=\"https:\/\/www.registre-numerique.fr\/ligne-nouvelle-bordeaux-toulouse-ppve1\/deposer-son-observation\" target=\"_blank\" rel=\"noopener\">\u00ab\u2009participer\u2009\u00bb<\/a>, <\/strong>apr\u00e8s avoir consult\u00e9 le <strong><a href=\"https:\/\/www.registre-numerique.fr\/ligne-nouvelle-bordeaux-toulouse-ppve1\/documents\" target=\"_blank\" rel=\"noopener\">dossier complet disponible sur ce lien<\/a><\/strong>, et dans le d\u00e9lai imparti d\u2019un mois. La consultation publique dure 30\u00a0jours. <strong>Elle s\u2019ach\u00e8vera le 26\u00a0novembre 2025 \u00e0 23h59.<\/strong><\/p>\n<p>Votre r\u00e9gion, votre actu !<\/p>\n<p>Recevez chaque jour les infos qui comptent pour vous.<\/p>\n<p>\t<a href=\"https:\/\/actu.fr\/newsletter\" class=\"ac-btn ac-btn--corner ac-btn--medium ac-btn--blue800\" target=\"_blank\" rel=\"noopener\">S&rsquo;incrire<\/a><\/p>\n<p class=\" wall-content\">Une synth\u00e8se des observations \u00e9mises par le public sera ensuite rendue publique et sera \u00ab\u2009prise en compte par les pr\u00e9fets des quatre d\u00e9partements concern\u00e9s qui devront se prononcer sur l\u2019autorisation environnementale sollicit\u00e9e\u2009\u00bb.<\/p>\n<p><strong>Infos pratiques<br \/><\/strong><a href=\"http:\/\/www.registre-numerique.fr\/ligne-nouvelle-bordeaux-toulouse-ppve1.\" target=\"_blank\" rel=\"noopener\">Consultation publique<\/a> pour la LGV Bordeaux-Toulouse<br \/>\nDu 27\u00a0octobre au 26\u00a0novembre 2025<br \/>\nDossier complet sur les r\u00e9alisations et les impacts sur l\u2019environnement <a href=\"https:\/\/www.registre-numerique.fr\/ligne-nouvelle-bordeaux-toulouse-ppve1\/documents\" target=\"_blank\" rel=\"noopener\">disponible ici<\/a><br \/>\nAvis \u00e0 transmettre via <a href=\"https:\/\/www.registre-numerique.fr\/ligne-nouvelle-bordeaux-toulouse-ppve1\/deposer-son-observation\" target=\"_blank\" rel=\"noopener\">ce formulaire en ligne<\/a><\/p>\n<p class=\" wall-content\">Personnalisez votre actualit\u00e9 en ajoutant vos villes et m\u00e9dias en favori avec <a href=\"https:\/\/moncompte.actu.fr\" title=\"D\u00e9couvez Mon Actu\" rel=\"nofollow noopener\" data-trk=\"{&quot;cta&quot;:{&quot;action&quot;:&quot;https:\\\/\\\/moncompte.actu.fr&quot;,&quot;category&quot;:&quot;mon compte&quot;,&quot;from&quot;:&quot;article footer&quot;,&quot;name&quot;:&quot;Mon actu&quot;,&quot;type&quot;:&quot;cta&quot;}}\" target=\"_blank\">Mon Actu<\/a>.<\/p>\n","protected":false},"excerpt":{"rendered":"Par Mar\u00e9va Laville Publi\u00e9 le 27 oct. 2025 \u00e0 17h01 C\u2019est le moment de donner son avis. Une&hellip;\n","protected":false},"author":2,"featured_media":494130,"comment_status":"","ping_status":"","sticky":false,"template":"","format":"standard","meta":{"footnotes":""},"categories":[2816],"tags":[1111,11,436,1777,674,1011,27,6200,12,2680,25,104,2312,2086],"class_list":{"0":"post-494129","1":"post","2":"type-post","3":"status-publish","4":"format-standard","5":"has-post-thumbnail","7":"category-toulouse","8":"tag-actu","9":"tag-actualites","10":"tag-environnement","11":"tag-eu","12":"tag-europe","13":"tag-fr","14":"tag-france","15":"tag-lgv-bordeaux-toulouse","16":"tag-news","17":"tag-occitanie","18":"tag-republique-francaise","19":"tag-societe","20":"tag-toulouse","21":"tag-travaux"},"share_on_mastodon":{"url":"https:\/\/pubeurope.com\/@fr\/115448571847446404","error":""},"_links":{"self":[{"href":"https:\/\/www.europesays.com\/fr\/wp-json\/wp\/v2\/posts\/494129","targetHints":{"allow":["GET"]}}],"collection":[{"href":"https:\/\/www.europesays.com\/fr\/wp-json\/wp\/v2\/posts"}],"about":[{"href":"https:\/\/www.europesays.com\/fr\/wp-json\/wp\/v2\/types\/post"}],"author":[{"embeddable":true,"href":"https:\/\/www.europesays.com\/fr\/wp-json\/wp\/v2\/users\/2"}],"replies":[{"embeddable":true,"href":"https:\/\/www.europesays.com\/fr\/wp-json\/wp\/v2\/comments?post=494129"}],"version-history":[{"count":0,"href":"https:\/\/www.europesays.com\/fr\/wp-json\/wp\/v2\/posts\/494129\/revisions"}],"wp:featuredmedia":[{"embeddable":true,"href":"https:\/\/www.europesays.com\/fr\/wp-json\/wp\/v2\/media\/494130"}],"wp:attachment":[{"href":"https:\/\/www.europesays.com\/fr\/wp-json\/wp\/v2\/media?parent=494129"}],"wp:term":[{"taxonomy":"category","embeddable":true,"href":"https:\/\/www.europesays.com\/fr\/wp-json\/wp\/v2\/categories?post=494129"},{"taxonomy":"post_tag","embeddable":true,"href":"https:\/\/www.europesays.com\/fr\/wp-json\/wp\/v2\/tags?post=494129"}],"curies":[{"name":"wp","href":"https:\/\/api.w.org\/{rel}","templated":true}]}}