{"id":494133,"date":"2025-10-27T22:50:17","date_gmt":"2025-10-27T22:50:17","guid":{"rendered":"https:\/\/www.europesays.com\/fr\/494133\/"},"modified":"2025-10-27T22:50:17","modified_gmt":"2025-10-27T22:50:17","slug":"gang-de-roubaix-pres-de-30-ans-apres-les-faits-seddik-benbahlouli-condamne-a-20-ans-de-reclusion-criminelle","status":"publish","type":"post","link":"https:\/\/www.europesays.com\/fr\/494133\/","title":{"rendered":"\u00ab Gang de Roubaix \u00bb : pr\u00e8s de 30 ans apr\u00e8s les faits, Seddik Benbahlouli condamn\u00e9 \u00e0 20 ans de r\u00e9clusion criminelle"},"content":{"rendered":"<p class=\"paragraph text_align_left lp-f-body-02\">Il \u00e9tait l\u2019un des derniers membres retrouv\u00e9 du \u00ab Gang de Roubaix \u00bb. Interpell\u00e9 en ao\u00fbt 2023, apr\u00e8s 27 ans de cavale, <a href=\"https:\/\/www.leparisien.fr\/faits-divers\/seddik-benbahlouli-ecroue-en-france-la-fin-de-27-ans-de-cavale-pour-le-dernier-braqueur-du-gang-de-roubaix-20-10-2023-E32XOFZJARFS7GMSHVDCHICXUA.php\" target=\"_blank\" rel=\"nofollow noopener\">Seddik Benbahlouli<\/a> a \u00e9t\u00e9 condamn\u00e9 ce lundi \u00e0 20 ans de r\u00e9clusion criminelle par la cour d\u2019assises du Nord notamment pour tentative de meurtre sur deux policiers en janvier 1996.<\/p>\n<p class=\"paragraph text_align_left lp-f-body-02\">Seddik Benbahlouli, 55 ans, jug\u00e9 depuis le 17 octobre, a \u00e9galement \u00e9t\u00e9 condamn\u00e9 pour recel de v\u00e9hicule vol\u00e9, mais l\u2019action publique concernant l\u2019association de malfaiteurs a \u00e9t\u00e9 d\u00e9clar\u00e9e \u00e9teinte.<\/p>\n<p class=\"paragraph text_align_left lp-f-body-02\">La cour a suivi les r\u00e9quisitions du parquet, qui avait demand\u00e9 vendredi \u00ab la m\u00eame peine \u00bb qu\u2019<a href=\"https:\/\/www.leparisien.fr\/faits-divers\/le-gang-de-roubaix-du-banditisme-au-terrorisme-02-10-2001-2002479417.php\" target=\"_self\" rel=\"nofollow noopener\">en 2001<\/a>, lorsqu\u2019il avait \u00e9t\u00e9 condamn\u00e9 par contumace \u00e0 vingt ans de prison.<\/p>\n<p>Silence de l\u2019accus\u00e9<\/p>\n<p class=\"paragraph text_align_left lp-f-body-02\">Lors de sa plaidoirie lundi matin, son avocate, Me Soizic Salomon, avait demand\u00e9 son acquittement, estimant qu\u2019\u00ab au terme de sept jours d\u2019audience \u00bb, la cour ne pouvait pas avoir \u00ab l\u2019intime conviction \u00bb que son client avait commis les faits. Selon la d\u00e9fense, Benbahlouli ne faisait pas partie du gang de Roubaix et n\u2019\u00e9tait pas pr\u00e9sent sur le lieu de la fusillade.<\/p>\n<p class=\"lp-card-podcast-highlighting__title  lp-f-subtitle-05\">[2\/2] Bruno Sulak\u00a0: serial braqueur<\/p>\n<p class=\"lp-card-podcast-highlighting__description lp-f-ui-05\">Crime story raconte chaque semaine les grandes affaires criminelles.<\/p>\n<p><a class=\"lp-card-podcast-highlighting__call-to-action\" data-page-type=\"HP\" data-block-name=\"podcast-highlight\">\u00c9couter<\/a><\/p>\n<p class=\"paragraph text_align_left lp-f-body-02\">Son avocate a aussi soulev\u00e9 un dossier \u00ab unique \u00bb en raison de l\u2019anciennet\u00e9 des faits, de la disparition de preuves, de l\u2019indisponibilit\u00e9 de t\u00e9moins et de l\u2019alt\u00e9ration des souvenirs. Avant que la cour ne se retire pour d\u00e9lib\u00e9rer, l\u2019accus\u00e9 a de nouveau affirm\u00e9 que selon lui ses droits n\u2019avaient pas \u00e9t\u00e9 respect\u00e9s, notamment lors de son arrestation aux \u00c9tats-Unis en 2023.<\/p>\n<p class=\"paragraph text_align_left lp-f-body-02\">Depuis le d\u00e9but de son proc\u00e8s, il n\u2019est apparu qu\u2019\u00e0 de rares reprises dans le box, clamant par la voix de son avocate qu\u2019il \u00e9tait innocent. Le silence de l\u2019accus\u00e9 a emp\u00each\u00e9 la cour de lever les nombreuses zones d\u2019ombre sur son implication dans le groupe criminel.<\/p>\n<p>Grand banditisme et islamisme radical<\/p>\n<p class=\"paragraph text_align_left lp-f-body-02\">Le \u00ab Gang de Roubaix \u00bb a men\u00e9 durant trois mois en 1996 une s\u00e9rie de braquages \u00e0 l\u2019arme de guerre et une tentative d\u2019attentat dans la r\u00e9gion lilloise. Ce groupe \u00ab pr\u00e9curseur \u00bb selon un enqu\u00eateur, m\u00ealait de fa\u00e7on alors in\u00e9dite grand banditisme et islamisme radical.<\/p>\n<p class=\"paragraph text_align_left lp-f-body-02\">Il est notamment accus\u00e9 d\u2019avoir le 27 janvier 1996 \u00e0 Croix, ouvert le feu sur des policiers alors qu\u2019il venait r\u00e9cup\u00e9rer une Audi 90 vol\u00e9e par le groupe. L\u2019un des deux policiers avait \u00e9t\u00e9 bless\u00e9 par balle. Les faits \u00ab sont anciens \u00bb mais, \u00ab pour les victimes, ce pass\u00e9 est extr\u00eamement pr\u00e9sent \u00bb, avait affirm\u00e9 vendredi l\u2019avocat g\u00e9n\u00e9ral.<\/p>\n<p class=\"paragraph text_align_left lp-f-body-02\">Selon les enqu\u00eateurs, son ADN a \u00e9t\u00e9 retrouv\u00e9 \u00e0 proximit\u00e9 du lieu de la fusillade du 27 janvier, lors de laquelle il aurait \u00e9t\u00e9 bless\u00e9.<\/p>\n","protected":false},"excerpt":{"rendered":"Il \u00e9tait l\u2019un des derniers membres retrouv\u00e9 du \u00ab Gang de Roubaix \u00bb. Interpell\u00e9 en ao\u00fbt 2023, apr\u00e8s&hellip;\n","protected":false},"author":2,"featured_media":494134,"comment_status":"","ping_status":"","sticky":false,"template":"","format":"standard","meta":{"footnotes":""},"categories":[2815],"tags":[1111,11,459,1777,674,118,1011,27,811,1307,12,25],"class_list":{"0":"post-494133","1":"post","2":"type-post","3":"status-publish","4":"format-standard","5":"has-post-thumbnail","7":"category-lille","8":"tag-actu","9":"tag-actualites","10":"tag-departements-horsidfo","11":"tag-eu","12":"tag-europe","13":"tag-faits-divers","14":"tag-fr","15":"tag-france","16":"tag-hauts-de-france","17":"tag-lille","18":"tag-news","19":"tag-republique-francaise"},"share_on_mastodon":{"url":"https:\/\/pubeurope.com\/@fr\/115448579646227460","error":""},"_links":{"self":[{"href":"https:\/\/www.europesays.com\/fr\/wp-json\/wp\/v2\/posts\/494133","targetHints":{"allow":["GET"]}}],"collection":[{"href":"https:\/\/www.europesays.com\/fr\/wp-json\/wp\/v2\/posts"}],"about":[{"href":"https:\/\/www.europesays.com\/fr\/wp-json\/wp\/v2\/types\/post"}],"author":[{"embeddable":true,"href":"https:\/\/www.europesays.com\/fr\/wp-json\/wp\/v2\/users\/2"}],"replies":[{"embeddable":true,"href":"https:\/\/www.europesays.com\/fr\/wp-json\/wp\/v2\/comments?post=494133"}],"version-history":[{"count":0,"href":"https:\/\/www.europesays.com\/fr\/wp-json\/wp\/v2\/posts\/494133\/revisions"}],"wp:featuredmedia":[{"embeddable":true,"href":"https:\/\/www.europesays.com\/fr\/wp-json\/wp\/v2\/media\/494134"}],"wp:attachment":[{"href":"https:\/\/www.europesays.com\/fr\/wp-json\/wp\/v2\/media?parent=494133"}],"wp:term":[{"taxonomy":"category","embeddable":true,"href":"https:\/\/www.europesays.com\/fr\/wp-json\/wp\/v2\/categories?post=494133"},{"taxonomy":"post_tag","embeddable":true,"href":"https:\/\/www.europesays.com\/fr\/wp-json\/wp\/v2\/tags?post=494133"}],"curies":[{"name":"wp","href":"https:\/\/api.w.org\/{rel}","templated":true}]}}