{"id":494137,"date":"2025-10-27T22:52:10","date_gmt":"2025-10-27T22:52:10","guid":{"rendered":"https:\/\/www.europesays.com\/fr\/494137\/"},"modified":"2025-10-27T22:52:10","modified_gmt":"2025-10-27T22:52:10","slug":"jay-jay-johanson-retrouve-la-scene-de-lespace-julien","status":"publish","type":"post","link":"https:\/\/www.europesays.com\/fr\/494137\/","title":{"rendered":"Jay-Jay Johanson retrouve la sc\u00e8ne de l&rsquo;Espace Julien"},"content":{"rendered":"<p>So Tell the Girls That I Am Back in Town : l&rsquo;un des premiers tubes de<a href=\"https:\/\/laprovence.com\/article\/loisirs\/34599\/jay-jay-johanson-retour-aux-sources.html\" target=\"_blank\" rel=\"noopener\"> Jay-Jay Johanson<\/a> est d&rsquo;actualit\u00e9 cette semaine. Le chanteur su\u00e9dois \u00e0 la voix de crooner et aux sons pop ind\u00e9 qui flirtent avec le trip hop, revient dans notre ville ce mercredi 29 octobre. On se souvient de sa premi\u00e8re venue, apr\u00e8s la sortie de son premier album Whiskey qui date de 1996, sur la sc\u00e8ne du Poste \u00e0 Gal\u00e8ne. Puis sur celle de l&rsquo;Espace Julien justement, pour son deuxi\u00e8me opus, Tattoo (1998). Sans oublier un retour au PAG en 2011 et \u00e0 l&rsquo;Artplexe en 2023.<\/p>\n<p>C&rsquo;est avec un 15e album, Backstage, que Jay-Jay Johanson revient dans la cit\u00e9 phoc\u00e9enne. Un album fid\u00e8le \u00e0 ses sons et \u00e0 son univers, avec toutefois une petite particularit\u00e9 : un morceau enti\u00e8rement chant\u00e9 en fran\u00e7ais intitul\u00e9\u00a0Rimbaud. Il faut dire que les liens avec la France et son public fran\u00e7ais ont toujours \u00e9t\u00e9 forts et fid\u00e8les dans le temps. Jay-Jay passe de nombreux s\u00e9jours \u00e0 Paris et il n&rsquo;est pas rare de le voir dans le quartier de Saint-Germain-des-Pr\u00e9s o\u00f9 il a ses habitudes et fait r\u00e9guli\u00e8rement des showcases priv\u00e9s (Chez Castel, Bar Aristide&#8230;). Enregistr\u00e9 \u00e0 Stockholm pendant l&rsquo;hiver 2024, son dernier album a aussi \u00e9t\u00e9 masteris\u00e9 \u00e0 Paris, par &#8230;<\/p>\n","protected":false},"excerpt":{"rendered":"So Tell the Girls That I Am Back in Town : l&rsquo;un des premiers tubes de Jay-Jay Johanson&hellip;\n","protected":false},"author":2,"featured_media":494138,"comment_status":"","ping_status":"","sticky":false,"template":"","format":"standard","meta":{"footnotes":""},"categories":[2814],"tags":[17,1111,11,251,1777,674,1011,27,61661,61662,28935,30993,884,12,882,25,4256,7347],"class_list":{"0":"post-494137","1":"post","2":"type-post","3":"status-publish","4":"format-standard","5":"has-post-thumbnail","7":"category-marseille","8":"tag-17","9":"tag-actu","10":"tag-actualites","11":"tag-culture","12":"tag-eu","13":"tag-europe","14":"tag-fr","15":"tag-france","16":"tag-jay-jay","17":"tag-johanson","18":"tag-julien","19":"tag-lespace","20":"tag-marseille","21":"tag-news","22":"tag-provence-alpes-cote-dazur","23":"tag-republique-francaise","24":"tag-retrouve","25":"tag-scene"},"share_on_mastodon":{"url":"https:\/\/pubeurope.com\/@fr\/115448587538153924","error":""},"_links":{"self":[{"href":"https:\/\/www.europesays.com\/fr\/wp-json\/wp\/v2\/posts\/494137","targetHints":{"allow":["GET"]}}],"collection":[{"href":"https:\/\/www.europesays.com\/fr\/wp-json\/wp\/v2\/posts"}],"about":[{"href":"https:\/\/www.europesays.com\/fr\/wp-json\/wp\/v2\/types\/post"}],"author":[{"embeddable":true,"href":"https:\/\/www.europesays.com\/fr\/wp-json\/wp\/v2\/users\/2"}],"replies":[{"embeddable":true,"href":"https:\/\/www.europesays.com\/fr\/wp-json\/wp\/v2\/comments?post=494137"}],"version-history":[{"count":0,"href":"https:\/\/www.europesays.com\/fr\/wp-json\/wp\/v2\/posts\/494137\/revisions"}],"wp:featuredmedia":[{"embeddable":true,"href":"https:\/\/www.europesays.com\/fr\/wp-json\/wp\/v2\/media\/494138"}],"wp:attachment":[{"href":"https:\/\/www.europesays.com\/fr\/wp-json\/wp\/v2\/media?parent=494137"}],"wp:term":[{"taxonomy":"category","embeddable":true,"href":"https:\/\/www.europesays.com\/fr\/wp-json\/wp\/v2\/categories?post=494137"},{"taxonomy":"post_tag","embeddable":true,"href":"https:\/\/www.europesays.com\/fr\/wp-json\/wp\/v2\/tags?post=494137"}],"curies":[{"name":"wp","href":"https:\/\/api.w.org\/{rel}","templated":true}]}}