{"id":494143,"date":"2025-10-27T22:55:34","date_gmt":"2025-10-27T22:55:34","guid":{"rendered":"https:\/\/www.europesays.com\/fr\/494143\/"},"modified":"2025-10-27T22:55:34","modified_gmt":"2025-10-27T22:55:34","slug":"economie-avec-son-airbus-a350-emirates-renforce-les-liens-economiques-entre-lyon-et-dubai","status":"publish","type":"post","link":"https:\/\/www.europesays.com\/fr\/494143\/","title":{"rendered":"\u00c9conomie. Avec son Airbus A350, Emirates renforce les liens \u00e9conomiques entre Lyon et Duba\u00ef"},"content":{"rendered":"<p>Six heures de vol s\u00e9parent chaque jour Lyon et Duba\u00ef. Une liaison qui, depuis 2012, s\u2019est transform\u00e9e en v\u00e9ritable passerelle \u00e9conomique entre la r\u00e9gion Auvergne-Rh\u00f4ne-Alpes et les \u00c9mirats arabes unis. Treize ans apr\u00e8s le son lancement, Emirates a franchi une nouvelle \u00e9tape avec l\u2019introduction, le 1er\u00a0juin dernier, de son tout nouvel Airbus A350 sur la ligne Lyon-Duba\u00ef. \u00ab\u00a0Cette liaison est strat\u00e9gique pour Emirates et elle ne cesse de gagner en altitude\u00a0\u00bb, indique au Progr\u00e8s C\u00e9dric Renard, directeur g\u00e9n\u00e9ral d\u2019Emirates France. \u00ab\u00a0Nous avons toujours fait les choses de fa\u00e7on progressive et rationnelle, en accompagnant la mont\u00e9e en&#8230;<\/p>\n","protected":false},"excerpt":{"rendered":"Six heures de vol s\u00e9parent chaque jour Lyon et Duba\u00ef. Une liaison qui, depuis 2012, s\u2019est transform\u00e9e en&hellip;\n","protected":false},"author":2,"featured_media":494144,"comment_status":"","ping_status":"","sticky":false,"template":"","format":"standard","meta":{"footnotes":""},"categories":[1889],"tags":[1111,11,2430,33,2757,1777,674,1011,27,2428,2756,12,25,2429,3151,104,2803],"class_list":{"0":"post-494143","1":"post","2":"type-post","3":"status-publish","4":"format-standard","5":"has-post-thumbnail","7":"category-lyon","8":"tag-actu","9":"tag-actualites","10":"tag-auvergne-rhone-alpes","11":"tag-economie","12":"tag-edition-lyon-villeurbanne","13":"tag-eu","14":"tag-europe","15":"tag-fr","16":"tag-france","17":"tag-lyon","18":"tag-lyon-bassin","19":"tag-news","20":"tag-republique-francaise","21":"tag-rhone","22":"tag-selection-de-la-redaction-69","23":"tag-societe","24":"tag-transport"},"share_on_mastodon":{"url":"https:\/\/pubeurope.com\/@fr\/115448599217296896","error":""},"_links":{"self":[{"href":"https:\/\/www.europesays.com\/fr\/wp-json\/wp\/v2\/posts\/494143","targetHints":{"allow":["GET"]}}],"collection":[{"href":"https:\/\/www.europesays.com\/fr\/wp-json\/wp\/v2\/posts"}],"about":[{"href":"https:\/\/www.europesays.com\/fr\/wp-json\/wp\/v2\/types\/post"}],"author":[{"embeddable":true,"href":"https:\/\/www.europesays.com\/fr\/wp-json\/wp\/v2\/users\/2"}],"replies":[{"embeddable":true,"href":"https:\/\/www.europesays.com\/fr\/wp-json\/wp\/v2\/comments?post=494143"}],"version-history":[{"count":0,"href":"https:\/\/www.europesays.com\/fr\/wp-json\/wp\/v2\/posts\/494143\/revisions"}],"wp:featuredmedia":[{"embeddable":true,"href":"https:\/\/www.europesays.com\/fr\/wp-json\/wp\/v2\/media\/494144"}],"wp:attachment":[{"href":"https:\/\/www.europesays.com\/fr\/wp-json\/wp\/v2\/media?parent=494143"}],"wp:term":[{"taxonomy":"category","embeddable":true,"href":"https:\/\/www.europesays.com\/fr\/wp-json\/wp\/v2\/categories?post=494143"},{"taxonomy":"post_tag","embeddable":true,"href":"https:\/\/www.europesays.com\/fr\/wp-json\/wp\/v2\/tags?post=494143"}],"curies":[{"name":"wp","href":"https:\/\/api.w.org\/{rel}","templated":true}]}}