{"id":494172,"date":"2025-10-27T23:13:12","date_gmt":"2025-10-27T23:13:12","guid":{"rendered":"https:\/\/www.europesays.com\/fr\/494172\/"},"modified":"2025-10-27T23:13:12","modified_gmt":"2025-10-27T23:13:12","slug":"en-mettant-aux-encheres-ses-maillots-dechauffement-roses-le-mhsc-vb-sengage-pour-octobre-rose","status":"publish","type":"post","link":"https:\/\/www.europesays.com\/fr\/494172\/","title":{"rendered":"En mettant aux ench\u00e8res ses maillots d\u2019\u00e9chauffement roses, le MHSC VB s\u2019engage pour Octobre Rose"},"content":{"rendered":"<p>\n                                                                Face \u00e0 Tourcoing, les joueurs porteront un magnifique maillot avant le d\u00e9but du match. La recette des ventes sera revers\u00e9e \u00e0 la Ligue contre le cancer.\n                            <\/p>\n<p>Chaque saison \u00e0 la m\u00eame p\u00e9riode, le club de volley-ball de Montpellier s\u2019engage en faveur de la lutte contre le cancer du sein dans le cadre du programme Octobre rose.<\/p>\n<p>Cette ann\u00e9e, les dirigeants ont choisi de mettre aux ench\u00e8res des maillots d\u2019\u00e9chauffement roses que porteront les joueurs avant le choc du championnat contre Tourcoing, mardi (20h).<\/p>\n<p>17 exemplaires seulement<\/p>\n<p>Nicolas Le Goff, double champion olympique avec les Bleus, et ses partenaires, porteront ce t-shirt \u00e9dition limit\u00e9e Octobre Rose 2025 qui existe en seulement 17 exemplaires.<\/p>\n<p>Ces maillots \u00e0 d\u00e9couvrir sur le parquet du Palais des sports de Castelnau-le-Lez \u00e0 partir de 19h seront ensuite mis aux ench\u00e8res pendant le mois de novembre et l\u2019ensemble des gains seront revers\u00e9s \u00e0 la Ligue contre le cancer.<\/p>\n","protected":false},"excerpt":{"rendered":"Face \u00e0 Tourcoing, les joueurs porteront un magnifique maillot avant le d\u00e9but du match. La recette des ventes&hellip;\n","protected":false},"author":2,"featured_media":494173,"comment_status":"","ping_status":"","sticky":false,"template":"","format":"standard","meta":{"footnotes":""},"categories":[1417],"tags":[1011,27,60,1470,1469],"class_list":{"0":"post-494172","1":"post","2":"type-post","3":"status-publish","4":"format-standard","5":"has-post-thumbnail","7":"category-volley","8":"tag-fr","9":"tag-france","10":"tag-sports","11":"tag-volley","12":"tag-volleyball"},"share_on_mastodon":{"url":"https:\/\/pubeurope.com\/@fr\/115448670007627152","error":""},"_links":{"self":[{"href":"https:\/\/www.europesays.com\/fr\/wp-json\/wp\/v2\/posts\/494172","targetHints":{"allow":["GET"]}}],"collection":[{"href":"https:\/\/www.europesays.com\/fr\/wp-json\/wp\/v2\/posts"}],"about":[{"href":"https:\/\/www.europesays.com\/fr\/wp-json\/wp\/v2\/types\/post"}],"author":[{"embeddable":true,"href":"https:\/\/www.europesays.com\/fr\/wp-json\/wp\/v2\/users\/2"}],"replies":[{"embeddable":true,"href":"https:\/\/www.europesays.com\/fr\/wp-json\/wp\/v2\/comments?post=494172"}],"version-history":[{"count":0,"href":"https:\/\/www.europesays.com\/fr\/wp-json\/wp\/v2\/posts\/494172\/revisions"}],"wp:featuredmedia":[{"embeddable":true,"href":"https:\/\/www.europesays.com\/fr\/wp-json\/wp\/v2\/media\/494173"}],"wp:attachment":[{"href":"https:\/\/www.europesays.com\/fr\/wp-json\/wp\/v2\/media?parent=494172"}],"wp:term":[{"taxonomy":"category","embeddable":true,"href":"https:\/\/www.europesays.com\/fr\/wp-json\/wp\/v2\/categories?post=494172"},{"taxonomy":"post_tag","embeddable":true,"href":"https:\/\/www.europesays.com\/fr\/wp-json\/wp\/v2\/tags?post=494172"}],"curies":[{"name":"wp","href":"https:\/\/api.w.org\/{rel}","templated":true}]}}