{"id":494187,"date":"2025-10-27T23:25:13","date_gmt":"2025-10-27T23:25:13","guid":{"rendered":"https:\/\/www.europesays.com\/fr\/494187\/"},"modified":"2025-10-27T23:25:13","modified_gmt":"2025-10-27T23:25:13","slug":"natasha-st-pier-bientot-naturalisee-francaise-jai-passe-tous-les-examens-cest-dans-les-tuyaux","status":"publish","type":"post","link":"https:\/\/www.europesays.com\/fr\/494187\/","title":{"rendered":"Natasha St-Pier bient\u00f4t naturalis\u00e9e Fran\u00e7aise\u00a0? \u00ab\u00a0J&rsquo;ai pass\u00e9 tous les examens, c&rsquo;est dans les tuyaux\u00a0!\u00a0\u00bb"},"content":{"rendered":"<p class=\"text-left ap-StoryElement ap-StoryElement--mb ap-StoryText\">Bien qu&rsquo;elle soit tr\u00e8s connue en France, Natasha St-Pier est une chanteuse canadienne, comme beaucoup de personnes le savent. Mais elle a r\u00e9cemment demand\u00e9 \u00e0 avoir la nationalit\u00e9 fran\u00e7aise. Ce lundi 27 octobre 2025, sur Europe 1, elle a racont\u00e9 comment cela s&rsquo;\u00e9tait pass\u00e9.<\/p>\n<p class=\"text-left ap-StoryElement ap-StoryElement--mb ap-StoryText\">Ce n&rsquo;est pas la premi\u00e8re fois qu&rsquo;elle \u00e9voque son envie d&rsquo;obtenir la nationalit\u00e9 fran\u00e7aise et le long processus, commenc\u00e9 en 2024, que cela demande, comme le rappelle Voici. Dans l&rsquo;\u00e9mission \u00ab\u00a0Culture M\u00e9dias\u00a0\u00bb, ce lundi matin, elle a donn\u00e9 plus de d\u00e9tail sur celui-ci. \u00ab\u00a0J&rsquo;ai rempli tous les documents, j&rsquo;ai pass\u00e9 tous les examens, et c&rsquo;est dans les tuyaux !\u00a0\u00bb, a-t-elle expliqu\u00e9.<\/p>\n","protected":false},"excerpt":{"rendered":"Bien qu&rsquo;elle soit tr\u00e8s connue en France, Natasha St-Pier est une chanteuse canadienne, comme beaucoup de personnes le&hellip;\n","protected":false},"author":2,"featured_media":494188,"comment_status":"","ping_status":"","sticky":false,"template":"","format":"standard","meta":{"footnotes":""},"categories":[1355],"tags":[61666,2704,58,59,1011,27,1361,873,13783,11683,374],"class_list":{"0":"post-494187","1":"post","2":"type-post","3":"status-publish","4":"format-standard","5":"has-post-thumbnail","7":"category-musique","8":"tag-canadienne","9":"tag-chanteuse","10":"tag-divertissement","11":"tag-entertainment","12":"tag-fr","13":"tag-france","14":"tag-music","15":"tag-musique","16":"tag-natasha-st-pier","17":"tag-nationalite-francaise","18":"tag-test"},"share_on_mastodon":{"url":"https:\/\/pubeurope.com\/@fr\/115448717310938221","error":""},"_links":{"self":[{"href":"https:\/\/www.europesays.com\/fr\/wp-json\/wp\/v2\/posts\/494187","targetHints":{"allow":["GET"]}}],"collection":[{"href":"https:\/\/www.europesays.com\/fr\/wp-json\/wp\/v2\/posts"}],"about":[{"href":"https:\/\/www.europesays.com\/fr\/wp-json\/wp\/v2\/types\/post"}],"author":[{"embeddable":true,"href":"https:\/\/www.europesays.com\/fr\/wp-json\/wp\/v2\/users\/2"}],"replies":[{"embeddable":true,"href":"https:\/\/www.europesays.com\/fr\/wp-json\/wp\/v2\/comments?post=494187"}],"version-history":[{"count":0,"href":"https:\/\/www.europesays.com\/fr\/wp-json\/wp\/v2\/posts\/494187\/revisions"}],"wp:featuredmedia":[{"embeddable":true,"href":"https:\/\/www.europesays.com\/fr\/wp-json\/wp\/v2\/media\/494188"}],"wp:attachment":[{"href":"https:\/\/www.europesays.com\/fr\/wp-json\/wp\/v2\/media?parent=494187"}],"wp:term":[{"taxonomy":"category","embeddable":true,"href":"https:\/\/www.europesays.com\/fr\/wp-json\/wp\/v2\/categories?post=494187"},{"taxonomy":"post_tag","embeddable":true,"href":"https:\/\/www.europesays.com\/fr\/wp-json\/wp\/v2\/tags?post=494187"}],"curies":[{"name":"wp","href":"https:\/\/api.w.org\/{rel}","templated":true}]}}