{"id":494190,"date":"2025-10-27T23:27:17","date_gmt":"2025-10-27T23:27:17","guid":{"rendered":"https:\/\/www.europesays.com\/fr\/494190\/"},"modified":"2025-10-27T23:27:17","modified_gmt":"2025-10-27T23:27:17","slug":"les-soins-de-support-une-approche-meconnue-pourtant-validee-par-la-science","status":"publish","type":"post","link":"https:\/\/www.europesays.com\/fr\/494190\/","title":{"rendered":"les soins de support, une approche m\u00e9connue pourtant valid\u00e9e par la science"},"content":{"rendered":"<p>    Les soins de support regroupent l\u2019ensemble des interventions m\u00e9dicales, psychologiques, sociales apport\u00e9es aux patients, pendant et apr\u00e8s les traitements anticanc\u00e9reux.<br \/>\n                NDABCREATIVITY &#8211; stock.adobe.com<\/p>\n<p>\n    <strong>D\u00c9CRYPTAGE <\/strong>&#8211; Gestion de la douleur, assistance psychologique, nutrition, activit\u00e9 physique&#8230; Ces soins s\u2019imposent aujourd\u2019hui comme un v\u00e9ritable pilier dans l\u2019accompagnement global des patients atteints de cancer.<\/p>\n<p class=\"fig-paragraph\"><a href=\"http:\/\/www.lefigaro.fr\/sciences\/dossier\/cancer-guerir-maladie-immunotherapie-chimiotherapie-cellules-cancereuses-sante\" data-fig-type=\"Topic\" data-gtm-custom-categorie=\"navigation\" data-gtm-custom-action=\"crossclick\" data-gtm-custom-label=\"Contextuel\" data-gtm-event=\"customEventSPE\" data-fig-domain=\"LEFIGARO\" target=\"_blank\" rel=\"noopener\">Lorsque l\u2019on parle de cancer<\/a>, les premiers traitements qui viennent \u00e0 l\u2019esprit sont souvent la chirurgie, la chimioth\u00e9rapie, la radioth\u00e9rapie ou encore\u00a0<a href=\"http:\/\/sante.lefigaro.fr\/medecine\/cancer-adapter-l-immunotherapie-a-la-vie-des-malades-peut-la-rendre-plus-efficace-20250604\" data-fig-type=\"Article\" data-gtm-custom-categorie=\"navigation\" data-gtm-custom-action=\"crossclick\" data-gtm-custom-label=\"Contextuel\" data-gtm-event=\"customEventSPE\" data-fig-domain=\"SANTE\" target=\"_blank\" rel=\"noopener\">l\u2019immunoth\u00e9rapie<\/a>. Pourtant, derri\u00e8re ces approches m\u00e9dicales souvent \u00e9prouvantes, se cache un autre pan essentiel de la prise en charge\u00a0: les soins dits de support. Longtemps per\u00e7us comme accessoires, ils s\u2019imposent aujourd\u2019hui comme un v\u00e9ritable pilier dans l\u2019accompagnement global des patients atteints de cancer.<\/p>\n<p class=\"fig-paragraph\">Bien plus qu\u2019un simple soutien, ils constituent une approche th\u00e9rapeutique \u00e0 part enti\u00e8re, valid\u00e9e scientifiquement \u2013 mais encore largement m\u00e9connue. Que recouvre donc ce terme un peu technique et souvent mal compris\u00a0? \u00ab\u00a0Beaucoup de patients confondent\u00a0<a href=\"https:\/\/www.lefigaro.fr\/sciences\/cancer-inegalites-face-aux-soins-de-support-20220920\" data-fig-type=\"Article\" data-gtm-custom-categorie=\"navigation\" data-gtm-custom-action=\"crossclick\" data-gtm-custom-label=\"Contextuel\" data-gtm-event=\"customEventSPE\" data-fig-domain=\"LEFIGARO\" target=\"_blank\" rel=\"noopener\">les soins de support<\/a> \u00a0avec les soins palliatifs alors qu\u2019il s\u2019agit de deux choses diff\u00e9rentes\u00a0\u00bb, pr\u00e9cise le Dr\u00a0Didier Mayeur, oncologue \u00e0 Dijon et pr\u00e9sident de l\u2019Association francophone des soins oncologiques de support (Afsos).<\/p>\n<p>Am\u00e9liorer la qualit\u00e9 de vie<\/p>\n<p class=\"fig-paragraph\">Concr\u00e8tement, les soins de support regroupent\u2026<\/p>\n<p class=\"fig-premium-paywall__infos\">\n        Cet article est r\u00e9serv\u00e9 aux abonn\u00e9s.        Il vous reste 87% \u00e0 d\u00e9couvrir.\n    <\/p>\n<p>                <img  data- alt=\"Le Figaro\" class=\"fig-img--complete fig-img\"\/><\/p>\n<p class=\"fig-premium-paywall__title\">Vous avez envie de lire la suite ?<\/p>\n<p class=\"fig-premium-paywall__subtitle\">D\u00e9bloquez tous les articles imm\u00e9diatement.<\/p>\n<p class=\"fig-premium-paywall__connect\">\n                D\u00e9j\u00e0 abonn\u00e9\u00a0?                <a class=\"fig-premium-paywall__connect-link\" href=\"https:\/\/connect.lefigaro.fr\/login?client=sante_web&amp;type=main&amp;redirect_uri=https%3A%2F%2Fsante.lefigaro.fr%2Fsocial%2Fsante-publique%2Fcancer-les-soins-de-support-une-approche-meconnue-pourtant-validee-par-la-science-20251027\" data-js-gtm=\"{&quot;customCategorie&quot;: &quot;conversion&quot;, &quot;customAction&quot;: &quot;before_Landing_Connexion_paywall_auto&quot;, &quot;customLabel&quot;: &quot;c2FudGUubGVmaWdhcm8uZnJfXzFmMDg4MDMyLTdlNjAtNmQ5ZS1hNGFmLTkxNzNkYzNmNDhhZV9fQXJ0aWNsZQ==_Cancer\u00a0: les soins de support, une approche m\u00e9connue pourtant valid\u00e9e par la science_37&quot;, &quot;customIDSPE&quot;: &quot;c2FudGUubGVmaWdhcm8uZnJfXzFmMDg4MDMyLTdlNjAtNmQ5ZS1hNGFmLTkxNzNkYzNmNDhhZV9fQXJ0aWNsZQ==&quot;, &quot;event&quot;: &quot;customEventSPE&quot;}\" target=\"_blank\" rel=\"noopener\"><br \/>\n                    Connectez-vous<br \/>\n                <\/a>\n            <\/p>\n","protected":false},"excerpt":{"rendered":"Les soins de support regroupent l\u2019ensemble des interventions m\u00e9dicales, psychologiques, sociales apport\u00e9es aux patients, pendant et apr\u00e8s les&hellip;\n","protected":false},"author":2,"featured_media":494191,"comment_status":"","ping_status":"","sticky":false,"template":"","format":"standard","meta":{"footnotes":""},"categories":[10],"tags":[41338,1011,27,72,37023,71],"class_list":{"0":"post-494190","1":"post","2":"type-post","3":"status-publish","4":"format-standard","5":"has-post-thumbnail","7":"category-sante","8":"tag-cancer-presentation-generale","9":"tag-fr","10":"tag-france","11":"tag-health","12":"tag-pratiquer-une-activite-physique","13":"tag-sante"},"share_on_mastodon":{"url":"https:\/\/pubeurope.com\/@fr\/115448725096480270","error":""},"_links":{"self":[{"href":"https:\/\/www.europesays.com\/fr\/wp-json\/wp\/v2\/posts\/494190","targetHints":{"allow":["GET"]}}],"collection":[{"href":"https:\/\/www.europesays.com\/fr\/wp-json\/wp\/v2\/posts"}],"about":[{"href":"https:\/\/www.europesays.com\/fr\/wp-json\/wp\/v2\/types\/post"}],"author":[{"embeddable":true,"href":"https:\/\/www.europesays.com\/fr\/wp-json\/wp\/v2\/users\/2"}],"replies":[{"embeddable":true,"href":"https:\/\/www.europesays.com\/fr\/wp-json\/wp\/v2\/comments?post=494190"}],"version-history":[{"count":0,"href":"https:\/\/www.europesays.com\/fr\/wp-json\/wp\/v2\/posts\/494190\/revisions"}],"wp:featuredmedia":[{"embeddable":true,"href":"https:\/\/www.europesays.com\/fr\/wp-json\/wp\/v2\/media\/494191"}],"wp:attachment":[{"href":"https:\/\/www.europesays.com\/fr\/wp-json\/wp\/v2\/media?parent=494190"}],"wp:term":[{"taxonomy":"category","embeddable":true,"href":"https:\/\/www.europesays.com\/fr\/wp-json\/wp\/v2\/categories?post=494190"},{"taxonomy":"post_tag","embeddable":true,"href":"https:\/\/www.europesays.com\/fr\/wp-json\/wp\/v2\/tags?post=494190"}],"curies":[{"name":"wp","href":"https:\/\/api.w.org\/{rel}","templated":true}]}}