{"id":494195,"date":"2025-10-27T23:30:21","date_gmt":"2025-10-27T23:30:21","guid":{"rendered":"https:\/\/www.europesays.com\/fr\/494195\/"},"modified":"2025-10-27T23:30:21","modified_gmt":"2025-10-27T23:30:21","slug":"ce-que-les-scientifiques-decouvrent-aujourdhui-dans-le-calendrier-maya-depasse-toutes-les-attentes","status":"publish","type":"post","link":"https:\/\/www.europesays.com\/fr\/494195\/","title":{"rendered":"Ce que les scientifiques d\u00e9couvrent aujourd\u2019hui dans le calendrier maya d\u00e9passe toutes les attentes"},"content":{"rendered":"<p>Astronomie, math\u00e9matiques, calendriers, architecture, m\u00e9decine&#8230; Les <a href=\"https:\/\/www.futura-sciences.com\/sciences\/questions-reponses\/histoire-etes-vous-incollable-histoire-mayas-azteques-incas-19321\/\" title=\"\u00cates-vous incollable sur l&#039;histoire des Mayas, des Azt\u00e8ques et des Incas ?\" rel=\"nofollow noopener\" target=\"_blank\">Mayas<\/a> comptent parmi les civilisations les plus \u00e9rudites du continent am\u00e9ricain. Leur approche du savoir reposait sur une observation syst\u00e9matique du monde naturel, combin\u00e9e \u00e0 une profonde dimension symbolique et religieuse. Loin d&rsquo;\u00eatre mystiques au sens na\u00eff du terme, leurs connaissances scientifiques \u00e9taient empiriques, rigoureuses et \u00e9tonnamment pr\u00e9cises.<\/p>\n<p>Le codex de Dresde, t\u00e9moignage pr\u00e9cieux des connaissances mayas<\/p>\n<p>L&rsquo;un des plus fascinants t\u00e9moins de ce savoir est le codex de Dresde, un manuscrit pr\u00e9colombien d&rsquo;une valeur inestimable. Il s&rsquo;agit de l&rsquo;un des quatre codex <a href=\"https:\/\/www.futura-sciences.com\/tech\/definitions\/logiciels-maya-27290\/\" rel=\"nofollow noopener\" target=\"_blank\">mayas<\/a> connus \u00e0 avoir surv\u00e9cu \u00e0 la destruction syst\u00e9matique des livres <a href=\"https:\/\/www.futura-sciences.com\/planete\/definitions\/zoologie-indigene-2304\/\" rel=\"nofollow noopener\" target=\"_blank\">indig\u00e8nes<\/a> par les <a href=\"https:\/\/www.futura-sciences.com\/sciences\/questions-reponses\/histoire-histoire-colonisation-espagnole-amerique-xvie-siecle-10823\/\" title=\"Histoire de la colonisation espagnole de l&#039;Am\u00e9rique au XVIe si\u00e8cle\" rel=\"nofollow noopener\" target=\"_blank\">colons espagnols au XVI\u1d49 si\u00e8cle<\/a>.<\/p>\n<p>Ce livre pli\u00e9 en accord\u00e9on compte 39 feuillets d&rsquo;\u00e9corce recouverts de hi\u00e9roglyphes et d&rsquo;illustrations color\u00e9es. Copi\u00e9 probablement entre le XIII\u1d49 et le XIV\u1d49 si\u00e8cle, il compile des connaissances beaucoup plus anciennes, remontant \u00e0 la p\u00e9riode classique maya (250-900 ap. J.-C.). Conserv\u00e9 aujourd&rsquo;hui \u00e0 la Biblioth\u00e8que d&rsquo;\u00c9tat de Saxe, \u00e0 Dresde, il constitue une source majeure pour la compr\u00e9hension des math\u00e9matiques et de l&rsquo;astronomie mayas.<\/p>\n<p class=\"fs-media\">\n<p><img decoding=\"async\" data-imgid=\"full\" src=\"https:\/\/www.europesays.com\/fr\/wp-content\/uploads\/2025\/10\/Dresden_Codex_page.jpg\" width=\"1080\" height=\"1404\" alt=\"\" loading=\"lazy\"\/><br \/>\nExemple d&rsquo;une page du codex de Dresde et ses hi\u00e9roglyphes. \u00a9 Flickr Ariaski, Wikimedia Commons, CC BY 2.0<\/p>\n<p>Depuis plus d&rsquo;un si\u00e8cle, le codex intrigue les chercheurs par la pr\u00e9cision de ses tables astronomiques, notamment celles relatives aux <a href=\"https:\/\/www.futura-sciences.com\/sciences\/actualites\/eclipse-soleil-differentes-interpretations-eclipses-soleil-histoire-112289\/\" title=\"Les diff\u00e9rentes interpr\u00e9tations des \u00e9clipses du Soleil dans l\u2019histoire\" rel=\"nofollow noopener\" target=\"_blank\">\u00e9clipses<\/a>. Une \u00e9tude r\u00e9cente publi\u00e9e\u00a0dans la revue <a href=\"https:\/\/www.science.org\/doi\/10.1126\/sciadv.adt9039\" title=\"The design and reconstructible history of the Mayan eclipse table of the Dresden Codex\" rel=\"nofollow noopener\" target=\"_blank\">Science Advances<\/a> a permis de r\u00e9interpr\u00e9ter en profondeur ces myst\u00e9rieuses tables.<\/p>\n<p>Contrairement \u00e0 ce que l&rsquo;on pensait depuis longtemps, les Mayas n&rsquo;auraient pas con\u00e7u ces tables dans le but premier de pr\u00e9dire les <a href=\"https:\/\/www.futura-sciences.com\/sciences\/definitions\/univers-eclipse-soleil-921\/\" rel=\"nofollow noopener\" target=\"_blank\">\u00e9clipses solaires<\/a>. Celles-ci seraient en r\u00e9alit\u00e9 une cons\u00e9quence indirecte d&rsquo;un syst\u00e8me plus vaste d&rsquo;harmonisation des cycles calendaires.<\/p>\n<p>Une harmonisation entre calendriers, lunaire\u00a0et rituel<\/p>\n<p>Les chercheurs ont montr\u00e9 que ces calculs d\u00e9coulaient de la superposition de deux calendriers essentiels de la civilisation maya :<\/p>\n<ul>\n<li>le <a href=\"https:\/\/www.futura-sciences.com\/sciences\/actualites\/archeologie-cette-pierre-gravee-il-y-10000-ans-serait-plus-ancien-calendrier-lunaire-77044\/\" title=\"Cette pierre grav\u00e9e il y a 10.000 ans serait le plus ancien calendrier lunaire\" rel=\"nofollow noopener\" target=\"_blank\">calendrier lunaire<\/a>, fond\u00e9 sur les cycles de la Lune ;<\/li>\n<li>le calendrier rituel de 260 jours, appel\u00e9 Tzolk&rsquo;in.<\/li>\n<\/ul>\n<p>En ajustant les deux syst\u00e8mes pour qu&rsquo;ils s&rsquo;accordent, les scribes mayas ont d\u00e9couvert qu&rsquo;ils pouvaient rep\u00e9rer les intervalles o\u00f9 se produisaient des \u00e9clipses &#8211; non pas par hasard, mais comme un effet <a href=\"https:\/\/www.futura-sciences.com\/planete\/definitions\/zoologie-emergence-8743\/\" rel=\"nofollow noopener\" target=\"_blank\">\u00e9mergent<\/a> de la coh\u00e9rence interne de leur syst\u00e8me temporel.<\/p>\n<p class=\"fs-media\">\n<p><img decoding=\"async\" data-imgid=\"full\" src=\"https:\/\/www.europesays.com\/fr\/wp-content\/uploads\/2025\/10\/codex_dresde_eclipses.jpg\" width=\"1080\" height=\"328\" alt=\"\" loading=\"lazy\"\/><br \/>\nEn rouge, les tables correspondant aux \u00e9clipses solaires dans le Codex. \u00a9 Justeson et Lowry, 2025, Science Advances<\/p>\n<p>L&rsquo;\u00e9tude apporte \u00e9galement une r\u00e9ponse au myst\u00e8re de la pr\u00e9cision exceptionnelle des pr\u00e9dictions mayas sur des p\u00e9riodes d\u00e9passant plusieurs si\u00e8cles. Plut\u00f4t que de se contenter d&rsquo;un seul cycle avant d&rsquo;en commencer un autre, les Mayas utilisaient une m\u00e9thode de calcul cumulative : plusieurs tables se superposaient et permettaient de corriger progressivement les petites erreurs dues \u00e0 la d\u00e9rive naturelle des cycles astronomiques.<\/p>\n<p>Ce syst\u00e8me, fond\u00e9 sur la redondance et l&rsquo;ajustement, leur offrait une pr\u00e9cision remarquable, proche de celle obtenue par les outils math\u00e9matiques modernes.<\/p>\n<p>Un v\u00e9ritable trait\u00e9 scientifique et spirituel<\/p>\n<p>Cette d\u00e9couverte redonne toute sa complexit\u00e9 \u00e0 la science maya. Elle montre qu&rsquo;il ne s&rsquo;agissait pas d&rsquo;un savoir empirique isol\u00e9, mais d&rsquo;un v\u00e9ritable syst\u00e8me scientifique int\u00e9gr\u00e9, combinant observation, calcul et symbolisme cosmologique. Le codex de Dresde appara\u00eet ainsi comme un trait\u00e9 scientifique et spirituel, \u00e0 la fois calendrier, manuel d&rsquo;observation c\u00e9leste et document rituel.<\/p>\n<p>En r\u00e9v\u00e9lant que les Mayas avaient anticip\u00e9 les \u00e9clipses avec une exactitude comparable \u00e0 celle d&rsquo;<a href=\"https:\/\/www.futura-sciences.com\/formation\/metiers\/metiers-astronome-7\/\" rel=\"nofollow noopener\" target=\"_blank\">astronomes<\/a> modernes, cette \u00e9tude met en lumi\u00e8re la profondeur intellectuelle de leur civilisation. Loin d&rsquo;un simple peuple d&rsquo;observateurs, les Mayas furent de v\u00e9ritables penseurs du temps et du <a href=\"https:\/\/www.futura-sciences.com\/planete\/definitions\/botanique-cosmos-20076\/\" rel=\"nofollow noopener\" target=\"_blank\">cosmos<\/a>, dont les d\u00e9couvertes continuent, plus d&rsquo;un mill\u00e9naire plus tard, \u00e0 inspirer le respect et l&rsquo;admiration.<\/p>\n","protected":false},"excerpt":{"rendered":"Astronomie, math\u00e9matiques, calendriers, architecture, m\u00e9decine&#8230; Les Mayas comptent parmi les civilisations les plus \u00e9rudites du continent am\u00e9ricain. Leur&hellip;\n","protected":false},"author":2,"featured_media":494196,"comment_status":"","ping_status":"","sticky":false,"template":"","format":"standard","meta":{"footnotes":""},"categories":[7],"tags":[328,61667,61668,61669,50358,1011,27,43,40,41,39,42,44],"class_list":{"0":"post-494195","1":"post","2":"type-post","3":"status-publish","4":"format-standard","5":"has-post-thumbnail","7":"category-sciences-et-technologies","8":"tag-a-la-une","9":"tag-calendrier-maya","10":"tag-codex-de-dresde","11":"tag-cycles-astronomiques","12":"tag-eclipse","13":"tag-fr","14":"tag-france","15":"tag-science","16":"tag-science-and-technology","17":"tag-sciences","18":"tag-sciences-et-technologies","19":"tag-technologies","20":"tag-technology"},"share_on_mastodon":{"url":"https:\/\/pubeurope.com\/@fr\/115448737107769877","error":""},"_links":{"self":[{"href":"https:\/\/www.europesays.com\/fr\/wp-json\/wp\/v2\/posts\/494195","targetHints":{"allow":["GET"]}}],"collection":[{"href":"https:\/\/www.europesays.com\/fr\/wp-json\/wp\/v2\/posts"}],"about":[{"href":"https:\/\/www.europesays.com\/fr\/wp-json\/wp\/v2\/types\/post"}],"author":[{"embeddable":true,"href":"https:\/\/www.europesays.com\/fr\/wp-json\/wp\/v2\/users\/2"}],"replies":[{"embeddable":true,"href":"https:\/\/www.europesays.com\/fr\/wp-json\/wp\/v2\/comments?post=494195"}],"version-history":[{"count":0,"href":"https:\/\/www.europesays.com\/fr\/wp-json\/wp\/v2\/posts\/494195\/revisions"}],"wp:featuredmedia":[{"embeddable":true,"href":"https:\/\/www.europesays.com\/fr\/wp-json\/wp\/v2\/media\/494196"}],"wp:attachment":[{"href":"https:\/\/www.europesays.com\/fr\/wp-json\/wp\/v2\/media?parent=494195"}],"wp:term":[{"taxonomy":"category","embeddable":true,"href":"https:\/\/www.europesays.com\/fr\/wp-json\/wp\/v2\/categories?post=494195"},{"taxonomy":"post_tag","embeddable":true,"href":"https:\/\/www.europesays.com\/fr\/wp-json\/wp\/v2\/tags?post=494195"}],"curies":[{"name":"wp","href":"https:\/\/api.w.org\/{rel}","templated":true}]}}