{"id":494204,"date":"2025-10-27T23:35:21","date_gmt":"2025-10-27T23:35:21","guid":{"rendered":"https:\/\/www.europesays.com\/fr\/494204\/"},"modified":"2025-10-27T23:35:21","modified_gmt":"2025-10-27T23:35:21","slug":"le-dernier-survivant-ligerien-des-camps-sest-eteint","status":"publish","type":"post","link":"https:\/\/www.europesays.com\/fr\/494204\/","title":{"rendered":"le dernier survivant lig\u00e9rien des camps s&rsquo;est \u00e9teint"},"content":{"rendered":"<p>N\u00e9 \u00e0 Saint-Chamond en 1925, Philibert Couzon incarne l\u2019esprit de r\u00e9sistance. \u00ab\u00a0R\u00e9sistant \u00e0 17 ans, d\u00e9port\u00e9 \u00e0 19\u00a0\u00bb, comme l\u2019a rappel\u00e9 Paul Michel, pr\u00e9sident de la section locale de la L\u00e9gion d\u2019honneur, \u00ab\u00a0il s\u2019\u00e9tait engag\u00e9 totalement en combattant, diffusant, fabriquant et prot\u00e9geant\u00a0\u00bb.<\/p>\n<p>Son action la plus notable fut sa participation au sabotage du laminoir des Aci\u00e9ries, un acte de bravoure qui sauva Saint-Chamond du bombardement am\u00e9ricain. <a href=\"https:\/\/www.leprogres.fr\/societe\/2023\/04\/30\/philibert-couzon-dernier-deporte-ligerien-nos-camarades-epuises-etaient-acheves-par-les-balles-des-ss\" target=\"_blank\" rel=\"noopener\"> Arr\u00eat\u00e9 en mai\u00a01944<\/a>, il endura l\u2019indicible. Il confiait se souvenir du moindre d\u00e9tail de sa longue captivit\u00e9 et de la \u00ab\u00a0marche de la mort\u00a0\u00bb\u00a0: \u00ab\u00a0C\u2019\u00e9tait tr\u00e8s dur, on mourait de faim, de froid, des coups, j\u2019ai laiss\u00e9 mes copains l\u00e0-bas.\u00a0\u00bb<\/p>\n<p>Sa survie et son retour \u00e0 Saint-Chamond en 1945 sont le t\u00e9moignage d\u2019une r\u00e9silience humaine exceptionnelle, salu\u00e9e par ses distinctions de Chevalier puis d\u2019Officier de la L\u00e9gion d\u2019honneur et plus r\u00e9cemment par la m\u00e9daille de l\u2019Assembl\u00e9e Nationale.<\/p>\n<p>  Un h\u00e9ros de la ville aux valeurs in\u00e9branlables<\/p>\n<p>Au nom de Saint-Chamond, le maire Axel Dugua, a soulign\u00e9 le lien ind\u00e9fectible qu\u2019entretenait Philibert Couzon avec sa ville\u00a0: \u00ab\u00a0Homme au grand c\u0153ur, d\u2019une fid\u00e9lit\u00e9 exemplaire \u00e0 nos comm\u00e9morations patriotiques, toujours pr\u00e9sent pour honorer la m\u00e9moire de ses fr\u00e8res d\u2019armes.\u00a0\u00bb<\/p>\n<p>En septembre dernier, lors de la 81e comm\u00e9moration de la Lib\u00e9ration de Saint-Chamond, il s\u2019\u00e9tait vu remettre la m\u00e9daille de la Ville, en t\u00e9moignage de la reconnaissance et de l\u2019admiration que lui portait Saint-Chamond.<\/p>\n<p>\u00ab\u00a0Passeur de m\u00e9moire infatigable, il a \u0153uvr\u00e9 inlassablement pour transmettre son histoire aux jeunes. Pour savoir o\u00f9 l\u2019on va, il faut savoir d\u2019o\u00f9 l\u2019on vient. En perdant Philibert Couzon, Saint-Chamond perd un t\u00e9moin majeur et un citoyen exemplaire pour sa communaut\u00e9. Il restera une le\u00e7on de conscience et une inspiration pour les g\u00e9n\u00e9rations futures\u00a0\u00bb.<\/p>\n<p>  \u00c0 l\u2019Ehpad, une le\u00e7on de bienveillance pour tous<\/p>\n<p>Si son courage au combat \u00e9tait historique, ses qualit\u00e9s humaines \u00e9taient tout aussi remarquables. Il a conserv\u00e9 jusqu\u2019au bout un humour contagieux et une joie de vivre communicative. <a href=\"https:\/\/www.leprogres.fr\/societe\/2025\/08\/01\/philibert-couzon-a-100-ans-deporte-a-19-ans-il-est-le-seul-survivant-de-la-loire-passe-par-les-camps-de-concentration\" target=\"_blank\" rel=\"noopener\"> \u00c0 l\u2019Ehpad La Renaudi\u00e8re, o\u00f9 il r\u00e9sidait depuis 2019<\/a>, il \u00e9tait une source d\u2019inspiration pour tous.<\/p>\n<p>Charl\u00e8ne Micol, directrice de l\u2019\u00e9tablissement, brosse un portrait \u00e9logieux\u00a0: \u00ab\u00a0Un mot le d\u00e9finissait parfaitement, la bienveillance. Toujours fid\u00e8le \u00e0 sa routine, \u00e0 ses encouragements sinc\u00e8res, Philibert Couzon incarnait la force tranquille.\u00a0\u00bb<\/p>\n<p>La derni\u00e8re sentinelle s\u2019est tue mais il restera un exemple de courage pour sa ville.<\/p>\n","protected":false},"excerpt":{"rendered":"N\u00e9 \u00e0 Saint-Chamond en 1925, Philibert Couzon incarne l\u2019esprit de r\u00e9sistance. \u00ab\u00a0R\u00e9sistant \u00e0 17 ans, d\u00e9port\u00e9 \u00e0 19\u00a0\u00bb,&hellip;\n","protected":false},"author":2,"featured_media":494205,"comment_status":"","ping_status":"","sticky":false,"template":"","format":"standard","meta":{"footnotes":""},"categories":[9653],"tags":[1111,11,2430,9223,7539,1777,674,107,1011,27,3367,1391,12,25,9669,9670,4001,104],"class_list":{"0":"post-494204","1":"post","2":"type-post","3":"status-publish","4":"format-standard","5":"has-post-thumbnail","7":"category-saint-etienne","8":"tag-actu","9":"tag-actualites","10":"tag-auvergne-rhone-alpes","11":"tag-carnet-du-jour","12":"tag-edition-loire-sud","13":"tag-eu","14":"tag-europe","15":"tag-fil-info","16":"tag-fr","17":"tag-france","18":"tag-loire","19":"tag-necrologie","20":"tag-news","21":"tag-republique-francaise","22":"tag-saint-chamond","23":"tag-saint-chamond-ville","24":"tag-saint-etienne","25":"tag-societe"},"share_on_mastodon":{"url":"https:\/\/pubeurope.com\/@fr\/115448756634174273","error":""},"_links":{"self":[{"href":"https:\/\/www.europesays.com\/fr\/wp-json\/wp\/v2\/posts\/494204","targetHints":{"allow":["GET"]}}],"collection":[{"href":"https:\/\/www.europesays.com\/fr\/wp-json\/wp\/v2\/posts"}],"about":[{"href":"https:\/\/www.europesays.com\/fr\/wp-json\/wp\/v2\/types\/post"}],"author":[{"embeddable":true,"href":"https:\/\/www.europesays.com\/fr\/wp-json\/wp\/v2\/users\/2"}],"replies":[{"embeddable":true,"href":"https:\/\/www.europesays.com\/fr\/wp-json\/wp\/v2\/comments?post=494204"}],"version-history":[{"count":0,"href":"https:\/\/www.europesays.com\/fr\/wp-json\/wp\/v2\/posts\/494204\/revisions"}],"wp:featuredmedia":[{"embeddable":true,"href":"https:\/\/www.europesays.com\/fr\/wp-json\/wp\/v2\/media\/494205"}],"wp:attachment":[{"href":"https:\/\/www.europesays.com\/fr\/wp-json\/wp\/v2\/media?parent=494204"}],"wp:term":[{"taxonomy":"category","embeddable":true,"href":"https:\/\/www.europesays.com\/fr\/wp-json\/wp\/v2\/categories?post=494204"},{"taxonomy":"post_tag","embeddable":true,"href":"https:\/\/www.europesays.com\/fr\/wp-json\/wp\/v2\/tags?post=494204"}],"curies":[{"name":"wp","href":"https:\/\/api.w.org\/{rel}","templated":true}]}}