{"id":494216,"date":"2025-10-27T23:42:10","date_gmt":"2025-10-27T23:42:10","guid":{"rendered":"https:\/\/www.europesays.com\/fr\/494216\/"},"modified":"2025-10-27T23:42:10","modified_gmt":"2025-10-27T23:42:10","slug":"top-14-linternational-francais-sebastien-bezy-quitte-clermont-pour-rejoindre-montpellier","status":"publish","type":"post","link":"https:\/\/www.europesays.com\/fr\/494216\/","title":{"rendered":"Top 14. L\u2019international fran\u00e7ais S\u00e9bastien B\u00e9zy quitte Clermont pour rejoindre Montpellier ."},"content":{"rendered":"<p>Le demi de m\u00eal\u00e9e <a href=\"https:\/\/rennes.maville.com\/sport\/detail_-xv-de-france.-matthieu-jalibert-forfait-pour-la-tournee-de-novembre-des-bleus-_54135-7038964_actu.Htm\" target=\"_self\" rel=\"noopener\">international<\/a> de Clermont S\u00e9bastien B\u00e9zy (33\u00a0ans, huit s\u00e9lections) rejoindra Montpellier en juillet prochain pour deux saisons, a annonc\u00e9 lundi le club h\u00e9raultais. B\u00e9zy, form\u00e9 \u00e0 Toulouse (2006-2020), avait rejoint <a href=\"https:\/\/rennes.maville.com\/sport\/detail_-clermont-toulon.-une-atmosphere-particuliere-la-rivalite-doree-des-annees-2010-en-top-14-_54135-7015652_actu.Htm\" target=\"_self\" rel=\"noopener\">Clermont<\/a>, o\u00f9 il est en fin de contrat, \u00e0 l\u2019\u00e9t\u00e9 2020. En Auvergne, il a partag\u00e9 le r\u00f4le de demi de m\u00eal\u00e9e avec Morgan Parra, puis avec Baptiste Jauneau.<\/p>\n<p>B\u00e9zy, originaire de Fontenay-aux-Roses dans la banlieue parisienne, a \u00e9t\u00e9 recrut\u00e9 par le MHR pour remplacer L\u00e9o Coly, qui rejoindra <a href=\"https:\/\/rennes.maville.com\/sport\/detail_-top-14.-maxime-lucu-va-faire-son-retour-lors-du-choc-entre-l-union-bordeaux-begles-et-bayonne-_54135-7035598_actu.Htm\" target=\"_self\" rel=\"noopener\">Bayonne<\/a> l\u2019\u00e9t\u00e9 prochain. Il sera en concurrence avec l\u2019international \u00e9cossais Ali Price et avec le jeune Alexis Bernardet.<\/p>\n<p>Des doutes pour le poste de num\u00e9ro\u00a010<\/p>\n<p>Montpellier s\u2019interroge par ailleurs sur le choix de son futur demi d\u2019ouverture. L\u2019Argentin Domingo Miotti, titulaire depuis le d\u00e9but de saison, est en fin de contrat, alors que Hugo Reus a choisi de rejoindre Bordeaux-B\u00e8gles.<\/p>\n<p><strong>Lire aussi<\/strong>\u00a0: <a href=\"https:\/\/rennes.maville.com\/sport\/detail_-rugby.-pas-une-victoire-aboutie-le-stade-rennais-s-impose-avec-caractere-_7-7037990_actu.Htm\" target=\"_self\" rel=\"noopener\">Rugby. \u00ab\u00a0Pas une victoire aboutie\u00a0\u00bb\u00a0: le Stade Rennais s\u2019impose avec caract\u00e8re<\/a><\/p>\n<p>L\u2019\u00e9quipe de Joan Caudullo, balay\u00e9e samedi sur la pelouse du Stade Fran\u00e7ais (35-12), occupe la 11e place avant de recevoir Clermont samedi lors de la 9e journ\u00e9e de Top 14.<\/p>\n<p>\u00a0<\/p>\n","protected":false},"excerpt":{"rendered":"Le demi de m\u00eal\u00e9e international de Clermont S\u00e9bastien B\u00e9zy (33\u00a0ans, huit s\u00e9lections) rejoindra Montpellier en juillet prochain pour&hellip;\n","protected":false},"author":2,"featured_media":494217,"comment_status":"","ping_status":"","sticky":false,"template":"","format":"standard","meta":{"footnotes":""},"categories":[9599],"tags":[1111,11,14015,3809,1465,1777,674,63,1011,27,1792,1922,2208,12,2680,25,479,517,1470],"class_list":{"0":"post-494216","1":"post","2":"type-post","3":"status-publish","4":"format-standard","5":"has-post-thumbnail","7":"category-montpellier","8":"tag-actu","9":"tag-actualites","10":"tag-alencon","11":"tag-ball","12":"tag-basket","13":"tag-eu","14":"tag-europe","15":"tag-football","16":"tag-fr","17":"tag-france","18":"tag-handball","19":"tag-info","20":"tag-montpellier","21":"tag-news","22":"tag-occitanie","23":"tag-republique-francaise","24":"tag-rugby","25":"tag-sport","26":"tag-volley"},"share_on_mastodon":{"url":"https:\/\/pubeurope.com\/@fr\/115448784004296067","error":""},"_links":{"self":[{"href":"https:\/\/www.europesays.com\/fr\/wp-json\/wp\/v2\/posts\/494216","targetHints":{"allow":["GET"]}}],"collection":[{"href":"https:\/\/www.europesays.com\/fr\/wp-json\/wp\/v2\/posts"}],"about":[{"href":"https:\/\/www.europesays.com\/fr\/wp-json\/wp\/v2\/types\/post"}],"author":[{"embeddable":true,"href":"https:\/\/www.europesays.com\/fr\/wp-json\/wp\/v2\/users\/2"}],"replies":[{"embeddable":true,"href":"https:\/\/www.europesays.com\/fr\/wp-json\/wp\/v2\/comments?post=494216"}],"version-history":[{"count":0,"href":"https:\/\/www.europesays.com\/fr\/wp-json\/wp\/v2\/posts\/494216\/revisions"}],"wp:featuredmedia":[{"embeddable":true,"href":"https:\/\/www.europesays.com\/fr\/wp-json\/wp\/v2\/media\/494217"}],"wp:attachment":[{"href":"https:\/\/www.europesays.com\/fr\/wp-json\/wp\/v2\/media?parent=494216"}],"wp:term":[{"taxonomy":"category","embeddable":true,"href":"https:\/\/www.europesays.com\/fr\/wp-json\/wp\/v2\/categories?post=494216"},{"taxonomy":"post_tag","embeddable":true,"href":"https:\/\/www.europesays.com\/fr\/wp-json\/wp\/v2\/tags?post=494216"}],"curies":[{"name":"wp","href":"https:\/\/api.w.org\/{rel}","templated":true}]}}