{"id":494220,"date":"2025-10-27T23:46:22","date_gmt":"2025-10-27T23:46:22","guid":{"rendered":"https:\/\/www.europesays.com\/fr\/494220\/"},"modified":"2025-10-27T23:46:22","modified_gmt":"2025-10-27T23:46:22","slug":"des-gadgets-qui-ne-marchent-pas","status":"publish","type":"post","link":"https:\/\/www.europesays.com\/fr\/494220\/","title":{"rendered":"Des gadgets qui ne marchent pas"},"content":{"rendered":"<p>            Par<br \/>\n        <strong><br \/>\n            <a href=\"https:\/\/actu.fr\/auteur\/julien-sournies\" title=\"Consulter tous les articles de Julien Sournies\" target=\"_blank\" rel=\"noopener\">Julien Sournies<\/a><br \/>\n        <\/strong><\/p>\n<p>        Publi\u00e9 le<\/p>\n<p>            27 oct. 2025 \u00e0 14h30        <\/p>\n<p>C\u2019est l\u2019un des sujets sensibles \u00e0 <a href=\"https:\/\/actu.fr\/grenoble\/\" target=\"_blank\" rel=\"noopener\">Grenoble<\/a>\u2009: faut-il ou non installer des <strong>nouvelles cam\u00e9ras de vid\u00e9oprotection<\/strong> dans la capitale des Alpes, en particulier dans les quartiers prioritaires, pour lutter contre la d\u00e9linquance et l\u2019ins\u00e9curit\u00e9\u2009? Si cette option est d\u00e9fendue de longue date par Alain Carignon, <a href=\"https:\/\/actu.fr\/auvergne-rhone-alpes\/grenoble_38185\/municipales-a-grenoble-policiers-impots-transports-les-premieres-propositions-d-alain-carignon_63336074.html\" target=\"_blank\" rel=\"noopener\">candidat \u00e0 la mairie de Grenoble en 2026<\/a>, son adversaire aux prochaines \u00e9lections municipales, <a href=\"https:\/\/actu.fr\/auvergne-rhone-alpes\/grenoble_38185\/municipales-a-grenoble-lfi-lance-sa-propre-liste-sans-les-ecologistes-d-eric-piolle_63194295.html\" target=\"_blank\" rel=\"noopener\">Allan Brunon<\/a> (LFI), a tenu \u00e0 d\u00e9monter ses arguments.<\/p>\n<p>Privil\u00e9gier la \u00ab\u2009pr\u00e9vention\u2009\u00bb \u00e0 la \u00ab\u2009r\u00e9pression\u2009\u00bb<\/p>\n<p class=\" wall-content\">Selon ce dernier, il ne s\u2019agit clairement pas du \u00ab\u2009moyen \u00e0 privil\u00e9gier pour r\u00e9pondre au probl\u00e8me, m\u00eame la police le dit\u2009\u00bb, explique-t-il dans l\u2019\u00e9mission \u00ab\u2009Dimanche en politique\u2009\u00bb sur France 3 Alpes ce dimanche 26\u00a0octobre 2025.<\/p>\n<p class=\" wall-content\">Alors qu\u2019Alain Carignon, \u00e9galement invit\u00e9 de l\u2019\u00e9mission, a r\u00e9it\u00e9r\u00e9 sa volont\u00e9 d\u2019ajouter de nouvelles cam\u00e9ras de vid\u00e9oprotection, d\u2019augmenter les effectifs ou encore d\u2019armer la police municipale, le candidat LFI appelle plut\u00f4t \u00e0 privil\u00e9gier la <strong>\u00ab\u2009pr\u00e9vention\u2009\u00bb<\/strong> au lieu de la \u00ab\u2009r\u00e9pression\u2009\u00bb.<\/p>\n<p class=\" wall-content\">\u00ab\u2009Nous, ce que nous proposons, c\u2019est de se caler sur ce que les associations essayent de d\u00e9velopper\u2009: il y a notamment l\u2019AJA de Villeneuve, le club de football, qui va faire des <strong>veilles<\/strong> la nuit dans les quartiers populaires\u2009\u00bb, d\u00e9taille Allan Brunon.<\/p>\n<p>\u00ab\u2009Offrir des alternatives \u00e9conomiques pour les jeunes qui tombent dans la d\u00e9linquance\u2009\u00bb<\/p>\n<p class=\" wall-content\">Celui qui a \u00e9t\u00e9 d\u00e9sign\u00e9 t\u00eate de liste \u00ab\u2009insoumise et citoyenne\u2009\u00bb aux \u00e9lections municipales de mars\u00a02026 poursuit ses propos\u2009: \u00ab\u2009Nous allons mettre un espace pour r\u00e9fl\u00e9chir \u00e0 des moyens pr\u00e9ventifs pour offrir des<strong> alternatives \u00e9conomiques<\/strong> pour les jeunes qui tombent dans la d\u00e9linquance.\u2009\u00bb<\/p>\n<p class=\" wall-content\">Concernant le syst\u00e8me de vid\u00e9oprotection, Allan Brunon estime qu\u2019il \u00ab\u2009n\u2019\u00e9lucide pas les d\u00e9lits, mais vide tr\u00e8s bien les poches des Grenoblois. Toutes les \u00e9tudes le confirment\u2009\u00bb.<\/p>\n<blockquote class=\"ac-article-quote wall-content\">\n<p>Le projet d&rsquo;Alain Carignon pour Grenoble ? Ruiner les Grenoblois avec des gadgets qui ne marchent pas.<\/p>\n<p>    <strong>Allan Brunon<\/strong><br \/>\n        Candidat LFI \u00e0 la mairie de Grenoble    <\/p><\/blockquote>\n<p>Votre r\u00e9gion, votre actu !<\/p>\n<p>Recevez chaque jour les infos qui comptent pour vous.<\/p>\n<p>\t<a href=\"https:\/\/actu.fr\/newsletter\" class=\"ac-btn ac-btn--corner ac-btn--medium ac-btn--blue800\" target=\"_blank\" rel=\"noopener\">S&rsquo;incrire<\/a><\/p>\n<p class=\" wall-content\">D\u2019apr\u00e8s le candidat des Insoumis, la baisse de la d\u00e9linquance passe par ailleurs par \u00ab\u2009la <strong>l\u00e9galisation du cannabis<\/strong> qui est un moyen d\u2019endiguer ces ph\u00e9nom\u00e8nes sociaux. Vous, Monsieur Carignon, vous ne pensez qu\u2019\u00e0 la r\u00e9pression et jamais \u00e0 la pr\u00e9vention, alors que c\u2019est un sujet central\u2009\u00bb.<\/p>\n<p class=\" wall-content\">Personnalisez votre actualit\u00e9 en ajoutant vos villes et m\u00e9dias en favori avec <a href=\"https:\/\/moncompte.actu.fr\" title=\"D\u00e9couvez Mon Actu\" rel=\"nofollow noopener\" data-trk=\"{&quot;cta&quot;:{&quot;action&quot;:&quot;https:\\\/\\\/moncompte.actu.fr&quot;,&quot;category&quot;:&quot;mon compte&quot;,&quot;from&quot;:&quot;article footer&quot;,&quot;name&quot;:&quot;Mon actu&quot;,&quot;type&quot;:&quot;cta&quot;}}\" target=\"_blank\">Mon Actu<\/a>.<\/p>\n","protected":false},"excerpt":{"rendered":"Par Julien Sournies Publi\u00e9 le 27 oct. 2025 \u00e0 14h30 C\u2019est l\u2019un des sujets sensibles \u00e0 Grenoble\u2009: faut-il&hellip;\n","protected":false},"author":2,"featured_media":494221,"comment_status":"","ping_status":"","sticky":false,"template":"","format":"standard","meta":{"footnotes":""},"categories":[9566],"tags":[1111,11,9601,2430,4188,1777,674,1011,27,2731,1023,3434,12,316,25],"class_list":{"0":"post-494220","1":"post","2":"type-post","3":"status-publish","4":"format-standard","5":"has-post-thumbnail","7":"category-grenoble","8":"tag-actu","9":"tag-actualites","10":"tag-alain-carignon","11":"tag-auvergne-rhone-alpes","12":"tag-elections-municipales","13":"tag-eu","14":"tag-europe","15":"tag-fr","16":"tag-france","17":"tag-grenoble","18":"tag-la-france-insoumise-lfi","19":"tag-municipales-2026","20":"tag-news","21":"tag-politique","22":"tag-republique-francaise"},"share_on_mastodon":{"url":"https:\/\/pubeurope.com\/@fr\/115448799892829281","error":""},"_links":{"self":[{"href":"https:\/\/www.europesays.com\/fr\/wp-json\/wp\/v2\/posts\/494220","targetHints":{"allow":["GET"]}}],"collection":[{"href":"https:\/\/www.europesays.com\/fr\/wp-json\/wp\/v2\/posts"}],"about":[{"href":"https:\/\/www.europesays.com\/fr\/wp-json\/wp\/v2\/types\/post"}],"author":[{"embeddable":true,"href":"https:\/\/www.europesays.com\/fr\/wp-json\/wp\/v2\/users\/2"}],"replies":[{"embeddable":true,"href":"https:\/\/www.europesays.com\/fr\/wp-json\/wp\/v2\/comments?post=494220"}],"version-history":[{"count":0,"href":"https:\/\/www.europesays.com\/fr\/wp-json\/wp\/v2\/posts\/494220\/revisions"}],"wp:featuredmedia":[{"embeddable":true,"href":"https:\/\/www.europesays.com\/fr\/wp-json\/wp\/v2\/media\/494221"}],"wp:attachment":[{"href":"https:\/\/www.europesays.com\/fr\/wp-json\/wp\/v2\/media?parent=494220"}],"wp:term":[{"taxonomy":"category","embeddable":true,"href":"https:\/\/www.europesays.com\/fr\/wp-json\/wp\/v2\/categories?post=494220"},{"taxonomy":"post_tag","embeddable":true,"href":"https:\/\/www.europesays.com\/fr\/wp-json\/wp\/v2\/tags?post=494220"}],"curies":[{"name":"wp","href":"https:\/\/api.w.org\/{rel}","templated":true}]}}