{"id":494224,"date":"2025-10-27T23:48:51","date_gmt":"2025-10-27T23:48:51","guid":{"rendered":"https:\/\/www.europesays.com\/fr\/494224\/"},"modified":"2025-10-27T23:48:51","modified_gmt":"2025-10-27T23:48:51","slug":"bagarre-dans-la-gare-de-rennes-un-commercant-recoit-un-coup-de-valise-au-visage-sport","status":"publish","type":"post","link":"https:\/\/www.europesays.com\/fr\/494224\/","title":{"rendered":"Bagarre dans la gare de Rennes\u00a0: un commer\u00e7ant re\u00e7oit un coup de valise au visage . Sport"},"content":{"rendered":"<tr wp_automatic_readability=\"5.88\">\n<td valign=\"middle\" align=\"center\" class=\"col-logo\" wp_automatic_readability=\"5\">\n    <img decoding=\"async\" src=\"https:\/\/maville.com\/design\/images\/logo-of-monetise.svg?version=20130627\" alt=\"logo Ouest-France\" height=\"66\"\/><\/p>\n<p>Contenu r\u00e9serv\u00e9 aux abonn\u00e9s<\/p>\n<\/td>\n<td class=\"col-titre\">\n\t\t\tDimanche 26 octobre 2025 08:44<br \/>\n\t\t\t<a class=\"icon-bulle sizeL count\" href=\"#ancreAvis\"><br \/>\n\t&#8230;<br \/>\n<\/a><\/td>\n<\/tr>\n<p>\t\t<a class=\"mavillebox2 elmt-photo\" href=\"https:\/\/maville.com\/photosmvi\/2025\/10\/26\/P35545099D7037044G.jpg\" title=\" Un p\u00e8re et son fils, alcoolis\u00e9 dans un caf\u00e9 de la gare de Rennes, ont provoqu\u00e9 une bagarre, vendredi 24\u00a0octobre 2025, vers 18\u00a0h\u00a030. Un commer\u00e7ant voulant aider a \u00e9t\u00e9 bless\u00e9.  \u00a9  MARC OLLIVIER \/ ARCHIVES OUEST FRANCE  \" rel=\"galerie_actu noopener\" target=\"_blank\"><br \/>\n\t<img decoding=\"async\" src=\"https:\/\/www.europesays.com\/fr\/wp-content\/uploads\/2025\/10\/P35545099D7037044G_crop_640-330_.jpg\" alt=\"photo  un p\u00e8re et son fils, alcoolis\u00e9 dans un caf\u00e9 de la gare de rennes, ont provoqu\u00e9 une bagarre, vendredi 24\u00a0octobre 2025, vers 18\u00a0h\u00a030. un commer\u00e7ant voulant aider a \u00e9t\u00e9 bless\u00e9.  \u00a9  marc ollivier \/ archives ouest france \"\/><br \/>\n\t1<br \/>\n<\/a><\/p>\n<p class=\"elmt-legende\"> Un p\u00e8re et son fils, alcoolis\u00e9 dans un caf\u00e9 de la gare de Rennes, ont provoqu\u00e9 une bagarre, vendredi 24\u00a0octobre 2025, vers 18\u00a0h\u00a030. Un commer\u00e7ant voulant aider a \u00e9t\u00e9 bless\u00e9.  \u00a9  MARC OLLIVIER \/ ARCHIVES OUEST FRANCE  <\/p>\n<p>\t\tUn p\u00e8re et son fils, alcoolis\u00e9 dans un caf\u00e9 de la gare de Rennes, ont provoqu\u00e9 une bagarre, vendredi 24\u00a0octobre 2025, vers 18\u00a0h\u00a030. Un commer\u00e7ant qui voulait aider a \u00e9t\u00e9 bless\u00e9.<\/p>\n<p><b>Cet article est r\u00e9serv\u00e9 aux abonn\u00e9s<\/b><\/p>\n<p>Pour un acc\u00e8s imm\u00e9diat, abonnez-vous<\/p>\n<p><b>1\u00e8re semaine offerte<\/b><\/p>\n<p>\t\t Julia TOUSSAINT. \u00a0\u00a0<br \/>\n\t\tOuest-France<\/p>\n<p>Retrouvez d&rsquo;autres actus sur la commune de :<\/p>\n<p>\t\t&#13;<\/p>\n","protected":false},"excerpt":{"rendered":"Contenu r\u00e9serv\u00e9 aux abonn\u00e9s Dimanche 26 octobre 2025 08:44 &#8230; 1 Un p\u00e8re et son fils, alcoolis\u00e9 dans&hellip;\n","protected":false},"author":2,"featured_media":494225,"comment_status":"","ping_status":"","sticky":false,"template":"","format":"standard","meta":{"footnotes":""},"categories":[2821],"tags":[1111,11,3809,1465,829,1777,674,63,1011,27,1792,1922,12,3086,584,25,479,517,1470],"class_list":{"0":"post-494224","1":"post","2":"type-post","3":"status-publish","4":"format-standard","5":"has-post-thumbnail","7":"category-rennes","8":"tag-actu","9":"tag-actualites","10":"tag-ball","11":"tag-basket","12":"tag-bretagne","13":"tag-eu","14":"tag-europe","15":"tag-football","16":"tag-fr","17":"tag-france","18":"tag-handball","19":"tag-info","20":"tag-news","21":"tag-redon","22":"tag-rennes","23":"tag-republique-francaise","24":"tag-rugby","25":"tag-sport","26":"tag-volley"},"share_on_mastodon":{"url":"https:\/\/pubeurope.com\/@fr\/115448812549075949","error":""},"_links":{"self":[{"href":"https:\/\/www.europesays.com\/fr\/wp-json\/wp\/v2\/posts\/494224","targetHints":{"allow":["GET"]}}],"collection":[{"href":"https:\/\/www.europesays.com\/fr\/wp-json\/wp\/v2\/posts"}],"about":[{"href":"https:\/\/www.europesays.com\/fr\/wp-json\/wp\/v2\/types\/post"}],"author":[{"embeddable":true,"href":"https:\/\/www.europesays.com\/fr\/wp-json\/wp\/v2\/users\/2"}],"replies":[{"embeddable":true,"href":"https:\/\/www.europesays.com\/fr\/wp-json\/wp\/v2\/comments?post=494224"}],"version-history":[{"count":0,"href":"https:\/\/www.europesays.com\/fr\/wp-json\/wp\/v2\/posts\/494224\/revisions"}],"wp:featuredmedia":[{"embeddable":true,"href":"https:\/\/www.europesays.com\/fr\/wp-json\/wp\/v2\/media\/494225"}],"wp:attachment":[{"href":"https:\/\/www.europesays.com\/fr\/wp-json\/wp\/v2\/media?parent=494224"}],"wp:term":[{"taxonomy":"category","embeddable":true,"href":"https:\/\/www.europesays.com\/fr\/wp-json\/wp\/v2\/categories?post=494224"},{"taxonomy":"post_tag","embeddable":true,"href":"https:\/\/www.europesays.com\/fr\/wp-json\/wp\/v2\/tags?post=494224"}],"curies":[{"name":"wp","href":"https:\/\/api.w.org\/{rel}","templated":true}]}}