{"id":494227,"date":"2025-10-27T23:52:22","date_gmt":"2025-10-27T23:52:22","guid":{"rendered":"https:\/\/www.europesays.com\/fr\/494227\/"},"modified":"2025-10-27T23:52:22","modified_gmt":"2025-10-27T23:52:22","slug":"plusieurs-mois-dabsence-pour-malick-fofana-sorti-blesse-avec-lol-face-a-strasbourg","status":"publish","type":"post","link":"https:\/\/www.europesays.com\/fr\/494227\/","title":{"rendered":"\u00ab\u00a0plusieurs mois\u00a0\u00bb d&rsquo;absence pour Malick Fofana, sorti bless\u00e9 avec l&rsquo;OL face \u00e0 Strasbourg"},"content":{"rendered":"<p class=\"article-p mdl\">Le verdict est tomb\u00e9 pour Malick Fofana et il n&rsquo;est pas rassurant. Bless\u00e9, <strong>l&rsquo;ailier va manquer \u00ab\u00a0plusieurs mois\u00a0\u00bb de comp\u00e9tition<\/strong>, a annonc\u00e9\u00a0l&rsquo;Olympique lyonnais\u00a0lundi 27 octobre, au lendemain de sa victoire contre Strasbourg (2-1) en cl\u00f4ture de la 9e journ\u00e9e de Ligue 1. Victime d&rsquo;un tacle tr\u00e8s appuy\u00e9 du d\u00e9fenseur alsacien Isma\u00ebl Doukour\u00e9, le feu-follet belge a \u00e9t\u00e9 \u00e9vacu\u00e9 sur civi\u00e8re \u00e0 la 67e minute de jeu.<\/p>\n<p class=\"article-p mdl\">\u00ab\u00a0Les examens r\u00e9alis\u00e9s dans la nuit \u00e0 l\u2019h\u00f4pital, puis confirm\u00e9s aujourd&rsquo;hui, ont r\u00e9v\u00e9l\u00e9 <strong>une entorse grave de la cheville droite, accompagn\u00e9e de l\u00e9sions n\u00e9cessitant tr\u00e8s probablement une intervention chirurgicale<\/strong>, qui devrait l&rsquo;\u00e9loigner des terrains pendant plusieurs mois\u00a0\u00bb, explique dans\u00a0<a class=\"link\" href=\"https:\/\/www.ol.fr\/fr\/actualites\/communique-medical-malick-fofana\" target=\"_blank\" rel=\"nofollow noopener\">un communiqu\u00e9<\/a>\u00a0son club, dont le secteur offensif est d\u00e9j\u00e0 largement appauvri en raison de la situation \u00e9conomique.<\/p>\n<p class=\"article-p mdl\">Averti d&rsquo;un carton jaune dans un premier temps, Isma\u00ebl Doukour\u00e9 &#8211; buteur contre son camp sur un d\u00e9bordement de Malick Fofana en premi\u00e8re p\u00e9riode &#8211; a finalement \u00e9t\u00e9 <strong>expuls\u00e9 par l&rsquo;arbitre de la rencontre<\/strong>,\u00a0\u00c9ric Wattellier, apr\u00e8s visionnage des images du VAR.<\/p>\n<p>            La surprenante d\u00e9claration de Liam Rosenior<\/p>\n<p class=\"article-p mdl\">Sur le coup, puis en apr\u00e8s-match, l&rsquo;entra\u00eeneur strasbourgeois Liam Rosenior avait pourtant pest\u00e9, estimant que <strong>\u00ab\u00a0ce carton rouge ne doit jamais \u00eatre rouge\u00a0\u00bb<\/strong>, malgr\u00e9 la brutalit\u00e9 du choc.\u00a0\u00ab\u00a0L\u2019arbitre a jug\u00e9 la blessure, pas l\u2019action\u00a0\u00bb, a-t-il martel\u00e9 au micro du diffuseur Ligue 1+.<\/p>\n<p class=\"article-p mdl\">Battu dans le temps additionnel apr\u00e8s un sublime but d&rsquo;Afonso Moreira, le rempla\u00e7ant de Malick Fofana, <strong>le Racing a de nouveau perdu des points pr\u00e9cieux<\/strong> contre un cador du championnat, en d\u00e9pit de l&rsquo;ouverture du score de son avant-centre argentin Joaquin Panichelli.<\/p>\n<p class=\"article-p mdl\">\u00ab\u00a0<strong>\u00c0 chaque fois, il y a eu un souci arbitral.<\/strong> Un hors-jeu contre Monaco (2-3) qui n\u2019existait pas, contre Marseille (1-2) aussi. Je ne dis pas les arbitres sont contre nous, qu\u2019il y a quelque chose contre nous, je donne simplement mon point de vue\u00a0\u00bb, a ainsi conclu Liam Rosenior, dans une sortie qui a beaucoup fait parler.<\/p>\n<p class=\"article-p mdl\">C&rsquo;est donc sans Malick Fofana d&rsquo;un c\u00f4t\u00e9, et sans Isma\u00ebl Doukour\u00e9 de l&rsquo;autre, que Lyonnais (4e, 18 points) et Strasbourgeois (7e, 16 points) affronteront respectivement le Paris FC \u00e0 l&rsquo;ext\u00e9rieur et Auxerre \u00e0 domicile, ce mercredi pour la 10e journ\u00e9e de Ligue 1.<\/p>\n<p>    La r\u00e9daction vous recommande<\/p>\n<p class=\"s-newsletter__title\">\n                L\u2019actualit\u00e9 par la r\u00e9daction de RTL dans votre bo\u00eete mail.\n            <\/p>\n<p class=\"s-newsletter__subtitle\">\n                Gr\u00e2ce \u00e0 votre compte RTL abonnez-vous \u00e0 la newsletter RTL info pour suivre toute l&rsquo;actualit\u00e9 au quotidien\n            <\/p>\n<p>\n                                    Lire la suite\n                                <\/p>\n","protected":false},"excerpt":{"rendered":"Le verdict est tomb\u00e9 pour Malick Fofana et il n&rsquo;est pas rassurant. Bless\u00e9, l&rsquo;ailier va manquer \u00ab\u00a0plusieurs mois\u00a0\u00bb&hellip;\n","protected":false},"author":2,"featured_media":494228,"comment_status":"","ping_status":"","sticky":false,"template":"","format":"standard","meta":{"footnotes":""},"categories":[2820],"tags":[1111,11,1431,1777,674,107,63,1011,27,775,66,12,978,25,640],"class_list":{"0":"post-494227","1":"post","2":"type-post","3":"status-publish","4":"format-standard","5":"has-post-thumbnail","7":"category-strasbourg","8":"tag-actu","9":"tag-actualites","10":"tag-blessure","11":"tag-eu","12":"tag-europe","13":"tag-fil-info","14":"tag-football","15":"tag-fr","16":"tag-france","17":"tag-grand-est","18":"tag-ligue-1","19":"tag-news","20":"tag-olympique-lyonnais","21":"tag-republique-francaise","22":"tag-strasbourg"},"share_on_mastodon":{"url":"https:\/\/pubeurope.com\/@fr\/115448823420950745","error":""},"_links":{"self":[{"href":"https:\/\/www.europesays.com\/fr\/wp-json\/wp\/v2\/posts\/494227","targetHints":{"allow":["GET"]}}],"collection":[{"href":"https:\/\/www.europesays.com\/fr\/wp-json\/wp\/v2\/posts"}],"about":[{"href":"https:\/\/www.europesays.com\/fr\/wp-json\/wp\/v2\/types\/post"}],"author":[{"embeddable":true,"href":"https:\/\/www.europesays.com\/fr\/wp-json\/wp\/v2\/users\/2"}],"replies":[{"embeddable":true,"href":"https:\/\/www.europesays.com\/fr\/wp-json\/wp\/v2\/comments?post=494227"}],"version-history":[{"count":0,"href":"https:\/\/www.europesays.com\/fr\/wp-json\/wp\/v2\/posts\/494227\/revisions"}],"wp:featuredmedia":[{"embeddable":true,"href":"https:\/\/www.europesays.com\/fr\/wp-json\/wp\/v2\/media\/494228"}],"wp:attachment":[{"href":"https:\/\/www.europesays.com\/fr\/wp-json\/wp\/v2\/media?parent=494227"}],"wp:term":[{"taxonomy":"category","embeddable":true,"href":"https:\/\/www.europesays.com\/fr\/wp-json\/wp\/v2\/categories?post=494227"},{"taxonomy":"post_tag","embeddable":true,"href":"https:\/\/www.europesays.com\/fr\/wp-json\/wp\/v2\/tags?post=494227"}],"curies":[{"name":"wp","href":"https:\/\/api.w.org\/{rel}","templated":true}]}}