{"id":494247,"date":"2025-10-28T00:03:24","date_gmt":"2025-10-28T00:03:24","guid":{"rendered":"https:\/\/www.europesays.com\/fr\/494247\/"},"modified":"2025-10-28T00:03:24","modified_gmt":"2025-10-28T00:03:24","slug":"les-reseaux-sociaux-decretent-un-coupable-pour-juliette-retrouvee-morte-dans-la-deule-sans-cause-apparente","status":"publish","type":"post","link":"https:\/\/www.europesays.com\/fr\/494247\/","title":{"rendered":"Les r\u00e9seaux sociaux d\u00e9cr\u00e8tent un coupable pour Juliette, retrouv\u00e9e morte dans la De\u00fble sans cause apparente"},"content":{"rendered":"<p class=\"mb-4 text-lg md:leading-8 break-words\"><strong>Enqu\u00eate &#8211; Disparue au cours de la soir\u00e9e de jeudi \u00e0 vendredi, la jeune femme avait \u00e9t\u00e9 retrouv\u00e9e morte dans le tristement c\u00e9l\u00e8bre canal de la De\u00fble. La vid\u00e9o d\u2019un soi-disant suspect tourne sur les r\u00e9seaux<\/strong><\/p>\n<p class=\"mb-4 text-lg md:leading-8 break-words\">C\u2019est un sc\u00e9nario que les <a href=\"https:\/\/www.20minutes.fr\/lille\/?at_medium=RSS%20feed&amp;at_campaign=ynews&amp;utm_source=yahoo&amp;utm_medium=rss&amp;utm_campaign=news_feed&amp;utm_content=in_article_link\" rel=\"nofollow noopener\" target=\"_blank\" data-ylk=\"slk:Lillois;elm:context_link;itc:0;sec:content-canvas\" class=\"link \">Lillois <\/a>connaissent trop. Une jeune femme, disparue dans la nuit de jeudi \u00e0 vendredi, apr\u00e8s avoir pass\u00e9 la soir\u00e9e dans plusieurs bars du Vieux-Lille, a \u00e9t\u00e9 retrouv\u00e9e morte le lendemain, dans le <a href=\"https:\/\/www.20minutes.fr\/dossier\/deule?at_medium=RSS%20feed&amp;at_campaign=ynews&amp;utm_source=yahoo&amp;utm_medium=rss&amp;utm_campaign=news_feed&amp;utm_content=in_article_link\" rel=\"nofollow noopener\" target=\"_blank\" data-ylk=\"slk:canal de la De\u00fble;elm:context_link;itc:0;sec:content-canvas\" class=\"link \">canal de la De\u00fble<\/a>. Le parquet de Lille a ouvert une enqu\u00eate et l\u2019autopsie de Juliette doit avoir lieu, ce lundi, pour tenter de d\u00e9terminer les causes de la mort. Mais les <a href=\"https:\/\/www.20minutes.fr\/dossier\/reseaux_sociaux?at_medium=RSS%20feed&amp;at_campaign=ynews&amp;utm_source=yahoo&amp;utm_medium=rss&amp;utm_campaign=news_feed&amp;utm_content=in_article_link\" rel=\"nofollow noopener\" target=\"_blank\" data-ylk=\"slk:r\u00e9seaux sociaux;elm:context_link;itc:0;sec:content-canvas\" class=\"link \">r\u00e9seaux sociaux<\/a>, eux, ont d\u00e9j\u00e0 d\u00e9sign\u00e9 un suspect dont le visage a \u00e9t\u00e9 largement diffus\u00e9.<\/p>\n<p class=\"mb-4 text-lg md:leading-8 break-words\">Sur tout un tas de comptes TikTok, y compris celui de l\u2019identitaire de N\u00e9m\u00e9sis, Alice Cordier, des vid\u00e9os circulent montrant le visage d\u2019un homme qui aurait \u00ab \u00e9t\u00e9 vu et film\u00e9 \u00bb en compagnie de la victime la \u00ab veille de sa mort \u00bb. Des messages \u00ab sous-entendent, pour certains d\u2019entre eux, que cet individu serait l\u2019auteur des faits \u00bb, a d\u00e9plor\u00e9 le procureur de Lille, Samuel Finielz.<\/p>\n<p>Une piste \u00ab corrobor\u00e9e par aucun \u00e9l\u00e9ment d\u2019enqu\u00eate \u00bb<\/p>\n<p class=\"mb-4 text-lg md:leading-8 break-words\">Les images diffus\u00e9es sur les r\u00e9seaux sociaux proviennent de cam\u00e9ras de surveillances, \u00ab probablement de l\u2019\u00e9tablissement de nuit o\u00f9 se trouvait cette jeune fille \u00bb, explique le magistrat. Le pire, c\u2019est que les enqu\u00eateurs n\u2019\u00e9taient, avant la diffusion de ces images, m\u00eame pas en leur possession. Et les appels \u00e0 partager le visage de cet homme sont d\u2019autant plus graves que son \u00e9ventuelle mise en cause n\u2019est \u00ab corrobor\u00e9e par aucun \u00e9l\u00e9ment d\u2019enqu\u00eate \u00e0 cette heure \u00bb, insiste le procureur. Outre livrer cet homme \u00e0 des \u00ab faits de harc\u00e8lement en ligne \u00bb, ces messages \u00ab entretiennent la(&#8230;)<\/p>\n<p class=\"mb-4 text-lg md:leading-8 break-words\"><a href=\"https:\/\/www.20minutes.fr\/faits_divers\/4181728-20251027-lille-reseaux-sociaux-decretent-coupable-juliette-retrouvee-morte-deule-cause-apparente?at_medium=RSS%20feed&amp;at_campaign=ynews&amp;utm_source=yahoo&amp;utm_medium=rss&amp;utm_campaign=news_feed&amp;utm_content=read_more_link&quot;\" rel=\"nofollow noopener\" target=\"_blank\" data-ylk=\"slk:Lire la suite sur 20minutes;elm:context_link;itc:0;sec:content-canvas\" class=\"link \">Lire la suite sur 20minutes<\/a><\/p>\n<p>\u00c0 lire aussi :<br \/><a href=\"https:\/\/www.20minutes.fr\/justice\/4097474-20240621-noyee-deule-sang-trace-adn-enquete-reste-point-mort?at_medium=RSS%20feed&amp;at_campaign=ynews&amp;utm_source=yahoo&amp;utm_medium=rss&amp;utm_campaign=news_feed&amp;utm_content=related_content_link\" rel=\"nofollow noopener\" target=\"_blank\" data-ylk=\"slk:Noy\u00e9e de la De\u00fble : Du sang, une trace ADN, mais une enqu\u00eate qui reste au point mort;elm:context_link;itc:0;sec:content-canvas\" class=\"link \">Noy\u00e9e de la De\u00fble : Du sang, une trace ADN, mais une enqu\u00eate qui reste au point mort<\/a><br \/><a href=\"https:\/\/www.20minutes.fr\/faits_divers\/4085946-20240411-lille-semaine-deux-personnes-agees-retrouvees-noyees-deule?at_medium=RSS%20feed&amp;at_campaign=ynews&amp;utm_source=yahoo&amp;utm_medium=rss&amp;utm_campaign=news_feed&amp;utm_content=related_content_link\" rel=\"nofollow noopener\" target=\"_blank\" data-ylk=\"slk:Lille : En une semaine, deux personnes \u00e2g\u00e9es retrouv\u00e9es noy\u00e9es dans la De\u00fble;elm:context_link;itc:0;sec:content-canvas\" class=\"link \">Lille : En une semaine, deux personnes \u00e2g\u00e9es retrouv\u00e9es noy\u00e9es dans la De\u00fble<\/a><\/p>\n","protected":false},"excerpt":{"rendered":"Enqu\u00eate &#8211; Disparue au cours de la soir\u00e9e de jeudi \u00e0 vendredi, la jeune femme avait \u00e9t\u00e9 retrouv\u00e9e&hellip;\n","protected":false},"author":2,"featured_media":494248,"comment_status":"","ping_status":"","sticky":false,"template":"","format":"standard","meta":{"footnotes":""},"categories":[2815],"tags":[1111,11,51429,61670,1777,674,1011,27,811,17307,20084,1307,12,25,938],"class_list":{"0":"post-494247","1":"post","2":"type-post","3":"status-publish","4":"format-standard","5":"has-post-thumbnail","7":"category-lille","8":"tag-actu","9":"tag-actualites","10":"tag-alice-cordier","11":"tag-disparue-dans-la-nuit","12":"tag-eu","13":"tag-europe","14":"tag-fr","15":"tag-france","16":"tag-hauts-de-france","17":"tag-jeune-femme","18":"tag-les-images","19":"tag-lille","20":"tag-news","21":"tag-republique-francaise","22":"tag-reseaux-sociaux"},"share_on_mastodon":{"url":"https:\/\/pubeurope.com\/@fr\/115448866649249251","error":""},"_links":{"self":[{"href":"https:\/\/www.europesays.com\/fr\/wp-json\/wp\/v2\/posts\/494247","targetHints":{"allow":["GET"]}}],"collection":[{"href":"https:\/\/www.europesays.com\/fr\/wp-json\/wp\/v2\/posts"}],"about":[{"href":"https:\/\/www.europesays.com\/fr\/wp-json\/wp\/v2\/types\/post"}],"author":[{"embeddable":true,"href":"https:\/\/www.europesays.com\/fr\/wp-json\/wp\/v2\/users\/2"}],"replies":[{"embeddable":true,"href":"https:\/\/www.europesays.com\/fr\/wp-json\/wp\/v2\/comments?post=494247"}],"version-history":[{"count":0,"href":"https:\/\/www.europesays.com\/fr\/wp-json\/wp\/v2\/posts\/494247\/revisions"}],"wp:featuredmedia":[{"embeddable":true,"href":"https:\/\/www.europesays.com\/fr\/wp-json\/wp\/v2\/media\/494248"}],"wp:attachment":[{"href":"https:\/\/www.europesays.com\/fr\/wp-json\/wp\/v2\/media?parent=494247"}],"wp:term":[{"taxonomy":"category","embeddable":true,"href":"https:\/\/www.europesays.com\/fr\/wp-json\/wp\/v2\/categories?post=494247"},{"taxonomy":"post_tag","embeddable":true,"href":"https:\/\/www.europesays.com\/fr\/wp-json\/wp\/v2\/tags?post=494247"}],"curies":[{"name":"wp","href":"https:\/\/api.w.org\/{rel}","templated":true}]}}