{"id":494265,"date":"2025-10-28T00:14:14","date_gmt":"2025-10-28T00:14:14","guid":{"rendered":"https:\/\/www.europesays.com\/fr\/494265\/"},"modified":"2025-10-28T00:14:14","modified_gmt":"2025-10-28T00:14:14","slug":"plus-ca-va-mal-plus-nous-avons-besoin-de-diplomates","status":"publish","type":"post","link":"https:\/\/www.europesays.com\/fr\/494265\/","title":{"rendered":"Plus \u00e7a va mal, plus nous avons besoin de diplomates"},"content":{"rendered":"<p>Il ne s\u2019y attendait probablement pas en arrivant \u00e0 Moscou. Nomm\u00e9 ambassadeur de France en Russie d\u00e9but 2020, Pierre L\u00e9vy a v\u00e9cu quatre ann\u00e9es marqu\u00e9es par des \u00e9v\u00e9nements historiques. Apr\u00e8s avoir travers\u00e9 <a target=\"_self\" href=\"https:\/\/www.lanouvellerepublique.fr\/sante\/coronavirus\" rel=\"nofollow noopener\">la pand\u00e9mie de Covid-19<\/a>, le diplomate est r\u00e9veill\u00e9, un matin de f\u00e9vrier\u00a02022, par un gendarme qui lui annonce que <a target=\"_self\" href=\"https:\/\/www.lanouvellerepublique.fr\/france-monde\/ukraine\" rel=\"nofollow noopener\">la Russie a lanc\u00e9 une invasion \u00e0 grande \u00e9chelle de l\u2019Ukraine<\/a>.<\/p>\n<p>Un peu plus d\u2019un an apr\u00e8s avoir quitt\u00e9 son poste d\u2019ambassadeur, Pierre L\u00e9vy a \u00e9crit un livre, Au c\u0153ur de la Russie en guerre (Tallandier), o\u00f9 il revient sur cette exp\u00e9rience.<\/p>\n<p class=\"interview\">Quel est l\u2019int\u00e9r\u00eat de maintenir une ambassade dans un pays en guerre et qui nous est manifestement hostile\u00a0?<\/p>\n<p>\u00ab\u00a0Il y a eu chez certains \u00c9tats membres, au d\u00e9but de l\u2019invasion de l\u2019Ukraine, la tentation de rappeler les ambassadeurs europ\u00e9ens. C\u2019\u00e9tait une mauvaise id\u00e9e qui a rapidement \u00e9t\u00e9 \u00e9cart\u00e9e. En r\u00e9alit\u00e9, plus \u00e7a va mal, plus nous avons besoin de diplomates. L\u2019ambassadeur et son \u00e9quipe sont les yeux et les oreilles des autorit\u00e9s sur place et sont essentiels pour analyser la situation. Nous \u00e9tions \u00e9galement attach\u00e9s \u00e0 maintenir le dialogue localement, avec les autorit\u00e9s russes&#8230;. <\/p>\n<p>    Cet article a \u00e9t\u00e9 tronqu\u00e9. Abonnez-vous pour lire l&rsquo;article complet sur notre site.<\/p>\n<p style=\"margin: 0 !important; padding: 0 !important; font-size: 12px !important;\">Cet article a \u00e9t\u00e9 tronqu\u00e9. Abonnez-vous pour lire l&rsquo;article complet.<\/p>\n<p>    <a href=\"https:\/\/www.lanouvellerepublique.fr\/abonnements\" style=\"display: inline-block; margin-top: 5px !important; padding: 6px 12px !important; background: #cb1c27; color: white; text-decoration: none; border-radius: 4px; font-size: 12px !important;\" rel=\"nofollow noopener\" target=\"_blank\"><br \/>\n      S&rsquo;abonner<br \/>\n    <\/a><\/p>\n","protected":false},"excerpt":{"rendered":"Il ne s\u2019y attendait probablement pas en arrivant \u00e0 Moscou. Nomm\u00e9 ambassadeur de France en Russie d\u00e9but 2020,&hellip;\n","protected":false},"author":2,"featured_media":494266,"comment_status":"","ping_status":"","sticky":false,"template":"","format":"standard","meta":{"footnotes":""},"categories":[1591],"tags":[328,11,1887,27,329,74,12,1885,1886,132,220],"class_list":{"0":"post-494265","1":"post","2":"type-post","3":"status-publish","4":"format-standard","5":"has-post-thumbnail","7":"category-russie","8":"tag-a-la-une","9":"tag-actualites","10":"tag-federation-de-russie","11":"tag-france","12":"tag-france-monde","13":"tag-monde","14":"tag-news","15":"tag-russia","16":"tag-russian-federation","17":"tag-russie","18":"tag-ukraine"},"share_on_mastodon":{"url":"https:\/\/pubeurope.com\/@fr\/115448909946482222","error":""},"_links":{"self":[{"href":"https:\/\/www.europesays.com\/fr\/wp-json\/wp\/v2\/posts\/494265","targetHints":{"allow":["GET"]}}],"collection":[{"href":"https:\/\/www.europesays.com\/fr\/wp-json\/wp\/v2\/posts"}],"about":[{"href":"https:\/\/www.europesays.com\/fr\/wp-json\/wp\/v2\/types\/post"}],"author":[{"embeddable":true,"href":"https:\/\/www.europesays.com\/fr\/wp-json\/wp\/v2\/users\/2"}],"replies":[{"embeddable":true,"href":"https:\/\/www.europesays.com\/fr\/wp-json\/wp\/v2\/comments?post=494265"}],"version-history":[{"count":0,"href":"https:\/\/www.europesays.com\/fr\/wp-json\/wp\/v2\/posts\/494265\/revisions"}],"wp:featuredmedia":[{"embeddable":true,"href":"https:\/\/www.europesays.com\/fr\/wp-json\/wp\/v2\/media\/494266"}],"wp:attachment":[{"href":"https:\/\/www.europesays.com\/fr\/wp-json\/wp\/v2\/media?parent=494265"}],"wp:term":[{"taxonomy":"category","embeddable":true,"href":"https:\/\/www.europesays.com\/fr\/wp-json\/wp\/v2\/categories?post=494265"},{"taxonomy":"post_tag","embeddable":true,"href":"https:\/\/www.europesays.com\/fr\/wp-json\/wp\/v2\/tags?post=494265"}],"curies":[{"name":"wp","href":"https:\/\/api.w.org\/{rel}","templated":true}]}}