{"id":494282,"date":"2025-10-28T00:22:18","date_gmt":"2025-10-28T00:22:18","guid":{"rendered":"https:\/\/www.europesays.com\/fr\/494282\/"},"modified":"2025-10-28T00:22:18","modified_gmt":"2025-10-28T00:22:18","slug":"le-prix-nobel-deconomie-philippe-aghion-fustige-le-contre-budget-du-rn","status":"publish","type":"post","link":"https:\/\/www.europesays.com\/fr\/494282\/","title":{"rendered":"le Prix Nobel d\u2019\u00e9conomie Philippe Aghion fustige le contre-budget du RN"},"content":{"rendered":"<p>\n    L\u2019\u00e9conomiste, r\u00e9compens\u00e9 r\u00e9cemment pour ses travaux sur la croissance fond\u00e9e sur l\u2019innovation, s\u2019en est pris notamment aux mesures propos\u00e9es par le parti de Marine Le Pen et Jordan Bardella \u00absur l\u2019immigration et la pr\u00e9f\u00e9rence nationale\u00bb.<\/p>\n<p class=\"fig-paragraph\">\u00abIrr\u00e9aliste\u00bb, \u00e9conomies \u00abfantaisistes\u00bb, \u00abincomp\u00e9tents\u00bb&#8230; C\u2019est peu dire que le \u00abcontre-budget\u00bb\u00a0<a href=\"http:\/\/www.lefigaro.fr\/politique\/le-rn-propose-36-milliards-d-economies-dans-son-contre-budget-20251023\" target=\"_blank\" data-fig-type=\"Article\" rel=\"noopener\" data-gtm-custom-categorie=\"navigation\" data-gtm-custom-action=\"crossclick\" data-gtm-custom-label=\"Contextuel\" data-gtm-event=\"customEventSPE\" data-fig-domain=\"LEFIGARO\">pr\u00e9sent\u00e9 par le Rassemblement national (RN) la semaine derni\u00e8re<\/a>\u00a0ne convainc pas le prix Nobel d\u2019\u00e9conomie 2025.\u00a0<a href=\"http:\/\/www.lefigaro.fr\/conjoncture\/le-prix-nobel-d-economie-2025-decerne-au-francais-philippe-aghion-a-joel-mokyr-usa-israel-et-au-canadien-peter-howitt-20251013\" target=\"_blank\" data-fig-type=\"NewsFlash\" rel=\"noopener\" data-gtm-custom-categorie=\"navigation\" data-gtm-custom-action=\"crossclick\" data-gtm-custom-label=\"Contextuel\" data-gtm-event=\"customEventSPE\" data-fig-domain=\"LEFIGARO\">R\u00e9compens\u00e9 le 13 octobre dernier<\/a>\u00a0avec ses confr\u00e8res Joel Mokyr et Peter Howitt pour ses travaux sur la croissance \u00e9conomique fond\u00e9e sur l\u2019innovation, Philippe Aghion a \u00e9t\u00e9 invit\u00e9 ce lundi matin, sur RFI, \u00e0 r\u00e9agir aux propositions \u00e9conomiques et fiscales du parti de Marine Le Pen et Jordan Bardella.<\/p>\n<p class=\"fig-paragraph\">\u00abCe programme est irr\u00e9aliste\u00bb, a jug\u00e9 celui qui \u00e9tait le principal conseiller \u00e9conomique d\u2019Emmanuel Macron en 2017, s\u2019en prenant notamment aux \u00ab\u00e9conomies sur l\u2019immigration et la pr\u00e9f\u00e9rence nationale\u00bb. Elles \u00abne sont pas applicables en 2026\u00bb, \u00abne sont pas constitutionnelles\u00bb et \u00absont largement surestim\u00e9es\u00bb, a-t-il lanc\u00e9. Elles sont estim\u00e9es par le RN \u00e0 pr\u00e8s de 12 milliards d\u2019euros, sur un contre-budget global qui propose 36 milliards d\u2019\u00e9conomies suppl\u00e9mentaires &#8211; dans le d\u00e9tail 50 milliards de baisses des d\u00e9penses et 14 milliards de baisses des recettes. La copie du gouvernement de S\u00e9bastien Lecornu entend, elle, d\u00e9gager une trentaine de milliards d\u2019\u00e9conomies.<\/p>\n<p>                                    <a class=\"fig-a11y-skip a11y-hidden\" href=\"#fig-a11y-skip-main-inarticle\"><br \/>\n        Passer la publicit\u00e9<br \/>\n    <\/a><\/p>\n<p class=\"fig-paragraph\">\u00abLes \u00e9conomies sur la fraude sont fantaisistes. Si l\u2019on savait \u00e9conomiser 5 milliards d\u2019euros sur la fraude, on le saurait\u00bb, a enfonc\u00e9 Philippe Aghion, alors que le Haut conseil des finances publiques (HCFP) a d\u00e9j\u00e0 jug\u00e9 \u00abpas cr\u00e9dible\u00bb\u00a0<a href=\"http:\/\/www.lefigaro.fr\/social\/le-gouvernement-presente-son-plan-de-lutte-contre-la-fraude-sociale-et-fiscale-20251014\" target=\"_blank\" data-fig-type=\"NewsFlash\" rel=\"noopener\" data-gtm-custom-categorie=\"navigation\" data-gtm-custom-action=\"crossclick\" data-gtm-custom-label=\"Contextuel\" data-gtm-event=\"customEventSPE\" data-fig-domain=\"LEFIGARO\">le plan du gouvernement de lutte contre la fraude sociale et fiscale<\/a>, dont le rendement attendu atteint p\u00e9niblement 1,5 milliard d\u2019euros. Quant aux \u00e9conomies pr\u00e9vues sur le budget de l\u2019Union europ\u00e9enne (8,7 milliards), elles \u00absont contraires aux trait\u00e9s\u00bb, a affirm\u00e9 l\u2019\u00e9conomiste, ajoutant que \u00abla France re\u00e7oit de l\u2019argent de l\u2019Union europ\u00e9enne\u00bb. \u00abLes premi\u00e8res victimes d\u2019une baisse des contributions fran\u00e7aises \u00e0 l\u2019Europe seraient les agriculteurs\u00bb, a-t-il relev\u00e9.<\/p>\n<p class=\"fig-body-link\">\n            \u00c0 lire aussi<br \/>\n        <a class=\"fig-body-link__link fig-premium-mark\" href=\"http:\/\/www.lefigaro.fr\/conjoncture\/il-faut-produire-pour-pouvoir-redistribuer-philippe-aghion-le-prix-nobel-d-economie-qui-prefere-la-croissance-a-l-impot-20251013\" target=\"_blank\" data-fig-type=\"Article\" rel=\"noopener\" data-gtm-custom-categorie=\"navigation\" data-gtm-custom-action=\"crossclick\" data-gtm-custom-label=\"Contextuel\" data-gtm-event=\"customEventSPE\" data-fig-domain=\"LEFIGARO\"><\/p>\n<p>        \u00ab\u00a0Il faut produire pour pouvoir redistribuer\u00a0\u00bb\u00a0:\u00a0Philippe Aghion, le Prix Nobel d\u2019\u00e9conomie qui pr\u00e9f\u00e8re la croissance \u00e0 l\u2019imp\u00f4t<br \/>\n    <\/a>\n<\/p>\n<p>Des \u00e9conomies sur les op\u00e9rateurs de l\u2019\u00c9tat \u00abinvent\u00e9es\u00bb<\/p>\n<p class=\"fig-paragraph\">Pire, selon le professeur au Coll\u00e8ge de France, \u00e0 l\u2019Insead et \u00e0 la London School of Economics, \u00ables \u00e9conomies de 7 milliards d\u2019euros en 2026 sur les agences et op\u00e9rateurs [de l\u2019\u00c9tat, NDLR] sont invent\u00e9es\u00bb. Celui-ci a dit s\u2019appuyer sur \u00abun rapport s\u00e9natorial LR, qui estime ces \u00e9conomies \u00e0 un maximum de 500 millions d\u2019euros\u00bb. Publi\u00e9 en juillet dernier, le rapport de la \u00abcommission d\u2019enqu\u00eate sur les missions des agences, op\u00e9rateurs et organismes consultatifs de l\u2019\u00c9tat\u00bb \u00e9voque en effet une \u00e9conomie maximale \u00abde l\u2019ordre de 540 millions d\u2019euros\u00bb en r\u00e9duisant de 20% le co\u00fbt des fonctions support de ces dizaines d\u2019op\u00e9rateurs et agences (Ademe, CNRS, ARS, Bpifrance, etc.).<\/p>\n<p class=\"fig-paragraph\">\u00abCe sont des grands amateurs. Ce ne sont pas des gens s\u00e9rieux. Ils ne sont pas capables de g\u00e9rer la France. Je ne leur confie pas les manettes de la France pour gouverner. Ils sont incomp\u00e9tents\u00bb, a ainsi tacl\u00e9 Philippe Aghion en parlant du RN, affirmant qu\u2019il ferait tout pour que le parti \u00e0 la flamme n\u2019arrive pas au pouvoir en France. Il l\u2019avait d\u00e9j\u00e0 dit il y a quelques jours sur France Inter, confiant\u00a0<a href=\"http:\/\/www.lefigaro.fr\/politique\/retraites-pour-eviter-le-danger-du-rn-au-pouvoir-le-nobel-d-economie-philippe-aghion-appelle-a-une-solution-negociee-20251014\" target=\"_blank\" data-fig-type=\"NewsFlash\" rel=\"noopener\" data-gtm-custom-categorie=\"navigation\" data-gtm-custom-action=\"crossclick\" data-gtm-custom-label=\"Contextuel\" data-gtm-event=\"customEventSPE\" data-fig-domain=\"LEFIGARO\">s\u2019inqui\u00e9ter du \u00abdanger de l\u2019arriv\u00e9e du Rassemblement national\u00bb<\/a> \u00a0au pouvoir.<\/p>\n","protected":false},"excerpt":{"rendered":"L\u2019\u00e9conomiste, r\u00e9compens\u00e9 r\u00e9cemment pour ses travaux sur la croissance fond\u00e9e sur l\u2019innovation, s\u2019en est pris notamment aux mesures&hellip;\n","protected":false},"author":2,"featured_media":494283,"comment_status":"","ping_status":"","sticky":false,"template":"","format":"standard","meta":{"footnotes":""},"categories":[2],"tags":[11,1003,1011,27,12,33226,1078,25],"class_list":{"0":"post-494282","1":"post","2":"type-post","3":"status-publish","4":"format-standard","5":"has-post-thumbnail","7":"category-actualites","8":"tag-actualites","9":"tag-budget","10":"tag-fr","11":"tag-france","12":"tag-news","13":"tag-prix-nobel","14":"tag-rassemblement-national","15":"tag-republique-francaise"},"share_on_mastodon":{"url":"https:\/\/pubeurope.com\/@fr\/115448941319466634","error":""},"_links":{"self":[{"href":"https:\/\/www.europesays.com\/fr\/wp-json\/wp\/v2\/posts\/494282","targetHints":{"allow":["GET"]}}],"collection":[{"href":"https:\/\/www.europesays.com\/fr\/wp-json\/wp\/v2\/posts"}],"about":[{"href":"https:\/\/www.europesays.com\/fr\/wp-json\/wp\/v2\/types\/post"}],"author":[{"embeddable":true,"href":"https:\/\/www.europesays.com\/fr\/wp-json\/wp\/v2\/users\/2"}],"replies":[{"embeddable":true,"href":"https:\/\/www.europesays.com\/fr\/wp-json\/wp\/v2\/comments?post=494282"}],"version-history":[{"count":0,"href":"https:\/\/www.europesays.com\/fr\/wp-json\/wp\/v2\/posts\/494282\/revisions"}],"wp:featuredmedia":[{"embeddable":true,"href":"https:\/\/www.europesays.com\/fr\/wp-json\/wp\/v2\/media\/494283"}],"wp:attachment":[{"href":"https:\/\/www.europesays.com\/fr\/wp-json\/wp\/v2\/media?parent=494282"}],"wp:term":[{"taxonomy":"category","embeddable":true,"href":"https:\/\/www.europesays.com\/fr\/wp-json\/wp\/v2\/categories?post=494282"},{"taxonomy":"post_tag","embeddable":true,"href":"https:\/\/www.europesays.com\/fr\/wp-json\/wp\/v2\/tags?post=494282"}],"curies":[{"name":"wp","href":"https:\/\/api.w.org\/{rel}","templated":true}]}}