{"id":494286,"date":"2025-10-28T00:25:12","date_gmt":"2025-10-28T00:25:12","guid":{"rendered":"https:\/\/www.europesays.com\/fr\/494286\/"},"modified":"2025-10-28T00:25:12","modified_gmt":"2025-10-28T00:25:12","slug":"48-heures-chrono-un-double-defi-pour-le-tours-volley-ball","status":"publish","type":"post","link":"https:\/\/www.europesays.com\/fr\/494286\/","title":{"rendered":"48 heures chrono, un double d\u00e9fi pour le Tours Volley-Ball"},"content":{"rendered":"<p><strong>Tours\u00a0&#8211; Narbonne<\/strong><\/p>\n<p>Les supporteurs du Tours Volley-Ball vont \u00eatre g\u00e2t\u00e9s, voire m\u00eame rassasi\u00e9s avec une double dose de volley. Le tout en 48 heures\u00a0! Cela commence ce mardi 28\u00a0octobre 2025, avec la venue de Narbonne, qui n\u2019est autre que <a target=\"_self\" href=\"https:\/\/www.lanouvellerepublique.fr\/poitiers\/msl-chaumont-reste-a-quai-1761502700\" rel=\"noopener\">le coleader de MSL<\/a> avec, excusez du peu, Montpellier et Tours. Et cela se poursuivra, jeudi soir, avec le derby face \u00e0 Poitiers, toujours \u00e0 Grenon, remake de <a target=\"_self\" href=\"https:\/\/www.lanouvellerepublique.fr\/poitiers\/msl-le-sacre-pour-tours-la-fierte-de-poitiers-1747520021\" rel=\"noopener\">la derni\u00e8re finale du championnat<\/a> de France&#8230;. <\/p>\n<p>    Cet article a \u00e9t\u00e9 tronqu\u00e9. Abonnez-vous pour lire l&rsquo;article complet sur notre site.<\/p>\n<p style=\"margin: 0 !important; padding: 0 !important; font-size: 12px !important;\">Cet article a \u00e9t\u00e9 tronqu\u00e9. Abonnez-vous pour lire l&rsquo;article complet.<\/p>\n<p>    <a href=\"https:\/\/www.lanouvellerepublique.fr\/abonnements\" style=\"display: inline-block; margin-top: 5px !important; padding: 6px 12px !important; background: #cb1c27; color: white; text-decoration: none; border-radius: 4px; font-size: 12px !important;\" target=\"_blank\" rel=\"noopener\"><br \/>\n      S&rsquo;abonner<br \/>\n    <\/a><\/p>\n","protected":false},"excerpt":{"rendered":"Tours\u00a0&#8211; Narbonne Les supporteurs du Tours Volley-Ball vont \u00eatre g\u00e2t\u00e9s, voire m\u00eame rassasi\u00e9s avec une double dose de&hellip;\n","protected":false},"author":2,"featured_media":494287,"comment_status":"","ping_status":"","sticky":false,"template":"","format":"standard","meta":{"footnotes":""},"categories":[1417],"tags":[1392,1011,27,1387,1655,60,1390,1471,2767,1470,1469],"class_list":{"0":"post-494286","1":"post","2":"type-post","3":"status-publish","4":"format-standard","5":"has-post-thumbnail","7":"category-volley","8":"tag-a-la-une-local","9":"tag-fr","10":"tag-france","11":"tag-indre-et-loire","12":"tag-ligue-a","13":"tag-sports","14":"tag-tours","15":"tag-tours-volley-ball","16":"tag-tvb-37","17":"tag-volley","18":"tag-volleyball"},"share_on_mastodon":{"url":"https:\/\/pubeurope.com\/@fr\/115448953223775884","error":""},"_links":{"self":[{"href":"https:\/\/www.europesays.com\/fr\/wp-json\/wp\/v2\/posts\/494286","targetHints":{"allow":["GET"]}}],"collection":[{"href":"https:\/\/www.europesays.com\/fr\/wp-json\/wp\/v2\/posts"}],"about":[{"href":"https:\/\/www.europesays.com\/fr\/wp-json\/wp\/v2\/types\/post"}],"author":[{"embeddable":true,"href":"https:\/\/www.europesays.com\/fr\/wp-json\/wp\/v2\/users\/2"}],"replies":[{"embeddable":true,"href":"https:\/\/www.europesays.com\/fr\/wp-json\/wp\/v2\/comments?post=494286"}],"version-history":[{"count":0,"href":"https:\/\/www.europesays.com\/fr\/wp-json\/wp\/v2\/posts\/494286\/revisions"}],"wp:featuredmedia":[{"embeddable":true,"href":"https:\/\/www.europesays.com\/fr\/wp-json\/wp\/v2\/media\/494287"}],"wp:attachment":[{"href":"https:\/\/www.europesays.com\/fr\/wp-json\/wp\/v2\/media?parent=494286"}],"wp:term":[{"taxonomy":"category","embeddable":true,"href":"https:\/\/www.europesays.com\/fr\/wp-json\/wp\/v2\/categories?post=494286"},{"taxonomy":"post_tag","embeddable":true,"href":"https:\/\/www.europesays.com\/fr\/wp-json\/wp\/v2\/tags?post=494286"}],"curies":[{"name":"wp","href":"https:\/\/api.w.org\/{rel}","templated":true}]}}