{"id":494309,"date":"2025-10-28T00:44:15","date_gmt":"2025-10-28T00:44:15","guid":{"rendered":"https:\/\/www.europesays.com\/fr\/494309\/"},"modified":"2025-10-28T00:44:15","modified_gmt":"2025-10-28T00:44:15","slug":"vents-a-250-km-h-pluies-torrentielles-une-catastrophe-attendue-en-jamaique","status":"publish","type":"post","link":"https:\/\/www.europesays.com\/fr\/494309\/","title":{"rendered":"vents \u00e0 250\u00a0km\/h, pluies torrentielles&#8230; Une catastrophe attendue en Jama\u00efque"},"content":{"rendered":"<p class=\"app_entry_lead\">\n<p>                    <a title=\"\u00a0\u00a9\u00a0soundofsunset\" href=\"https:\/\/www.europesays.com\/fr\/wp-content\/uploads\/2025\/10\/82009214.jpg\" class=\"fancy\"><\/p>\n<p>                            <img loading=\"lazy\" decoding=\"async\" src=\"https:\/\/www.europesays.com\/fr\/wp-content\/uploads\/2025\/10\/82009214.jpg\" alt=\"Ouragan M\u00e9lissa\u00a0: vents \u00e0 250\u00a0km\/h, pluies torrentielles... Une catastrophe attendue en Jama\u00efque\" width=\"1500\" height=\"986\"\/><\/p>\n<p>                    <\/a><\/p>\n<p>                L&rsquo;ouragan Melissa progresse en mer des Cara\u00efbes et s&rsquo;appr\u00eate \u00e0 frapper la Jama\u00efque. Un ph\u00e9nom\u00e8ne d&rsquo;une extr\u00eame violence est annonc\u00e9.<\/p>\n<p>La France a \u00e9t\u00e9 touch\u00e9e par une tornade puis par une temp\u00eate la semaine derni\u00e8re, les d\u00e9g\u00e2ts ont \u00e9t\u00e9 importants et plusieurs morts sont \u00e0 d\u00e9plorer. Ce lundi 27 octobre, c&rsquo;est l&rsquo;ouragan Melissa qui inqui\u00e8te, mais de l&rsquo;autre c\u00f4t\u00e9 de l&rsquo;Atlantique, en mer des Cara\u00efbes. Cette temp\u00eate tropicale, qui a d\u00e9j\u00e0 fait quatre morts, s&rsquo;est transform\u00e9e en ouragan de niveau d&rsquo;alerte maximal, soit la cat\u00e9gorie 5 sur l&rsquo;\u00e9chelle de Saffir-Simpson. Melissa va encore balayer jusqu&rsquo;\u00e0 mercredi plusieurs \u00eeles et pays des Cara\u00efbes. Sa lente progression (environ 6km\/h) est inqui\u00e9tante car cela va provoquer des intemp\u00e9ries prolong\u00e9es.\u00a0<\/p>\n<p>L&rsquo;ouragan va d&rsquo;abord toucher la Jama\u00efque.\u00a0Les vents pourraient d\u00e9passer les 250 km\/h, avec des rafales possibles \u00e0 plus de 300 km\/h. Des pluies torrentielles vont se d\u00e9verser : \u00ab\u00a0plus de 750\u00a0mm attendus, soit un an et demi de pluie parisienne en quatre jours\u00a0\u00bb, a soulign\u00e9 sur\u00a0<a href=\"https:\/\/x.com\/SergeZaka\/status\/1982455967590543869\" target=\"_blank\" rel=\"nofollow\">X<\/a>\u00a0l&rsquo;agroclimatologue Serge Zaka et cela pourrait monter jusqu&rsquo;\u00e0 1\u00a0m\u00e8tre dans certaines r\u00e9gions.\u00a0\u00ab\u00a0Les vents destructeurs, les ondes de temp\u00eates et les inondations catastrophiques vont s&rsquo;aggraver en Jama\u00efque au cours de la journ\u00e9e et jusqu&rsquo;\u00e0 ce soir\u00a0\u00bb, a r\u00e9sum\u00e9 le\u00a0Centre am\u00e9ricain des ouragans\u00a0(NHC) dans son dernier\u00a0<a href=\"https:\/\/www.nhc.noaa.gov\/text\/refresh\/MIATCPAT3+shtml\/270850.shtml\" target=\"_blank\" rel=\"nofollow noopener\">bulletin<\/a>. Il craint des risques majeurs comme des inondations c\u00f4ti\u00e8res et des \u00e9boulements.<\/p>\n<p>Les vagues pourraient aussi \u00eatre tr\u00e8s hautes suite aux ondes de temp\u00eate, probablement jusqu&rsquo;\u00e0 8\u00a0m\u00e8tres. Des chutes d&rsquo;arbres et des coupures de courant peuvent se produire. Les habitants de Jama\u00efque sont ainsi appel\u00e9s \u00e0 rester en lieu s\u00fbr ou \u00e0 rejoindre les refuges list\u00e9s. Ce danger pourrait durer jusqu&rsquo;\u00e0 deux ou trois jours.\u00a0<\/p>\n<p>D&rsquo;autres territoires touch\u00e9s<\/p>\n<p>Il pourrait s&rsquo;agir d&rsquo;un des ouragans les plus violents jamais observ\u00e9s dans cette r\u00e9gion, rapporte\u00a0<a href=\"https:\/\/actualite.lachainemeteo.com\/actualite-meteo\/2025-10-24\/ouragan-majeur-melissa-en-categorie-5-sur-la-jamaique-vers-une-catastrophe-dans-les-caraibes-82515\" target=\"_blank\" rel=\"nofollow noopener\">La Chaine M\u00e9t\u00e9o<\/a>.\u00a0Le denier ouragan majeur qui avait touch\u00e9 la Jama\u00efque remonte \u00e0 juillet 2024 : il avait \u00e9t\u00e9 anormalement puissant pour la saison, avec de fortes pluies et des vents violents. Melissa pourrait se trouver un cran au-dessus, \u00e9quivalent davantage \u00e0 l&rsquo;ouragan Gilbert de 1988, qui avait touch\u00e9 plusieurs pays de la zone et fait 300\u00a0victimes. M\u00e9lissa est d\u00e9j\u00e0 le cyclone en cat\u00e9gorie maximale le plus tardif jamais observ\u00e9 depuis 1924\u00a0en Jama\u00efque.\u00a0<\/p>\n<p>L&rsquo;ouragan se d\u00e9calera ensuite vers Ha\u00efti, la R\u00e9publique dominicaine et l&rsquo;est de Cuba dans la soir\u00e9e de mardi avec une puissance qui pourrait avoir un peu diminu\u00e9. Jusqu&rsquo;\u00e0 50\u00a0centim\u00e8tres de pluie sont tout de m\u00eame attendus \u00e0 Cuba et \u00e0 Ha\u00efti, des d\u00e9g\u00e2ts sur les infrastructures sont appr\u00e9hend\u00e9s.\u00a0Mercredi, le ph\u00e9nom\u00e8ne devrait se situer sur le sud des Bahamas et sur les \u00eeles britanniques Turques-et-Ca\u00efques.<\/p>\n<p>Derni\u00e8res mises \u00e0 jour<\/p>\n<p><a name=\"post1761605121\"\/>23:45 &#8211; Avec le passage de l&rsquo;ouragan Melissa, le risque \u00e9lev\u00e9 d&rsquo;inondations<\/p>\n<p>C&rsquo;est tous le nord des Cara\u00efbes que le passage de l&rsquo;ouragan Melissa va inonder\u00a0jusqu&rsquo;au milieu de semaine. Une fois la Jama\u00efque d\u00e9pass\u00e9e, une grande partie du sud de Cuba sera affect\u00e9e par les pluies, tout comme le centre et le sud-est des Bahamas, le sud d&rsquo;Ha\u00efti et la R\u00e9publique dominicaine. CNN \u00e9voque des inondations \u00ab\u00a0g\u00e9n\u00e9ralis\u00e9es\u00a0\u00bb, des routes \u00ab\u00a0impraticables\u00a0\u00bb et un grand risque de \u00ab\u00a0glissement de terrain\u00a0\u00bb jusqu&rsquo;\u00e0 mercredi minimum.<\/p>\n<p><a name=\"post1761601425\"\/>22:43 &#8211; L\u00e9g\u00e8re \u00e9volution de la trajectoire prise par l&rsquo;ouragan Melissa<\/p>\n<p>Selon le\u00a0National Hurricane Center, l&rsquo;ouragan Melissa s&rsquo;est d\u00e9plac\u00e9 vers l&rsquo;ouest de sa trajectoire pr\u00e9vue ces derni\u00e8res heures. Cons\u00e9quence : son point d&rsquo;atterrissage en Jama\u00efque n&rsquo;est plus le m\u00eame. D\u00e9sormais, l&rsquo;ouragan Melissa devrait toucher terre non loin de Black River, soit dans le sud-ouest de l&rsquo;\u00eele. Et ce, peu apr\u00e8s le lever du soleil mardi.<\/p>\n<p><a name=\"post1761599734\"\/>22:15 &#8211; \u00ab\u00a0Je ne pense pas qu&rsquo;une seule infrastructure de cette r\u00e9gion puisse r\u00e9sister\u00a0\u00bb<\/p>\n<p>Le Premier ministre jama\u00efquain s&rsquo;est montr\u00e9 particuli\u00e8rement pessimiste quant aux d\u00e9g\u00e2ts que pourrait causer\u00a0le passage de l&rsquo;ouragan Melissa.\u00a0\u00ab\u00a0Je ne pense pas qu&rsquo;une seule infrastructure de cette r\u00e9gion puisse r\u00e9sister \u00e0 un ouragan de cat\u00e9gorie 5\u00a0\u00bb, a d\u00e9clar\u00e9\u00a0Andrew Holness au micro de CNN, estimant qu&rsquo;il pourrait donc \u00ab\u00a0y avoir d&rsquo;importantes destructions\u00a0\u00bb.<\/p>\n<p><a name=\"post1761592650\"\/>20:17 &#8211; Pourquoi le fait que l&rsquo;ouragan Melissa se d\u00e9place lentement en fait une plus grande menace encore ?<\/p>\n<p>Les images satellites de Melissa t\u00e9moignent d&rsquo;un ouragan qui se d\u00e9place particuli\u00e8rement lentement. Or, cette lenteur en fait une plus grande menace encore pour les territoires qu&rsquo;il traverse. \u00ab\u00a0Le risque de glissements de terrain est maximal, en particulier sur la Jama\u00efque o\u00f9 il pourrait tomber plus de 1 000 mm d\u2019eau\u00a0\u00bb, rapporte Visactu.<\/p>\n<blockquote class=\"twitter-tweet\"><p>&#13;<\/p>\n<p dir=\"ltr\" lang=\"fr\">Voici les toutes derni\u00e8res images satellites de l&rsquo;ouragan <a href=\"https:\/\/twitter.com\/hashtag\/Melissa?src=hash&amp;ref_src=twsrc%5Etfw\" rel=\"nofollow noopener\" target=\"_blank\">#Melissa<\/a>.<br \/>&#13;<br \/>\nUn ouragan qui se d\u00e9place tr\u00e8s lentement ce qui aggrave son potentiel destructeur. Le risque de glissements de terrain est maximal, en particulier sur la <a href=\"https:\/\/twitter.com\/hashtag\/Jama%C3%AFque?src=hash&amp;ref_src=twsrc%5Etfw\" rel=\"nofollow noopener\" target=\"_blank\">#Jama\u00efque<\/a> o\u00f9 il pourrait tomber plus de 1000 mm d\u2019eau. <a href=\"https:\/\/t.co\/Uo2ophQvlS\" rel=\"nofollow\">pic.twitter.com\/Uo2ophQvlS<\/a><\/p>\n<p>&#13;<br \/>\n\u2014 Visactu (@visactu) <a href=\"https:\/\/twitter.com\/visactu\/status\/1982885939824472337?ref_src=twsrc%5Etfw\" rel=\"nofollow noopener\" target=\"_blank\">October 27, 2025<\/a><\/p><\/blockquote>\n<p>&#13;<\/p>\n<p><a name=\"post1761588083\"\/>19:01 &#8211; 4 personnes d\u00e9j\u00e0 tu\u00e9es par l&rsquo;ouragan<\/p>\n<p>Avant son passage en cat\u00e9gorie maximale, l&rsquo;ouragan a d\u00e9j\u00e0 fait des d\u00e9g\u00e2ts. A\u00a0Ha\u00efti, trois personnes sont mortes et des centaines de maisons ont \u00e9t\u00e9 inond\u00e9es. En R\u00e9publique dominicaine, un homme de 79 ans a \u00e9t\u00e9 emport\u00e9 par les eaux des crues dans la capitale, selon les m\u00e9dias locaux. Un adolescent est aussi port\u00e9 disparu, emport\u00e9 par les courants alors qu&rsquo;il nageait en mer. La mont\u00e9e des eaux a \u00e9galement\u00a0surpris plusieurs personnes dans leurs voitures, qui ont d\u00fb \u00eatre secourues.<\/p>\n<p><a name=\"post1761584338\"\/>17:58 &#8211; Une partie de la capitale \u00e9vacu\u00e9e<\/p>\n<p>A l&rsquo;approche de l&rsquo;ouragan, le gouvernement jama\u00efcain a ordonn\u00e9 l&rsquo;\u00e9vacuation de certaines parties de Kingston, capitale de l&rsquo;\u00eele. Tout le territoire est cependant class\u00e9 comme \u00ab\u00a0menac\u00e9\u00a0\u00bb.\u00a0<\/p>\n<p><a name=\"post1761578455\"\/>16:20 &#8211; Des mesures mises en place<\/p>\n<p>Face au risque, les habitants sont appel\u00e9s \u00e0 rester en lieu s\u00fbr. Le Premier ministre jama\u00efcain, Andrew Holness, a ainsi appel\u00e9 la population \u00e0 faire preuve de \u201cprudence extr\u00eame\u201d.\u00a0 Les autorit\u00e9s ont annonc\u00e9 la fermeture des \u00e9coles, la suspension des transports publics et ont mobilis\u00e9 les centres d\u2019h\u00e9bergement d\u2019urgence. Face \u00e0 la peur de la dur\u00e9e du ph\u00e9nom\u00e8ne, de nombreux habitants ont fait des stocks d&rsquo;eau, de nourriture ou encore de m\u00e9dicaments.\u00a0<\/p>\n<p><a name=\"post1761577836\"\/>16:10 &#8211; Des intemp\u00e9ries \u00ab\u00a0destructrices\u00a0\u00bb annonc\u00e9es<\/p>\n<p>Des intemp\u00e9ries \u00ab\u00a0destructrices\u00a0\u00bb sont attendues sur la Jama\u00efque. La NHC s&rsquo;attend \u00e0 des vents soutenus sur une minute de 260 km\/h.\u00a0C\u00f4t\u00e9 pr\u00e9cipitations, l&rsquo;ouragan devrait apporter \u00ab\u00a0entre 38 et 76 centim\u00e8tres de pluie\u00a0\u00bb sur certaines parties de\u00a0la Jama\u00efque. Cette situation pourrait provoquer des inondations \u00ab\u00a0soudaines et potentiellement mortelles\u00a0\u00bb. Les vagues pourraient aussi \u00eatre \u00ab\u00a0d\u00e9vastatrices\u00a0\u00bb.\u00a0<\/p>\n<p>                    <script async src=\"https:\/\/platform.twitter.com\/widgets.js\" charset=\"utf-8\"><\/script><\/p>\n","protected":false},"excerpt":{"rendered":"L&rsquo;ouragan Melissa progresse en mer des Cara\u00efbes et s&rsquo;appr\u00eate \u00e0 frapper la Jama\u00efque. Un ph\u00e9nom\u00e8ne d&rsquo;une extr\u00eame violence&hellip;\n","protected":false},"author":2,"featured_media":494310,"comment_status":"","ping_status":"","sticky":false,"template":"","format":"standard","meta":{"footnotes":""},"categories":[5],"tags":[11,61677,51761,51763,1011,27,14,12,51767,104,28],"class_list":{"0":"post-494309","1":"post","2":"type-post","3":"status-publish","4":"format-standard","5":"has-post-thumbnail","7":"category-international","8":"tag-actualites","9":"tag-cms-linternaute-9104580","10":"tag-controller-content","11":"tag-format-papier","12":"tag-fr","13":"tag-france","14":"tag-international","15":"tag-news","16":"tag-parallaxeinfeed","17":"tag-societe","18":"tag-world"},"share_on_mastodon":{"url":"https:\/\/pubeurope.com\/@fr\/115449028145888137","error":""},"_links":{"self":[{"href":"https:\/\/www.europesays.com\/fr\/wp-json\/wp\/v2\/posts\/494309","targetHints":{"allow":["GET"]}}],"collection":[{"href":"https:\/\/www.europesays.com\/fr\/wp-json\/wp\/v2\/posts"}],"about":[{"href":"https:\/\/www.europesays.com\/fr\/wp-json\/wp\/v2\/types\/post"}],"author":[{"embeddable":true,"href":"https:\/\/www.europesays.com\/fr\/wp-json\/wp\/v2\/users\/2"}],"replies":[{"embeddable":true,"href":"https:\/\/www.europesays.com\/fr\/wp-json\/wp\/v2\/comments?post=494309"}],"version-history":[{"count":0,"href":"https:\/\/www.europesays.com\/fr\/wp-json\/wp\/v2\/posts\/494309\/revisions"}],"wp:featuredmedia":[{"embeddable":true,"href":"https:\/\/www.europesays.com\/fr\/wp-json\/wp\/v2\/media\/494310"}],"wp:attachment":[{"href":"https:\/\/www.europesays.com\/fr\/wp-json\/wp\/v2\/media?parent=494309"}],"wp:term":[{"taxonomy":"category","embeddable":true,"href":"https:\/\/www.europesays.com\/fr\/wp-json\/wp\/v2\/categories?post=494309"},{"taxonomy":"post_tag","embeddable":true,"href":"https:\/\/www.europesays.com\/fr\/wp-json\/wp\/v2\/tags?post=494309"}],"curies":[{"name":"wp","href":"https:\/\/api.w.org\/{rel}","templated":true}]}}