{"id":494311,"date":"2025-10-28T00:45:12","date_gmt":"2025-10-28T00:45:12","guid":{"rendered":"https:\/\/www.europesays.com\/fr\/494311\/"},"modified":"2025-10-28T00:45:12","modified_gmt":"2025-10-28T00:45:12","slug":"les-auteurs-presumes-des-attaques-contre-brigitte-macron-minimisent-leur-role-20-minutes","status":"publish","type":"post","link":"https:\/\/www.europesays.com\/fr\/494311\/","title":{"rendered":"Les auteurs pr\u00e9sum\u00e9s des attaques contre Brigitte Macron minimisent leur r\u00f4le &#8211; 20 Minutes"},"content":{"rendered":"<ol>\n<li><a href=\"https:\/\/news.google.com\/rss\/articles\/CBMi1AFBVV95cUxPOXVpdVZIeFhJNlI3ZVV3cDFqcGMwMUFFVkJvTFFOY3dWZF8wSnU5ZHBYbFZCcFpiTUlLRGd3MlFERGJKdkRkTzM2R0xRZUhpWFV0TnZ4X01fTnNWNWhYajZtbVRzSHJGVW5UejRMV0lDRURNZGZscWV3SUhhSVo0V2xEekh5cjl6cVVpbVlBRlRWN192cDRNRmppMXNSdW5LTGRmMlpGNGwzQWQwSEZuSXFTWm92eGw1cVFLYW4wMVFvS0pwOFl0MUtnUXlubDBNRVUyNA?oc=5\" target=\"_blank\" rel=\"nofollow noopener\">Les auteurs pr\u00e9sum\u00e9s des attaques contre Brigitte Macron minimisent leur r\u00f4le<\/a>&nbsp;&nbsp;20 Minutes<\/li>\n<li><a href=\"https:\/\/news.google.com\/rss\/articles\/CBMiiwJBVV95cUxPMWF1LUY1SW9nNTJ1QzJuNmVzM2h6R2k0V09naEMwUUdEZXpFcTlxYUtQTW5zRWJrRTVGN2hHam9EaVFPQUlnaElKZkxvTEIybEluZFJJZGFFQno0cVN0SnY5VE82azJXX2liaXVxVDFBdkJwWXVyQlFzM3RMcU1YeUdVU0pzempnZ3pCUjNkd0xPRUdDSTQxbG1UTlRkakd6aGFNRUlHc2EtWER3c3FlV0NFRWxHZk80cnA5UWhjREg3YURMQ3dONUVYN0JfNkpfWVl1Q2pxbHg1TlVoZHJsZm9xcmkzdXNTcFg0NHVYZ1hTaC1ZbmJQWXN4NzdCY2g1ZkJBX0lTZWVGNzA?oc=5\" target=\"_blank\" rel=\"nofollow noopener\">Rumeurs transphobes : \u00ab Humour \u00bb, \u00ab esprit Charlie \u00bb&#8230; Au tribunal, les harceleurs pr\u00e9sum\u00e9s de Brigitte Macron ne l\u00e2chent rien<\/a>&nbsp;&nbsp;Le Parisien<\/li>\n<li><a href=\"https:\/\/news.google.com\/rss\/articles\/CBMijAJBVV95cUxPc3NaaV85OGVyQ2VmRjJkUmF0UmxZOXA0XzBLLWFnN1BWMUszYnN5N3NtR19wSHUxQkQ0bUpST081YTN1R18xZU9KVTVJSVJ5eVpTU2R4bG01MU5MeU42NldVUWZwbm45NlJWdlVfWUhCMUFzR3Y3U1E5MEN1NnppNWo3Zl91LXByQVk0X1R0akJ5LVBMWloxOUR1azZiWFJoUDhyQnE3eFdTUnU0TmttS3YxTDNlTlp4bE9XR05MOFFhNExVc3dSUDZaRkxyUUhuVzFrVDJ1VnYzbzFhUTVzeUhCeXFVaklRcWVvN20wTmlSVGFOV2xWNGp6VGNUMC1zNUlycFloOUZiMW5r?oc=5\" target=\"_blank\" rel=\"nofollow noopener\">\u00abJe suis dans un esprit Charlie\u00bb : au proc\u00e8s de la fake news sur Brigitte Macron, les pr\u00e9venus d\u00e9fendent le droit \u00e0 \u00abl\u2019humour\u00bb et \u00e0 la \u00absatire\u00bb<\/a>&nbsp;&nbsp;Le Figaro<\/li>\n<li><a href=\"https:\/\/news.google.com\/rss\/articles\/CBMiigJBVV95cUxNa183eTdYMFVaS0EyQU8tYWtqM2ZQUmYtSkVLelFpb0F4S1RFZUhIRnluNEd0cVRWVmJva1pIS1FndVZUZjlQTk0yRk14UFRFd1EzSHNVQU53bXh3QjdiRXR1cDR6bEhadFByVmNROGNsSUp4YUlxTzZXaGt1MU9XV09KWkpVV2VNWGNxUmd1RmVrU0dLNzVkckM0a1FpN2lkbzNYVUk5MlRWM2RnNFlXMGVSTHhCdVBGYVZraTYxU0xuSTZTZTRuQUF2ZGlTU1hqQ2VFeTBDWGd2cFdWME5lb1lhNVJyUHNzaUo2WEpCWERlcVEzRmJNSnVXOXIxVWtQYk5ZTXg2eUtiUQ?oc=5\" target=\"_blank\" rel=\"nofollow noopener\">\u00ab\u00a0Zo\u00e9 Sagan\u00a0\u00bb, \u00ab\u00a0Amandine Roy\u00a0\u00bb&#8230; Qui sont les personnes jug\u00e9es pour cyberharc\u00e8lement contre Brigitte Macron ?<\/a>&nbsp;&nbsp;France Info<\/li>\n<li><a href=\"https:\/\/news.google.com\/rss\/articles\/CBMi_AFBVV95cUxOLVk2blFSUWZnVjUzd19BNVpTNkpmXzdmZWd3eFpncUdqUFcwZjVmWFVvamZDcjFQS0s0MjlVSDVtR2s3MDFUUkFvM0tRbVlnWmlqNnIwRlpOVUtPS0hmdnhmR2ExSFhmLXlKeHloQUFaN052cHpYQ056V0g5Y0pjOC1uRkN0WFVCY1BDS1hXeTRvS2dvUU9ndmRaMkdBRXBXdkdNVjB6UUJBcmJscjRBZWkyeDk1cTBzQnVienB0VUh5Rm9qRWJEalhEcTlsVUtjbmthUDh6dkFrNktiaElzTi1NR1ZZZEpmbjNfWElkcXYtUE95ZmlUU2JuZnY?oc=5\" target=\"_blank\" rel=\"nofollow noopener\">Cyberharc\u00e8lement de Brigitte Macron: qu\u2019est-ce que la \u00ab\u00a0transvestigation\u00a0\u00bb, ce proc\u00e9d\u00e9 complotiste visant des personnalit\u00e9s?<\/a>&nbsp;&nbsp;BFMTV<\/li>\n<\/ol>\n","protected":false},"excerpt":{"rendered":"Les auteurs pr\u00e9sum\u00e9s des attaques contre Brigitte Macron minimisent leur r\u00f4le&nbsp;&nbsp;20 Minutes Rumeurs transphobes : \u00ab Humour \u00bb,&hellip;\n","protected":false},"author":2,"featured_media":494312,"comment_status":"","ping_status":"","sticky":false,"template":"","format":"standard","meta":{"footnotes":""},"categories":[4],"tags":[47,11,986,9001,1011,27,662,303,474,12,626,2694,25,12707],"class_list":{"0":"post-494311","1":"post","2":"type-post","3":"status-publish","4":"format-standard","5":"has-post-thumbnail","7":"category-france","8":"tag-actualite","9":"tag-actualites","10":"tag-brigitte-macron","11":"tag-cyberharcelement","12":"tag-fr","13":"tag-france","14":"tag-ile-de-france","15":"tag-justice","16":"tag-liberte-dexpression","17":"tag-news","18":"tag-paris","19":"tag-proces","20":"tag-republique-francaise","21":"tag-transphobie"},"share_on_mastodon":{"url":"https:\/\/pubeurope.com\/@fr\/115449031846524070","error":""},"_links":{"self":[{"href":"https:\/\/www.europesays.com\/fr\/wp-json\/wp\/v2\/posts\/494311","targetHints":{"allow":["GET"]}}],"collection":[{"href":"https:\/\/www.europesays.com\/fr\/wp-json\/wp\/v2\/posts"}],"about":[{"href":"https:\/\/www.europesays.com\/fr\/wp-json\/wp\/v2\/types\/post"}],"author":[{"embeddable":true,"href":"https:\/\/www.europesays.com\/fr\/wp-json\/wp\/v2\/users\/2"}],"replies":[{"embeddable":true,"href":"https:\/\/www.europesays.com\/fr\/wp-json\/wp\/v2\/comments?post=494311"}],"version-history":[{"count":0,"href":"https:\/\/www.europesays.com\/fr\/wp-json\/wp\/v2\/posts\/494311\/revisions"}],"wp:featuredmedia":[{"embeddable":true,"href":"https:\/\/www.europesays.com\/fr\/wp-json\/wp\/v2\/media\/494312"}],"wp:attachment":[{"href":"https:\/\/www.europesays.com\/fr\/wp-json\/wp\/v2\/media?parent=494311"}],"wp:term":[{"taxonomy":"category","embeddable":true,"href":"https:\/\/www.europesays.com\/fr\/wp-json\/wp\/v2\/categories?post=494311"},{"taxonomy":"post_tag","embeddable":true,"href":"https:\/\/www.europesays.com\/fr\/wp-json\/wp\/v2\/tags?post=494311"}],"curies":[{"name":"wp","href":"https:\/\/api.w.org\/{rel}","templated":true}]}}