{"id":494313,"date":"2025-10-28T00:46:20","date_gmt":"2025-10-28T00:46:20","guid":{"rendered":"https:\/\/www.europesays.com\/fr\/494313\/"},"modified":"2025-10-28T00:46:20","modified_gmt":"2025-10-28T00:46:20","slug":"star-academy-fraichement-sorti-du-chateau-mehdi-sen-prend-a-la-production","status":"publish","type":"post","link":"https:\/\/www.europesays.com\/fr\/494313\/","title":{"rendered":"\u00ab\u00a0Star Academy\u00a0\u00bb : fra\u00eechement sorti du ch\u00e2teau, Mehdi s\u2019en prend \u00e0 la production"},"content":{"rendered":"<p>Samedi 25 octobre 2025, le nom du premier candidat \u00e9limin\u00e9 de la nouvelle saison de la <strong><a href=\"https:\/\/www.public.fr\/tag\/star-academy\" target=\"_blank\" rel=\"noopener\">Star Academy<\/a><\/strong> a \u00e9t\u00e9 d\u00e9voil\u00e9. Alors que Th\u00e9o, Ema, et Mehdi, faisaient partie des premiers nomin\u00e9s de l\u2019\u00e9mission de TF1, le troisi\u00e8me a malheureusement<a href=\"https:\/\/www.public.fr\/star-academy-2026-ema-mehdi-ou-theo-le-premier-elimine-de-la-saison-est\" target=\"_blank\" rel=\"noopener\"> vu son aventure prendre fin.\u00a0<\/a><\/p>\n<p>Th\u00e9o a \u00e9t\u00e9 le candidat sauv\u00e9 par le public avant que les candidats du programme de TF1 ne choisissent de garder Ema aux d\u00e9pens de Mehdi. Une d\u00e9cision pas toujours facile \u00e0 accepter <a href=\"https:\/\/www.public.fr\/star-academy-letonnante-reaction-de-mehdi-apres-son-elimination-ses-projets-devoiles\" target=\"_blank\" rel=\"noopener\">pour le candidat \u00e9limin\u00e9<\/a>, d\u2019autant plus que le principal int\u00e9ress\u00e9 a mis ses \u00e9tudes de c\u00f4t\u00e9 pour participer \u00e0 l\u2019aventure.<\/p>\n<p>En effet, le jeune homme originaire d\u2019Avignon se trouvait en classe pr\u00e9paratoire \u00e9conomique et commerciale \u00e0 Lyon, mais a mis de c\u00f4t\u00e9 ses \u00e9tudes pour tenter sa chance \u00e0 la <strong>Star Academy.<\/strong> Si l\u2019aventure n\u2019a pas dur\u00e9 longtemps, il en garde d\u2019excellents souvenirs, m\u00eame s\u2019il aurait aim\u00e9 que <strong>la production diffuse plus d\u2019images de sa complicit\u00e9<\/strong> avec certains de ses camarades.<\/p>\n<p>Des images pas diffus\u00e9es par la production de la \u00ab\u00a0Star Academy\u00a0\u00bb<\/p>\n<p>Dans un entretien accord\u00e9 \u00e0 <a href=\"https:\/\/www.purepeople.com\/article\/exclu-mehdi-star-academy-a-vecu-un-moment-dabsence-apres-lannonce-de-son-depart-il-raconte-ce-quil-sest-passe_a544034\/1\" target=\"_blank\" rel=\"noopener\">Purepeople<\/a>, Mehdi a en effet partag\u00e9 ses regrets concernant sa complicit\u00e9 avec Noah tr\u00e8s peu montr\u00e9e \u00e0 l\u2019\u00e9cran. \u00c0 cause de ce manque \u00ab\u00a0d\u2019informations\u00a0\u00bb, le candidat sortant de la <strong>Star Academy<\/strong> estime que le public n\u2019a pas \u00ab\u00a0compris\u00a0\u00bb sa proximit\u00e9 avec le candidat.<\/p>\n<p>\u00ab\u00a0<strong>\u00c7a n&rsquo;a pas \u00e9t\u00e9 montr\u00e9 et je le regrette<\/strong>, et donc les gens n&rsquo;ont pas compris, mais on \u00e9tait tr\u00e8s proches avec Noah. On ne nous montrait pas souvent, et encore moins \u00e0 deux. Mais<strong> avec Noah, on se conna\u00eet depuis les castings, et il m&rsquo;a beaucoup encourag\u00e9<\/strong>\u00ab\u00a0, r\u00e9v\u00e8le-t-il \u00e0 Purepeople.<\/p>\n<p>De plus, le premier candidat \u00e9limin\u00e9 de cette nouvelle saison de la <strong>Star Academy <\/strong>r\u00e9v\u00e8le que Noah donnerait de sa personne pour la vie en communaut\u00e9 : \u00ab\u00a0Dans le ch\u00e2teau, <strong>on ne le montre pas non plus mais il faisait aussi la cuisine tout le temps, pour 17 personnes<\/strong>, il restait dans la cuisine 2 ou 3h. C\u2019est vraiment un amour et c\u2019est dommage qu\u2019il n\u2019ait pas plus de visibilit\u00e9\u00a0\u00bb, regrette Mehdi.<\/p>\n<p>Le jeune homme donne un autre exemple de candidats pas suffisamment montr\u00e9s \u00e0 l\u2019\u00e9cran, comme Ambre : \u00ab\u00a0Il y a Ambre aussi, avec qui j&rsquo;avais les m\u00eames d\u00e9lires, on a accroch\u00e9 direct. Et puis Sarah, tellement gentille et talentueuse. C&rsquo;est quelqu&rsquo;un en or\u00a0\u00bb.<\/p>\n<p>Mehdi n&rsquo;a pas eu le temps de prendre conscience qu&rsquo;il participait au programme<\/p>\n<p>Malgr\u00e9 ce manque d\u2019images dans les quotidiennes, le jeune artiste ne regrette pas sa participation \u00e0 la <strong>Star Academy<\/strong> mais aurait bien \u00e9videmment pr\u00e9f\u00e9r\u00e9 que son aventure dure plus longtemps.<\/p>\n<p>D\u2019autant plus qu\u2019il n\u2019a pas vraiment eu le temps de r\u00e9aliser. \u00ab\u00a0Au tout premier prime, je n\u2019avais pas de stress parce que je ne r\u00e9alisais pas, <strong>c\u2019\u00e9tait tellement \u00e9norme<\/strong>. J\u2019avais l\u2019impression d\u2019\u00eatre en r\u00e9p\u00e9titions, c\u2019est un r\u00eave qui se r\u00e9alisait et je ne prenais pas la mesure de ce qu\u2019il se passait\u00a0\u00bb, explique-t-il \u00e0 Purepeople.<\/p>\n<p>Avant de conclure : \u00ab\u00a0Et aux \u00e9valuations, j\u2019ai pris une chanson que je connaissais donc je n\u2019avais pas peur, je savais que \u00e7a allait bien se passer. Pour le dernier prime, pareil pas de stress car c\u2019\u00e9tait une chanson que je connaissais tr\u00e8s bien aussi\u00a0\u00bb.<\/p>\n<p>\n          Hits &amp; People en continu\n        <\/p>\n<p>\n          Public Radio\n        <\/p>\n<p>      Mentionn\u00e9s dans cet article<\/p>\n<p>      Sur le m\u00eame sujet<\/p>\n","protected":false},"excerpt":{"rendered":"Samedi 25 octobre 2025, le nom du premier candidat \u00e9limin\u00e9 de la nouvelle saison de la Star Academy&hellip;\n","protected":false},"author":2,"featured_media":494314,"comment_status":"","ping_status":"","sticky":false,"template":"","format":"standard","meta":{"footnotes":""},"categories":[2],"tags":[11,1011,27,12,8131,5095,199],"class_list":{"0":"post-494313","1":"post","2":"type-post","3":"status-publish","4":"format-standard","5":"has-post-thumbnail","7":"category-actualites","8":"tag-actualites","9":"tag-fr","10":"tag-france","11":"tag-news","12":"tag-production","13":"tag-star-academy","14":"tag-tf1"},"share_on_mastodon":{"url":"https:\/\/pubeurope.com\/@fr\/115449035894415758","error":""},"_links":{"self":[{"href":"https:\/\/www.europesays.com\/fr\/wp-json\/wp\/v2\/posts\/494313","targetHints":{"allow":["GET"]}}],"collection":[{"href":"https:\/\/www.europesays.com\/fr\/wp-json\/wp\/v2\/posts"}],"about":[{"href":"https:\/\/www.europesays.com\/fr\/wp-json\/wp\/v2\/types\/post"}],"author":[{"embeddable":true,"href":"https:\/\/www.europesays.com\/fr\/wp-json\/wp\/v2\/users\/2"}],"replies":[{"embeddable":true,"href":"https:\/\/www.europesays.com\/fr\/wp-json\/wp\/v2\/comments?post=494313"}],"version-history":[{"count":0,"href":"https:\/\/www.europesays.com\/fr\/wp-json\/wp\/v2\/posts\/494313\/revisions"}],"wp:featuredmedia":[{"embeddable":true,"href":"https:\/\/www.europesays.com\/fr\/wp-json\/wp\/v2\/media\/494314"}],"wp:attachment":[{"href":"https:\/\/www.europesays.com\/fr\/wp-json\/wp\/v2\/media?parent=494313"}],"wp:term":[{"taxonomy":"category","embeddable":true,"href":"https:\/\/www.europesays.com\/fr\/wp-json\/wp\/v2\/categories?post=494313"},{"taxonomy":"post_tag","embeddable":true,"href":"https:\/\/www.europesays.com\/fr\/wp-json\/wp\/v2\/tags?post=494313"}],"curies":[{"name":"wp","href":"https:\/\/api.w.org\/{rel}","templated":true}]}}