{"id":494315,"date":"2025-10-28T00:47:20","date_gmt":"2025-10-28T00:47:20","guid":{"rendered":"https:\/\/www.europesays.com\/fr\/494315\/"},"modified":"2025-10-28T00:47:20","modified_gmt":"2025-10-28T00:47:20","slug":"a-saint-etienne-tedx-revient-pour-un-nouveau-cycle","status":"publish","type":"post","link":"https:\/\/www.europesays.com\/fr\/494315\/","title":{"rendered":"A Saint-Etienne, TEDx\u00a0revient pour un nouveau cycle"},"content":{"rendered":"<p class=\"is-style-chapo\">La 4\u00e8me \u00e9dition de TEDxSaint-Etienne est de retour au si\u00e8ge du Cr\u00e9dit Agricole, rue Bergson, le 29 novembre. Cette ann\u00e9e, les conf\u00e9rences auront pour th\u00e9matique \u00ab (re)cycles \u00bb, en hommage au pass\u00e9 cycliste de la ville. Huit intervenants auront chacun 18 minutes pour partager leurs id\u00e9es et des r\u00e9flexions avec le public.<\/p>\n<p><img loading=\"lazy\" decoding=\"async\" width=\"1024\" height=\"576\" src=\"https:\/\/www.europesays.com\/fr\/wp-content\/uploads\/2025\/10\/20211217_110124-1024x576.jpg\" alt=\"\" class=\"wp-image-22319\"\/><\/p>\n<p>Il y a quatre ans, le ph\u00e9nom\u00e8ne <a href=\"https:\/\/www.if-saint-etienne.fr\/societe\/a-saint-etienne-tedx-est-de-retour-pour-changer-le-monde\" target=\"_blank\" rel=\"noreferrer noopener\">TEDx<\/a> d\u00e9barquait \u00e0 Saint-Etienne sous l\u2019impulsion de Lili Robert, qui a depuis pass\u00e9 le relais \u00e0 Anne Chaillan. Un concept n\u00e9 en Californie en 1984, et qui a envahi le monde entier avec ses conf\u00e9rences \u00ab\u00a0Technology, entertainment et design\u00a0\u00bb. Son objectif est de mettre en avant \u00ab des id\u00e9es qui m\u00e9ritent d\u2019\u00eatre diffus\u00e9es \u00bb.<\/p>\n<p>La premi\u00e8re \u00e9dition st\u00e9phanoise s\u2019\u00e9tait d\u00e9roul\u00e9e \u00e0 La Fabuleuse Cantine, suivie d\u2019une deuxi\u00e8me au Plan\u00e9tarium et, depuis deux ans, <a href=\"https:\/\/www.ted.com\/tedx\/events\/58381\" target=\"_blank\" rel=\"noreferrer noopener\">TEDxSaint-Etienne<\/a> a pris ses quartiers au si\u00e8ge du Cr\u00e9dit Agricole Loire Haute-Loire, rue Bergson. Cette ann\u00e9e, il se d\u00e9roulera le 29 novembre apr\u00e8s-midi et aura pour th\u00e8me (re)cycles, en clin d\u2019\u0153il au pass\u00e9 de la ville intimement li\u00e9 \u00e0 la petite reine.<\/p>\n<p>Huit intervenants bien pr\u00e9par\u00e9s<\/p>\n<p>Au total, huit speakers donneront une conf\u00e9rence qui ne devra pas exc\u00e9der 18 minutes. Et c\u2019est toute l\u2019ann\u00e9e que la vingtaine de b\u00e9n\u00e9voles qui portent TEDx recherchent ces p\u00e9pites. \u00ab\u00a0Les b\u00e9n\u00e9voles ont des profils diff\u00e9rents et toute l\u2019ann\u00e9e, nous rencontrons tous des personnes que l\u2019on aurait envie d\u2019avoir sur l\u2019\u00e9v\u00e9nement, d\u00e9taille Anne Chaillan. Ensuite on vote tous ensemble pour choisir, avec comme objectif de mettre en avant des personnes qui ne sont pas \u00e0 plus d\u20191h30 de Saint-Etienne. En l\u2019occurrence, cette ann\u00e9e, ils sont tous St\u00e9phanois ou du Forez\u00a0\u00bb. Les organisateurs veillent \u00e9galement \u00e0 la pluralit\u00e9 des profils.<\/p>\n<p>Pour cette \u00e9dition, les visiteurs pourront ainsi \u00e9couter <a href=\"https:\/\/www.if-saint-etienne.fr\/immobilier-vie-juridique\/idee-recue-un-salarie-ne-peut-pas-etre-licencie-pendant-un-arret-maladie\" target=\"_blank\" rel=\"noreferrer noopener\">Pierre Robillard<\/a>, avocat, qui parlera de notre rapport au temps, Laurine Jimenez, photographe, qui expliquera comment le temps fait \u00e9voluer l\u2019image de soi, ou encore M\u00e9lissa Bounouar, doctorante, qui \u00e9voquera les <a href=\"https:\/\/www.if-saint-etienne.fr\/politique-societe\/limites-planetaires-la-ou-le-sud-loire-a-depasse-les-bornes\" target=\"_blank\" rel=\"noreferrer noopener\">limites plan\u00e9taires<\/a> et l\u2019impact de la production.<\/p>\n<p>Coaching renforc\u00e9<\/p>\n<p><a href=\"https:\/\/www.instagram.com\/tedxsaintetienne\/?hl=fr\" target=\"_blank\" rel=\"noreferrer noopener\">TEDxSaint-Etienne<\/a> sera anim\u00e9 par Vivien Laplan, auteur et com\u00e9dien sourd de naissance, afin d\u2019apporter un regard diff\u00e9rent et d\u00e9cal\u00e9 sur le handicap. <\/p>\n<p>Quant aux speakers, ils sont chouchout\u00e9s pendant les neuf mois qui pr\u00e9c\u00e8dent l\u2019\u00e9v\u00e9nement. \u00ab\u00a0C\u2019est un choix que nous avons fait pour pouvoir proposer des interventions de qualit\u00e9, d\u00e9taille Anne Chaillan. Cela passe par des ateliers d\u2019\u00e9criture, du coaching individuel. Nous relisons r\u00e9guli\u00e8rement leur texte. Il y a une partie intense jusqu\u2019\u00e0 l\u2019\u00e9t\u00e9 et durant l\u2019\u00e9t\u00e9, on leur envoie des exercices qui sont souvent utilis\u00e9s au th\u00e9\u00e2tre. Puis, ils assistent \u00e0 une masterclass de la cantatrice Caroline Macphie, pour apprendre \u00e0 se tenir sur sc\u00e8ne. Le jour J, un hypnoth\u00e9rapeute est m\u00eame sur place si besoin, pour leur proposer une s\u00e9ance pour se d\u00e9tendre\u00a0\u00bb. <\/p>\n<p>C\u2019est \u00e0 la <a href=\"https:\/\/www.if-saint-etienne.fr\/breves\/la-maison-scene-nouveau-temple-de-lelectro-dans-la-loire\" target=\"_blank\" rel=\"noreferrer noopener\">Maison Sc\u00e8ne<\/a>, \u00e0 La Fouillouse, qu\u2019ils ont pu r\u00e9p\u00e9ter leurs conf\u00e9rences. Apr\u00e8s Perspectives, Espaces, et Re(s)sources, place \u00e0 (re)cycles.<\/p>\n<p>\t\t\t<script async src=\"\/\/www.instagram.com\/embed.js\"><\/script><\/p>\n","protected":false},"excerpt":{"rendered":"La 4\u00e8me \u00e9dition de TEDxSaint-Etienne est de retour au si\u00e8ge du Cr\u00e9dit Agricole, rue Bergson, le 29 novembre.&hellip;\n","protected":false},"author":2,"featured_media":494316,"comment_status":"","ping_status":"","sticky":false,"template":"","format":"standard","meta":{"footnotes":""},"categories":[9653],"tags":[1111,11,2430,7819,61678,61679,1777,674,1011,27,12,25,4001,61680,61681],"class_list":{"0":"post-494315","1":"post","2":"type-post","3":"status-publish","4":"format-standard","5":"has-post-thumbnail","7":"category-saint-etienne","8":"tag-actu","9":"tag-actualites","10":"tag-auvergne-rhone-alpes","11":"tag-collectif","12":"tag-conferences-tedx","13":"tag-credit-agricole-loire-haute-loire","14":"tag-eu","15":"tag-europe","16":"tag-fr","17":"tag-france","18":"tag-news","19":"tag-republique-francaise","20":"tag-saint-etienne","21":"tag-tedx","22":"tag-tedxsaint-etienne"},"share_on_mastodon":{"url":"https:\/\/pubeurope.com\/@fr\/115449040401177694","error":""},"_links":{"self":[{"href":"https:\/\/www.europesays.com\/fr\/wp-json\/wp\/v2\/posts\/494315","targetHints":{"allow":["GET"]}}],"collection":[{"href":"https:\/\/www.europesays.com\/fr\/wp-json\/wp\/v2\/posts"}],"about":[{"href":"https:\/\/www.europesays.com\/fr\/wp-json\/wp\/v2\/types\/post"}],"author":[{"embeddable":true,"href":"https:\/\/www.europesays.com\/fr\/wp-json\/wp\/v2\/users\/2"}],"replies":[{"embeddable":true,"href":"https:\/\/www.europesays.com\/fr\/wp-json\/wp\/v2\/comments?post=494315"}],"version-history":[{"count":0,"href":"https:\/\/www.europesays.com\/fr\/wp-json\/wp\/v2\/posts\/494315\/revisions"}],"wp:featuredmedia":[{"embeddable":true,"href":"https:\/\/www.europesays.com\/fr\/wp-json\/wp\/v2\/media\/494316"}],"wp:attachment":[{"href":"https:\/\/www.europesays.com\/fr\/wp-json\/wp\/v2\/media?parent=494315"}],"wp:term":[{"taxonomy":"category","embeddable":true,"href":"https:\/\/www.europesays.com\/fr\/wp-json\/wp\/v2\/categories?post=494315"},{"taxonomy":"post_tag","embeddable":true,"href":"https:\/\/www.europesays.com\/fr\/wp-json\/wp\/v2\/tags?post=494315"}],"curies":[{"name":"wp","href":"https:\/\/api.w.org\/{rel}","templated":true}]}}