{"id":494332,"date":"2025-10-28T00:59:23","date_gmt":"2025-10-28T00:59:23","guid":{"rendered":"https:\/\/www.europesays.com\/fr\/494332\/"},"modified":"2025-10-28T00:59:23","modified_gmt":"2025-10-28T00:59:23","slug":"une-famille-risque-lexpulsion-a-cause-de-ses-decorations-dhalloween","status":"publish","type":"post","link":"https:\/\/www.europesays.com\/fr\/494332\/","title":{"rendered":"Une famille risque l\u2019expulsion \u00e0 cause de ses d\u00e9corations d\u2019Halloween"},"content":{"rendered":"<p>\u00c0 Courcelles-l\u00e8s-Lens (Pas-de-Calais), cela fait une trentaine d\u2019ann\u00e9es\u00a0qu\u2019une famille partage sa passion pour Halloween en d\u00e9corant sa maison.\u00a0Une attraction qui attire toujours de nombreux curieux. Mais cette ann\u00e9e, l\u2019ambiance est moins festive. Comme le relate\u00a0<a href=\"https:\/\/actu.fr\/hauts-de-france\/courcelles-les-lens_62249\/pres-de-lens-menace-dexpulsion-petition-vive-polemique-autour-dune-maison-decoree-pour-halloween_63344690.html\" target=\"_blank\" rel=\"noopener\"> Actu Pas-de-Calais <\/a>, les locataires ont inaugur\u00e9 leur \u00ab\u00a0maison de l\u2019horreur\u00a0\u00bb\u00a0dimanche 19\u00a0octobre 2025.<\/p>\n<p><strong>\u00ab\u00a0On s\u2019attendait \u00e0 avoir une cinquantaine de personnes, comme d\u2019habitude. Mais on a accueilli plus de 200\u00a0personnes\u00a0\u00bb<\/strong>, explique le fils, qui affirme que tout s\u2019est bien d\u00e9roul\u00e9 pour autant. Le lendemain, la famille a toutefois re\u00e7u une mauvaise nouvelle\u00a0:\u00a0une mise en demeure de leur bailleur social, qui fait \u00e9tat de plaintes du voisinage pour diverses nuisances.<\/p>\n<\/p>\n<p>Une p\u00e9tition lanc\u00e9e<\/p>\n<p>Le courrier relay\u00e9 par nos confr\u00e8res de\u00a0<a href=\"https:\/\/france3-regions.franceinfo.fr\/hauts-de-france\/pas-calais\/lens\/c-est-du-grand-n-importe-quoi-des-locataires-risquent-l-expulsion-pour-avoir-trop-decore-leur-maison-pour-halloween-3239548.html\" target=\"_blank\" rel=\"noopener\"> France 3\u00a0Hauts-de-France <\/a>\u00a0indique que les\u00a0locataires n\u2019ont pas respect\u00e9 les obligations li\u00e9es au bail. Plusieurs troubles sont \u00e9voqu\u00e9s\u00a0: nuisances sonores, vente ill\u00e9gale de goodies, troubles \u00e0 la circulation, au stationnement, \u00e0 la tranquillit\u00e9 du site et \u00e0 l\u2019ordre public mais aussi utilisation de produits inflammables.<\/p>\n<p>Difficile \u00e0 entendre pour le fils des locataires.\u00a0<strong>\u00ab\u00a0C\u2019est ridicule, aller jusqu\u2019\u00e0 l\u2019expulsion,\u00a0c\u2019est du grand n\u2019importe quoi. Mon objectif, c\u2019\u00e9tait de faire sourire les enfants, les familles\u00a0\u00bb<\/strong>, rappelle-t-il. Le jeune homme a\u00a0lanc\u00e9 une\u00a0p\u00e9tition qui cumule plus de 2\u00a0000\u00a0signatures \u00e0 l\u2019heure o\u00f9 nous \u00e9crivons ces lignes. Sa m\u00e8re devait \u00eatre\u00a0re\u00e7ue par la mairie ce lundi 27\u00a0octobre.<\/p>\n<p>\u00a0<\/p>\n","protected":false},"excerpt":{"rendered":"\u00c0 Courcelles-l\u00e8s-Lens (Pas-de-Calais), cela fait une trentaine d\u2019ann\u00e9es\u00a0qu\u2019une famille partage sa passion pour Halloween en d\u00e9corant sa maison.\u00a0Une&hellip;\n","protected":false},"author":2,"featured_media":494333,"comment_status":"","ping_status":"","sticky":false,"template":"","format":"standard","meta":{"footnotes":""},"categories":[2821],"tags":[1111,11,829,3738,61682,1777,674,5219,652,1011,27,20815,12,584,25,4510],"class_list":{"0":"post-494332","1":"post","2":"type-post","3":"status-publish","4":"format-standard","5":"has-post-thumbnail","7":"category-rennes","8":"tag-actu","9":"tag-actualites","10":"tag-bretagne","11":"tag-cause","12":"tag-decorations","13":"tag-eu","14":"tag-europe","15":"tag-expulsion","16":"tag-famille","17":"tag-fr","18":"tag-france","19":"tag-halloween","20":"tag-news","21":"tag-rennes","22":"tag-republique-francaise","23":"tag-risque"},"share_on_mastodon":{"url":"https:\/\/pubeurope.com\/@fr\/115449086955589178","error":""},"_links":{"self":[{"href":"https:\/\/www.europesays.com\/fr\/wp-json\/wp\/v2\/posts\/494332","targetHints":{"allow":["GET"]}}],"collection":[{"href":"https:\/\/www.europesays.com\/fr\/wp-json\/wp\/v2\/posts"}],"about":[{"href":"https:\/\/www.europesays.com\/fr\/wp-json\/wp\/v2\/types\/post"}],"author":[{"embeddable":true,"href":"https:\/\/www.europesays.com\/fr\/wp-json\/wp\/v2\/users\/2"}],"replies":[{"embeddable":true,"href":"https:\/\/www.europesays.com\/fr\/wp-json\/wp\/v2\/comments?post=494332"}],"version-history":[{"count":0,"href":"https:\/\/www.europesays.com\/fr\/wp-json\/wp\/v2\/posts\/494332\/revisions"}],"wp:featuredmedia":[{"embeddable":true,"href":"https:\/\/www.europesays.com\/fr\/wp-json\/wp\/v2\/media\/494333"}],"wp:attachment":[{"href":"https:\/\/www.europesays.com\/fr\/wp-json\/wp\/v2\/media?parent=494332"}],"wp:term":[{"taxonomy":"category","embeddable":true,"href":"https:\/\/www.europesays.com\/fr\/wp-json\/wp\/v2\/categories?post=494332"},{"taxonomy":"post_tag","embeddable":true,"href":"https:\/\/www.europesays.com\/fr\/wp-json\/wp\/v2\/tags?post=494332"}],"curies":[{"name":"wp","href":"https:\/\/api.w.org\/{rel}","templated":true}]}}